{"id":497021,"date":"2025-10-29T05:45:35","date_gmt":"2025-10-29T05:45:35","guid":{"rendered":"https:\/\/www.europesays.com\/fr\/497021\/"},"modified":"2025-10-29T05:45:35","modified_gmt":"2025-10-29T05:45:35","slug":"nina-buijsman-quitte-la-fdj-suez-actualite","status":"publish","type":"post","link":"https:\/\/www.europesays.com\/fr\/497021\/","title":{"rendered":"Nina Buijsman quitte la FDJ-Suez &#8211; Actualit\u00e9"},"content":{"rendered":"<p data-start=\"48\" data-end=\"209\"><a href=\"https:\/\/www.directvelo.com\/coureur\/19876\/nina-buijsman\" target=\"_blank\" rel=\"noopener\"><strong>Nina Buijsman<\/strong><\/a> retrouvera l\u2019\u00e9quipe\u00a0Human Powered Health en 2026. La puncheuse n\u00e9erlandaise de 27 ans quitte FDJ-SUEZ apr\u00e8s deux saisons pass\u00e9es au sein de la formation fran\u00e7aise.<\/p>\n<p>Moins en vue en 2025, elle a tout de m\u00eame accroch\u00e9 un podium sur la Ronde van Honselersdijk et une 8e place au Wielerweekend Moerdijk, deux \u00e9preuves du calendrier national n\u00e9erlandais. Elle s\u2019est \u00e9galement class\u00e9e 12e de la Picto-Charentaise, 13e du Tour des Pyr\u00e9n\u00e9es, 21e du Tour de l&rsquo;Ard\u00e8che et 27e du Tour de Romandie.<\/p>\n<p>Elle s\u2019\u00e9tait montr\u00e9e plus r\u00e9guli\u00e8re les saisons pr\u00e9c\u00e9dentes, avec notamment une victoire d\u2019\u00e9tape au Tour Cycliste F\u00e9minin International de l\u2019Ard\u00e8che en 2024 et une 3e place sur la Cadel Evans Great Ocean Road Race 2023.<\/p>\n<p>Avant son passage chez FDJ-SUEZ, Nina Buijsman avait port\u00e9 les couleurs de Parkhotel Valkenburg entre 2017 et 2021 et donc de Human Powered Health en 2022 et 2023.<\/p>\n<p>Retrouvez tous les transferts du peloton f\u00e9minin\u00a0<strong><a href=\"https:\/\/www.directvelo.com\/mutations\/2026#teams-women\" target=\"_blank\" rel=\"noopener\">en cliquant ici<\/a><\/strong>.<\/p>\n","protected":false},"excerpt":{"rendered":"Nina Buijsman retrouvera l\u2019\u00e9quipe\u00a0Human Powered Health en 2026. La puncheuse n\u00e9erlandaise de 27 ans quitte FDJ-SUEZ apr\u00e8s deux&hellip;\n","protected":false},"author":2,"featured_media":497022,"comment_status":"","ping_status":"","sticky":false,"template":"","format":"standard","meta":{"footnotes":""},"categories":[1411],"tags":[834,828,836,829,837,827,83,826,824,823,1154,207,814,817,815,816,822,821,832,211,839,1011,27,820,818,819,835,831,830,833,838,60,212,208,825],"class_list":{"0":"post-497021","1":"post","2":"type-post","3":"status-publish","4":"format-standard","5":"has-post-thumbnail","7":"category-cyclisme","8":"tag-attaque","9":"tag-belgique","10":"tag-braquet","11":"tag-bretagne","12":"tag-chute","13":"tag-competition","14":"tag-coupe-de-france","15":"tag-coureur","16":"tag-course-cyclisme","17":"tag-course-cycliste","18":"tag-cycling","19":"tag-cyclisme","20":"tag-direct","21":"tag-direct-velo","22":"tag-directvelo","23":"tag-directvelo-com","24":"tag-epreuve","25":"tag-epreuve-cycliste","26":"tag-federation-francaise-de-cyclisme","27":"tag-ffc","28":"tag-flandres","29":"tag-fr","30":"tag-france","31":"tag-live","32":"tag-live-course","33":"tag-live-epreuve","34":"tag-peloton","35":"tag-radio-peloton","36":"tag-radio-tour","37":"tag-ravitaillement","38":"tag-relance","39":"tag-sports","40":"tag-uci","41":"tag-velo","42":"tag-velos"},"share_on_mastodon":{"url":"https:\/\/pubeurope.com\/@fr\/115455873715391418","error":""},"_links":{"self":[{"href":"https:\/\/www.europesays.com\/fr\/wp-json\/wp\/v2\/posts\/497021","targetHints":{"allow":["GET"]}}],"collection":[{"href":"https:\/\/www.europesays.com\/fr\/wp-json\/wp\/v2\/posts"}],"about":[{"href":"https:\/\/www.europesays.com\/fr\/wp-json\/wp\/v2\/types\/post"}],"author":[{"embeddable":true,"href":"https:\/\/www.europesays.com\/fr\/wp-json\/wp\/v2\/users\/2"}],"replies":[{"embeddable":true,"href":"https:\/\/www.europesays.com\/fr\/wp-json\/wp\/v2\/comments?post=497021"}],"version-history":[{"count":0,"href":"https:\/\/www.europesays.com\/fr\/wp-json\/wp\/v2\/posts\/497021\/revisions"}],"wp:featuredmedia":[{"embeddable":true,"href":"https:\/\/www.europesays.com\/fr\/wp-json\/wp\/v2\/media\/497022"}],"wp:attachment":[{"href":"https:\/\/www.europesays.com\/fr\/wp-json\/wp\/v2\/media?parent=497021"}],"wp:term":[{"taxonomy":"category","embeddable":true,"href":"https:\/\/www.europesays.com\/fr\/wp-json\/wp\/v2\/categories?post=497021"},{"taxonomy":"post_tag","embeddable":true,"href":"https:\/\/www.europesays.com\/fr\/wp-json\/wp\/v2\/tags?post=497021"}],"curies":[{"name":"wp","href":"https:\/\/api.w.org\/{rel}","templated":true}]}}