{"id":497025,"date":"2025-10-29T05:48:17","date_gmt":"2025-10-29T05:48:17","guid":{"rendered":"https:\/\/www.europesays.com\/fr\/497025\/"},"modified":"2025-10-29T05:48:17","modified_gmt":"2025-10-29T05:48:17","slug":"cyril-lignac-devient-le-nouveau-frederic-lopez-cest-officiel","status":"publish","type":"post","link":"https:\/\/www.europesays.com\/fr\/497025\/","title":{"rendered":"Cyril Lignac devient le nouveau Fr\u00e9d\u00e9ric Lopez, c\u2019est officiel"},"content":{"rendered":"<p><a href=\"https:\/\/www.public.fr\/tag\/frederic-lopez\" target=\"_blank\" rel=\"noopener\">Fr\u00e9d\u00e9ric Lopez<\/a> n\u2019a qu\u2019\u00e0 bien se tenir, Cyril Lignac arrive ! Non, le c\u00e9l\u00e8bre chef ne va pas lui chiper sa place <a href=\"https:\/\/www.public.fr\/un-dimanche-a-la-campagne-quels-sont-les-invites-de-frederic-lopez-ce-dimanche-2-novembre\" target=\"_blank\" rel=\"noopener\">dans <strong>Un dimanche \u00e0 la campagne<\/strong><\/a>. N\u00e9anmoins, celui-ci va lancer un nouveau concept sur M6 qui va ressembler \u00e0 l\u2019\u00e9mission qu\u2019il pr\u00e9sente chaque dimanche sur France 2, et qui poss\u00e8de presque le m\u00eame nom que le programme qu\u2019il a laiss\u00e9 \u00e0<a href=\"https:\/\/www.public.fr\/tag\/laury-thilleman\" target=\"_blank\" rel=\"noopener\"> Laury Thilleman<\/a> : <strong>Rendez-vous en terre inconnue<\/strong>.<\/p>\n<p>En effet, d\u2019ici quelques semaines, Cyril Lignac va pr\u00e9senter une nouvelle \u00e9mission intitul\u00e9e <strong>Rendez-vous chez Cyril Lignac<\/strong> comme l\u2019a annonc\u00e9 M6 ce mardi 28 octobre 2025 sur ses r\u00e9seaux sociaux.<\/p>\n<p>Le chef va recevoir trois personnalit\u00e9s chez lui<\/p>\n<p>\u00ab\u00a0Cyril Lignac <strong>accueille chez lui trois personnalit\u00e9s pour une soir\u00e9e plac\u00e9e sous le signe de la cuisine et des confidences<\/strong>. \u00c0 travers des plats qui ont marqu\u00e9 leur enfance ou leur parcours, Cyril d\u00e9couvre ses invit\u00e9s autrement : plus intimes, plus vrais, comme on ne les a jamais vus\u00a0\u00bb, pr\u00e9cise la cha\u00eene au sujet de ce nouveau concept.<\/p>\n<p>Les t\u00e9l\u00e9spectateurs de la Six vont devoir patienter quelques semaines avant de d\u00e9couvrir ce nouveau concept. En effet, la cha\u00eene indique que <strong>le premier \u00e9pisode<\/strong> de <strong>Rendez-vous chez Cyril Lignac<\/strong> sera diffus\u00e9 en novembre. Plus pr\u00e9cis\u00e9ment, le 20 novembre \u00ab\u00a0\u00e0 23:20 sur M6 et en streaming sur M6+\u00a0\u00bb.<br \/>Si le concept et le nom font penser \u00e0 l\u2019\u00e9mission de Fr\u00e9d\u00e9ric Lopez ce n\u2019est pas vraiment par hasard. En effet, l\u2019animateur de France T\u00e9l\u00e9visions r\u00e9v\u00e9lait r\u00e9cemment en conf\u00e9rence de presse, comme le souligne T\u00e9l\u00e9-Loisirs, que le chef l\u2019avait appel\u00e9 <a href=\"https:\/\/www.public.fr\/cyril-lignac-a-lautre-bout-du-monde-il-revele-lun-des-plus-gros-secrets-de-sa-famille\" target=\"_blank\" rel=\"noopener\">apr\u00e8s son passage<\/a> dans Un dimanche \u00e0 la campagne.<\/p>\n<p>Un concept n\u00e9 d&rsquo;une conversation entre Fr\u00e9d\u00e9ric Lopez et Cyril Lignac<\/p>\n<p>\u00ab\u00a0<strong>Cyril est venu dans\u00a0Un dimanche \u00e0 la campagne\u00a0et il m\u2019appelle 2-3 jours plus tard<\/strong> pour me dire <strong>&lsquo;il faut qu\u2019on fasse un truc ensemble, j\u2019adore tes \u00e9quipes\u2019<\/strong>. J\u2019ai le souvenir d\u2019avoir dit cette phrase entre deux s\u00e9quences, je le regarde dans les yeux et je lui dis :\u00a0&lsquo;C\u2019est marrant, je crois que je ne t\u2019inviterai jamais \u00e0 d\u00eener&rsquo;.\u00a0Je n\u2019ai jamais cuisin\u00e9 pour un chef et je trouve \u00e7a tr\u00e8s rigolo dans\u00a0Un dimanche \u00e0 la campagne, quand je vois la pression que se mettent mes invit\u00e9s alors que ce n\u2019est pas le sujet de l\u2019\u00e9mission, ils viennent de faire Bercy et l\u00e0 ils font une tarte aux pommes et ils ont une trouille incroyable. Je me suis dit :<strong>\u00a0&lsquo;Qu\u2019est-ce qu\u2019il se passerait si des personnalit\u00e9s cuisinaient pour Cyril ?&rsquo;<\/strong>. On a travaill\u00e9 ensemble l\u00e0-dessus\u00a0\u00bb, r\u00e9v\u00e9lait Fr\u00e9d\u00e9ric Lopez.<\/p>\n<p>\u00c0 quoi Cyril Lignac r\u00e9pondait :\u00a0\u00ab\u00a0J\u2019adore Fred, il est brillantissime, moi j\u2019aime l\u2019\u00e9motion, comprendre, je suis curieux, j\u2019aime discuter. C\u2019est super parce qu\u2019on d\u00e9couvre la cuisine, on partage, on donne des conseils. C\u2019est <strong>un autre prisme d\u2019une \u00e9mission qui n\u2019a jamais \u00e9t\u00e9 faite<\/strong>\u00ab\u00a0.\u00a0<\/p>\n<p>Le concept de <strong>Rendez-vous chez Cyril Lignac<\/strong> a donc vu le jour gr\u00e2ce \u00e0 une conversation entre les deux principaux int\u00e9ress\u00e9s. Mais Fr\u00e9d\u00e9ric Lopez l\u2019a promis, <strong>\u00ab\u00a0Cyril va faire du Cyril\u00a0\u00bb <\/strong>: \u00ab\u00a0il a mille questions sur la cuisine et sur leur vie parce que d\u00e8s qu\u2019on parle d\u2019un plat on parle de sa famille, on parle de ses valeurs. C\u2019est une porte d\u2019entr\u00e9e extraordinaire. Personne ne l\u2019a jamais vu dans cet exercice, lui non plus, c\u2019\u00e9tait un petit saut dans le vide\u00a0\u00bb.<\/p>\n<blockquote class=\"twitter-tweet\">\n<p>.<a href=\"https:\/\/twitter.com\/cyril_lignac?ref_src=twsrc%5Etfw\" target=\"_blank\" rel=\"noopener\">@cyril_lignac<\/a> accueille chez lui trois personnalit\u00e9s pour une soir\u00e9e plac\u00e9e sous le signe de la cuisine et des confidences. \u00c0 travers des plats qui ont marqu\u00e9 leur enfance ou leur parcours, Cyril d\u00e9couvre ses invit\u00e9s autrement : plus intimes, plus vrais, comme on ne les a jamais\u2026 <a href=\"https:\/\/t.co\/iFXjbXUTkE\">pic.twitter.com\/iFXjbXUTkE<\/a><\/p>\n<p>\u2014 M6 (@M6) <a href=\"https:\/\/twitter.com\/M6\/status\/1983160983137685536?ref_src=twsrc%5Etfw\" target=\"_blank\" rel=\"noopener\">October 28, 2025<\/a><\/p><\/blockquote>\n<p>\n          Hits &amp; People en continu\n        <\/p>\n<p>\n          Public Radio\n        <\/p>\n<p>      Mentionn\u00e9s dans cet article<\/p>\n<p>      Sur le m\u00eame sujet<\/p>\n<p>  <script async src=\"https:\/\/platform.twitter.com\/widgets.js\" charset=\"utf-8\"><\/script><\/p>\n","protected":false},"excerpt":{"rendered":"Fr\u00e9d\u00e9ric Lopez n\u2019a qu\u2019\u00e0 bien se tenir, Cyril Lignac arrive ! Non, le c\u00e9l\u00e8bre chef ne va pas&hellip;\n","protected":false},"author":2,"featured_media":497026,"comment_status":"","ping_status":"","sticky":false,"template":"","format":"standard","meta":{"footnotes":""},"categories":[1359],"tags":[46556,58,59,1011,27,9481,35154,973,9482,55474],"class_list":{"0":"post-497025","1":"post","2":"type-post","3":"status-publish","4":"format-standard","5":"has-post-thumbnail","7":"category-people","8":"tag-cyril-lignac","9":"tag-divertissement","10":"tag-entertainment","11":"tag-fr","12":"tag-france","13":"tag-frederic-lopez","14":"tag-laury-thilleman","15":"tag-people","16":"tag-rendez-vous-en-terre-inconnue","17":"tag-un-dimanche-a-la-campagne"},"share_on_mastodon":{"url":"https:\/\/pubeurope.com\/@fr\/115455885662962550","error":""},"_links":{"self":[{"href":"https:\/\/www.europesays.com\/fr\/wp-json\/wp\/v2\/posts\/497025","targetHints":{"allow":["GET"]}}],"collection":[{"href":"https:\/\/www.europesays.com\/fr\/wp-json\/wp\/v2\/posts"}],"about":[{"href":"https:\/\/www.europesays.com\/fr\/wp-json\/wp\/v2\/types\/post"}],"author":[{"embeddable":true,"href":"https:\/\/www.europesays.com\/fr\/wp-json\/wp\/v2\/users\/2"}],"replies":[{"embeddable":true,"href":"https:\/\/www.europesays.com\/fr\/wp-json\/wp\/v2\/comments?post=497025"}],"version-history":[{"count":0,"href":"https:\/\/www.europesays.com\/fr\/wp-json\/wp\/v2\/posts\/497025\/revisions"}],"wp:featuredmedia":[{"embeddable":true,"href":"https:\/\/www.europesays.com\/fr\/wp-json\/wp\/v2\/media\/497026"}],"wp:attachment":[{"href":"https:\/\/www.europesays.com\/fr\/wp-json\/wp\/v2\/media?parent=497025"}],"wp:term":[{"taxonomy":"category","embeddable":true,"href":"https:\/\/www.europesays.com\/fr\/wp-json\/wp\/v2\/categories?post=497025"},{"taxonomy":"post_tag","embeddable":true,"href":"https:\/\/www.europesays.com\/fr\/wp-json\/wp\/v2\/tags?post=497025"}],"curies":[{"name":"wp","href":"https:\/\/api.w.org\/{rel}","templated":true}]}}