{"id":497035,"date":"2025-10-29T05:54:15","date_gmt":"2025-10-29T05:54:15","guid":{"rendered":"https:\/\/www.europesays.com\/fr\/497035\/"},"modified":"2025-10-29T05:54:15","modified_gmt":"2025-10-29T05:54:15","slug":"la-belgique-enregistre-ses-premiers-cas-dun-virus-exotique-tres-dangereux","status":"publish","type":"post","link":"https:\/\/www.europesays.com\/fr\/497035\/","title":{"rendered":"La Belgique enregistre ses premiers cas d&rsquo;un virus exotique \u00ab\u00a0tr\u00e8s dangereux\u00a0\u00bb"},"content":{"rendered":"<p><a href=\"\" target=\"_blank\" rel=\"noopener noreferrer\" class=\"ap-StoryInterstitialLink ap-StoryElement ap-StoryElement--mb js-paywall-target\">Face \u00e0 ce ph\u00e9nom\u00e8ne mortel, la Belgique fait partie des pays les plus fragiles\u00a0: \u00ab\u00a0Nous devons nous adapter \u00e0 une nouvelle menace\u00a0\u00bb<\/a><\/p>\n<p class=\"text-left ap-StoryElement ap-StoryElement--mb ap-StoryText\">Par exemple, ces bact\u00e9ries qui occasionnent ces fasciites n\u00e9crosantes se multiplie dans le sud des \u00c9tats-Unis. En Belgique, \u00ab\u00a0fin 2022 et d\u00e9but 2023, nous avons observ\u00e9 un pic important de cas de fasciite n\u00e9crosante. Depuis, les chiffres ont nettement diminu\u00e9. Ils restent toutefois l\u00e9g\u00e8rement sup\u00e9rieurs \u00e0 ceux enregistr\u00e9s (ou rapport\u00e9s) avant cette p\u00e9riode, mais cela peut s&rsquo;expliquer par une vigilance accrue depuis ce pic. Quoi qu&rsquo;il en soit, le nombre actuel de cas de fasciite n\u00e9crosante en Belgique n&rsquo;est pas pr\u00e9occupant\u00a0\u00bb, rassure l&rsquo;experte de Sciensano Laura Cornelissen<\/p>\n<p>Fi\u00e8vre du Nil occidental<\/p>\n<p class=\"text-left ap-StoryElement ap-StoryElement--mb ap-StoryText\">En revanche, en ao\u00fbt 2025, notre pays a enregistr\u00e9 de son c\u00f4t\u00e9 ses premiers cas de virus du Nil occidental, dans trois oiseaux sauvages, \u00e0 diff\u00e9rents endroits de Flandre. \u00ab\u00a0Nous constatons une augmentation des environnements propices \u00e0 la transmission du virus du Nil occidental. Nous constatons une expansion g\u00e9ographique de la transmission du virus, confirme Marina Romanello \u00e0 La Libre. La maladie est transmise par des moustiques qui la contractent par les oiseaux, qui sont les h\u00f4tes du virus. Or, l&rsquo;aire de r\u00e9partition du vecteur, le moustique Culex, s&rsquo;\u00e9tend. Nous observons clairement que cela se produit dans toute l&rsquo;Europe. C&rsquo;est une maladie tr\u00e8s dangereuse, car elle entra\u00eene des affections c\u00e9r\u00e9brales : enc\u00e9phalite, m\u00e9ningite\u2026 Dans leurs formes les plus graves, ces maladies peuvent \u00eatre mortelles.\u00a0\u00bb<\/p>\n<p><a href=\"https:\/\/www.lalibre.be\/planete\/sante\/2024\/02\/14\/ce-virus-est-une-nouvelle-menace-pour-la-sante-publique-en-europe-et-cest-deja-une-realite-pour-les-belges-VV2NQ32MWND6NA3XPXU7QJPBPE\/\" target=\"_blank\" rel=\"noopener noreferrer nofollow\" class=\"ap-StoryInterstitialLink ap-StoryElement ap-StoryElement--mb\">\u00ab\u00a0Ce virus est une nouvelle menace pour la sant\u00e9 publique en Europe. Et c&rsquo;est d\u00e9j\u00e0 une r\u00e9alit\u00e9 pour les Belges\u00a0\u00bb<\/a><\/p>\n<p class=\"text-left ap-StoryElement ap-StoryElement--mb ap-StoryText\">Quelles mesures prendre face au d\u00e9veloppement en Europe de cette maladie, d\u00e9couverte \u00e0 l&rsquo;origine en Ouganda ? \u00ab\u00a0La surveillance est tr\u00e8s importante. Des efforts sont d\u00e9ploy\u00e9s en Europe pour surveiller les moustiques. Cela permet d&rsquo;identifier quand le moustique s&rsquo;est \u00e9tabli et o\u00f9 le risque de transmission pourrait se situer localement. La surveillance de la maladie, bien s\u00fbr, et la pr\u00e9paration du syst\u00e8me de sant\u00e9 \u00e0 la g\u00e9rer sont essentielles pour un traitement pr\u00e9coce. Il est en effet difficile d&rsquo;en contr\u00f4ler la propagation.\u00a0\u00bb<\/p>\n<p>Vigilance chez les chevaux<\/p>\n<p class=\"text-left ap-StoryElement ap-StoryElement--mb ap-StoryText\">En Belgique, le moustique Culex est d\u00e9j\u00e0 pr\u00e9sent, mais la hausse des temp\u00e9ratures pourrait <a href=\"https:\/\/www.lalibre.be\/planete\/sante\/2024\/02\/14\/ce-virus-est-une-nouvelle-menace-pour-la-sante-publique-en-europe-et-cest-deja-une-realite-pour-les-belges-VV2NQ32MWND6NA3XPXU7QJPBPE\/\" target=\"_self\" rel=\"nofollow noopener\">le favoriser \u00e0 l&rsquo;avenir<\/a>, en m\u00eame temps que la r\u00e9plication du virus, selon les climatologues et \u00e9pid\u00e9miologistes. \u00ab\u00a0Il est difficile d&rsquo;affirmer que le changement climatique a jou\u00e9 un r\u00f4le dans cette introduction sp\u00e9cifique du virus, car de multiples facteurs ont \u00e9t\u00e9 identifi\u00e9s pour expliquer le nombre croissant d&rsquo;incursions de maladies \u00e0 transmission vectorielle observ\u00e9es dans de nouvelles zones ces derni\u00e8res ann\u00e9es, estiment les experts de l&rsquo;institut de sant\u00e9 publique Sciensano. Il est cependant clair que les variations de temp\u00e9rature et de pr\u00e9cipitations dues au changement climatique cr\u00e9ent des conditions favorables \u00e0 la transmission locale de maladies transmises par les moustiques comme le virus. Des \u00e9t\u00e9s plus chauds et des saisons d&rsquo;infestation plus longues permettent au virus de circuler plus longtemps. Des temp\u00e9ratures plus \u00e9lev\u00e9es acc\u00e9l\u00e8rent \u00e9galement le cycle de vie et la survie du moustique vecteur, entra\u00eenant une plus grande abondance du vecteur et raccourcissant le cycle de r\u00e9plication virale chez les moustiques. Ainsi, si le changement climatique n&rsquo;est pas le seul facteur, il contribue \u00e0 cr\u00e9er des conditions environnementales qui rendent la transmission du virus plus probable et plus durable dans les r\u00e9gions nordiques, dont la Belgique.\u00a0\u00bb<\/p>\n<p class=\"text-left ap-StoryElement ap-StoryElement--mb ap-StoryText\">Chez nous, les v\u00e9t\u00e9rinaires ont \u00e9t\u00e9 appel\u00e9s par l&rsquo;Agence f\u00e9d\u00e9rale pour la s\u00e9curit\u00e9 de la cha\u00eene alimentaire (Afsca) \u00e0 surveiller les comportements des chevaux, car comme les humains, les \u00e9quid\u00e9s peuvent \u00eatre contamin\u00e9s par ce virus (mais ne peuvent pas le transmettre). Les propri\u00e9taires sont invit\u00e9s \u00e0 vacciner d\u00e8s \u00e0 pr\u00e9sent leurs chevaux, \u00e0 les prot\u00e9ger contre les moustiques, et \u00e0 supprimer les eaux stagnantes.<\/p>\n<p><a href=\"https:\/\/www.lalibre.be\/planete\/environnement\/2023\/07\/21\/ici-nous-nous-trouvons-dans-lune-des-zones-les-plus-dangereuses-du-monde-pour-lemergence-dune-nouvelle-pandemie-C56UERNVIJGUVJVE34X3Y3V7WA\/\" target=\"_blank\" rel=\"noopener noreferrer nofollow\" class=\"ap-StoryInterstitialLink ap-StoryElement ap-StoryElement--mb\">\u00ab\u00a0Ici, nous nous trouvons dans l&rsquo;une des zones les plus dangereuses du monde pour l&rsquo;\u00e9mergence d&rsquo;une nouvelle pand\u00e9mie\u00a0\u00bb<\/a><\/p>\n<p class=\"text-left ap-StoryElement ap-StoryElement--mb ap-StoryText\">La maladie est aussi \u00e0 d\u00e9claration obligatoire et les oiseaux font l&rsquo;objet <a href=\"https:\/\/static.favv.be\/newsletters-vt-da\/newsletter521_fr.asp\" target=\"_self\" rel=\"nofollow noopener\">d&rsquo;un monitoring<\/a>. \u00ab\u00a0\u00c9tant donn\u00e9 qu&rsquo;il s&rsquo;agit d&rsquo;une zoonose, nous sommes conscients \u2013 et quelque peu pr\u00e9occup\u00e9s \u2013 des cons\u00e9quences potentielles qu&rsquo;elle peut avoir, admet l&rsquo;Afsca. Les oiseaux sauvages constituant le principal r\u00e9servoir du virus, il est possible que celui-ci soit d\u00e9j\u00e0 largement r\u00e9pandu. La saison des moustiques \u00e9tant maintenant termin\u00e9e, on peut estimer avec une certaine prudence que peu ou pas de nouveaux cas appara\u00eetront dans les prochains mois. Toutefois, il est possible que des cas r\u00e9apparaissent d\u00e8s l&rsquo;\u00e9t\u00e9 prochain.\u00a0\u00bb<\/p>\n<p class=\"text-left ap-StoryElement ap-StoryElement--mb ap-StoryText\">Ce que confirme Sciensano : \u00ab\u00a0Le risque imm\u00e9diat pour l&rsquo;homme est actuellement faible, l&rsquo;activit\u00e9 des moustiques \u00e9tant minimale et en d\u00e9clin, comme pr\u00e9vu pour cette p\u00e9riode de l&rsquo;ann\u00e9e. Cependant, la d\u00e9tection chez les oiseaux sauvages indique que le virus circule dans l&rsquo;\u00e9cosyst\u00e8me local et pourrait \u00eatre transmis par des moustiques (esp\u00e8ces Culex). Cela signifie qu&rsquo;au cours des prochaines saisons de moustiques, le virus pourrait r\u00e9appara\u00eetre ou circuler \u00e0 nouveau, augmentant ainsi le risque de transmission locale aux humains, aux oiseaux et aux chevaux. Nous devons donc rester vigilants et pr\u00e9par\u00e9s \u00e0 l&rsquo;\u00e9mergence possible de cas autochtones dans un avenir proche\u00a0\u00bb.<\/p>\n","protected":false},"excerpt":{"rendered":"Face \u00e0 ce ph\u00e9nom\u00e8ne mortel, la Belgique fait partie des pays les plus fragiles\u00a0: \u00ab\u00a0Nous devons nous adapter&hellip;\n","protected":false},"author":2,"featured_media":497036,"comment_status":"","ping_status":"","sticky":false,"template":"","format":"standard","meta":{"footnotes":""},"categories":[10],"tags":[10652,13967,61938,21453,1011,27,12197,61941,72,11043,36076,6339,8701,1476,61940,61939,9532,10680,71,26590],"class_list":{"0":"post-497035","1":"post","2":"type-post","3":"status-publish","4":"format-standard","5":"has-post-thumbnail","7":"category-sante","8":"tag-bloc","9":"tag-chirurgien","10":"tag-chrirurgie","11":"tag-docteur","12":"tag-fr","13":"tag-france","14":"tag-greffe","15":"tag-greffon","16":"tag-health","17":"tag-illustration","18":"tag-malade","19":"tag-medecin","20":"tag-medical","21":"tag-operation","22":"tag-operatoire","23":"tag-organe","24":"tag-patient","25":"tag-rein","26":"tag-sante","27":"tag-urologie"},"share_on_mastodon":{"url":"https:\/\/pubeurope.com\/@fr\/115455909170687654","error":""},"_links":{"self":[{"href":"https:\/\/www.europesays.com\/fr\/wp-json\/wp\/v2\/posts\/497035","targetHints":{"allow":["GET"]}}],"collection":[{"href":"https:\/\/www.europesays.com\/fr\/wp-json\/wp\/v2\/posts"}],"about":[{"href":"https:\/\/www.europesays.com\/fr\/wp-json\/wp\/v2\/types\/post"}],"author":[{"embeddable":true,"href":"https:\/\/www.europesays.com\/fr\/wp-json\/wp\/v2\/users\/2"}],"replies":[{"embeddable":true,"href":"https:\/\/www.europesays.com\/fr\/wp-json\/wp\/v2\/comments?post=497035"}],"version-history":[{"count":0,"href":"https:\/\/www.europesays.com\/fr\/wp-json\/wp\/v2\/posts\/497035\/revisions"}],"wp:featuredmedia":[{"embeddable":true,"href":"https:\/\/www.europesays.com\/fr\/wp-json\/wp\/v2\/media\/497036"}],"wp:attachment":[{"href":"https:\/\/www.europesays.com\/fr\/wp-json\/wp\/v2\/media?parent=497035"}],"wp:term":[{"taxonomy":"category","embeddable":true,"href":"https:\/\/www.europesays.com\/fr\/wp-json\/wp\/v2\/categories?post=497035"},{"taxonomy":"post_tag","embeddable":true,"href":"https:\/\/www.europesays.com\/fr\/wp-json\/wp\/v2\/tags?post=497035"}],"curies":[{"name":"wp","href":"https:\/\/api.w.org\/{rel}","templated":true}]}}