{"id":497045,"date":"2025-10-29T06:02:18","date_gmt":"2025-10-29T06:02:18","guid":{"rendered":"https:\/\/www.europesays.com\/fr\/497045\/"},"modified":"2025-10-29T06:02:18","modified_gmt":"2025-10-29T06:02:18","slug":"frappes-a-gaza-otages-ce-que-lon-sait-de-lescalade-des-violences-entre-israel-et-le-hamas","status":"publish","type":"post","link":"https:\/\/www.europesays.com\/fr\/497045\/","title":{"rendered":"Frappes \u00e0 Gaza, otages\u2026 Ce que l\u2019on sait de l\u2019escalade des violences entre Isra\u00ebl et le Hamas"},"content":{"rendered":"<p>        <img decoding=\"async\" loading=\"lazy\" src=\"https:\/\/www.europesays.com\/fr\/wp-content\/uploads\/2025\/10\/1ecc2c5_upload-1-vrk2v3dlcsjo-afp-20251028-aa-28102025-2491731-v1-midres-debrisremovalworkcontinuesi.jpeg\"  width=\"728\" height=\"410\" alt=\"Cette photo prise \u00e0 Gaza le 28\u00a0octobre montre des Palestiniens qui tentent de d\u00e9blayer les d\u00e9combres des b\u00e2timents d\u00e9truits par les attaques isra\u00e9liennes.\"\/>  <\/p>\n<p>MOHAMMED ESLAYEH \/ Anadolu via AFP<\/p>\n<p>Cette photo prise \u00e0 Gaza le 28\u00a0octobre montre des Palestiniens qui tentent de d\u00e9blayer les d\u00e9combres des b\u00e2timents d\u00e9truits par les attaques isra\u00e9liennes.<\/p>\n<p class=\"asset asset-text\">INTERNATIONAL &#8211; Une tr\u00eave plus que jamais en p\u00e9ril. Isra\u00ebl a men\u00e9 ce mardi 28\u00a0octobre au soir des <a href=\"https:\/\/www.huffingtonpost.fr\/international\/article\/netanyahu-accuse-le-hamas-de-violer-la-treve-et-ordonne-des-frappes-immediates-sur-gaza_256518.html\" target=\"_blank\" rel=\"noopener\">frappes meurtri\u00e8res dans la bande de Gaza<\/a>, en accusant<a href=\"https:\/\/www.huffingtonpost.fr\/international\/article\/guerre-a-gaza-le-hamas-a-restitue-a-israel-la-depouille-d-un-16eme-otage_256471.html\" target=\"_blank\" rel=\"noopener\"> le Hamas<\/a>, qui d\u00e9ment, d\u2019avoir attaqu\u00e9 ses soldats. Le mouvement islamiste a annonc\u00e9 dans la foul\u00e9e le report de la restitution d\u2019une d\u00e9pouille d\u2019otage. Les deux camps s\u2019accusent mutuellement de violer l\u2019accord de cessez-le-feu.<\/p>\n<p class=\"asset asset-text\">La D\u00e9fense civile, op\u00e9rant sous l\u2019autorit\u00e9 du Hamas, a annonc\u00e9 une dizaine de morts dans les frappes isra\u00e9liennes dans le nord et le sud du territoire palestinien.<\/p>\n<p class=\"asset asset-text\">Le HuffPost fait le point sur les bombardements isra\u00e9liens, les accusations de chaque camp, et les principales r\u00e9actions.<\/p>\n<p>    Frappes sur un appartement, un h\u00f4pital\u2026    <\/p>\n<p class=\"asset asset-text\">La D\u00e9fense civile a fait \u00e9tat d\u2019au moins trente morts. Une frappe isra\u00e9lienne a touch\u00e9 un \u00ab\u00a0v\u00e9hicule civil (&#8230;) \u00e0 Khan Youn\u00e8s, dans le sud de la bande de Gaza\u00a0\u00bb et a tu\u00e9 \u00ab\u00a0au moins cinq civils\u00a0\u00bb dont \u00ab\u00a0deux enfants et une femme\u00a0\u00bb, a indiqu\u00e9 \u00e0 l\u2019AFP Mahmoud Bassal, le porte-parole de cette organisation de secours.<\/p>\n<p class=\"asset asset-text\">Un bombardement ayant vis\u00e9 un appartement a fait en outre deux morts, dont un enfant, et plusieurs bless\u00e9s dans le quartier Amal, \u00e0 l\u2019ouest de Khan Youn\u00e8s, selon la m\u00eame source.<\/p>\n<p class=\"asset asset-text\">Par ailleurs, quatre personnes, \u00ab\u00a0trois femmes et un homme, ont \u00e9t\u00e9 retrouv\u00e9es \u00e0 la suite de frappes a\u00e9riennes isra\u00e9liennes visant une maison appartenant \u00e0 la famille al-Banna dans le quartier Sabra\u00a0\u00bb dans le sud de la ville de Gaza, selon la m\u00eame source. Mahmoud Bassal avait pr\u00e9cis\u00e9 auparavant que quatre personnes, dont un enfant et un nourrisson, avaient \u00e9t\u00e9 bless\u00e9es dans cette frappe.<\/p>\n<p class=\"asset asset-text\">Le porte-parole de la D\u00e9fense civile \u00e0 Gaza fait par ailleurs \u00e9tat de deux bless\u00e9s par une frappe isra\u00e9lienne qui a vis\u00e9 selon lui une tente de personnes d\u00e9plac\u00e9es \u00e0 al-Zawayda, dans le centre de la bande de Gaza.<\/p>\n<p class=\"asset asset-text\">Selon des t\u00e9moins et Mahmoud Bassal, l\u2019arm\u00e9e isra\u00e9lienne a en outre men\u00e9 plusieurs frappes sur la cour de l\u2019h\u00f4pital al-Chifa, dans l\u2019ouest de la ville de Gaza. Une information confirm\u00e9e \u00e0 l\u2019AFP par le directeur de cet \u00e9tablissement, Mohammed Abou Salmiya.<\/p>\n<p>    Attaques contre les troupes isra\u00e9liennes\u00a0?    <\/p>\n<p class=\"asset asset-text\">Isra\u00ebl a men\u00e9 ces frappes en r\u00e9ponse, selon le gouvernement isra\u00e9lien, \u00e0 des attaques du Hamas contre ses soldats dans le territoire palestinien, alors qu\u2019un fragile cessez-le-feu est en vigueur depuis le 10\u00a0octobre.<\/p>\n<p class=\"asset asset-text\">Des faits que le mouvement islamiste a d\u00e9mentis. \u00ab\u00a0Le Hamas affirme n\u2019avoir aucun lien avec la fusillade de Rafah\u00a0\u00bb, dans le sud de la bande de Gaza, \u00ab\u00a0et r\u00e9affirme son engagement envers l\u2019accord de cessez-le-feu\u00a0\u00bb avec Isra\u00ebl.<\/p>\n<p class=\"asset asset-text\">Plus t\u00f4t, le Hamas avait accus\u00e9 Isra\u00ebl de \u00ab\u00a0violations\u00a0\u00bb de la tr\u00eave et a annonc\u00e9 le report de la remise, initialement pr\u00e9vue mardi soir, d\u2019une nouvelle d\u00e9pouille d\u2019otage.<\/p>\n<p>    <strong>Isra\u00ebl accuse le Hamas d\u2019avoir mis en sc\u00e8ne la d\u00e9couverte d\u2019une d\u00e9pouille d\u2019otage<\/strong>    <\/p>\n<p class=\"asset asset-text\">Par ailleurs, le gouvernement isra\u00e9lien a accus\u00e9 le Hamas d\u2019avoir mis en sc\u00e8ne la d\u00e9couverte suppos\u00e9e d\u2019un corps d\u2019otage dans la bande de Gaza, diffusant des images pour \u00e9tayer ses dires.<\/p>\n<p class=\"asset asset-text\">\u00ab\u00a0Le Hamas a creus\u00e9 un trou dans le sol hier, y a d\u00e9pos\u00e9 une partie des restes d\u2019Ofir (Tzarfati), l\u2019a recouvert de terre et l\u2019a remis (plus tard) \u00e0 la Croix-Rouge\u00a0\u00bb, a affirm\u00e9 Shosh Bedrosian, porte-parole du bureau du Premier ministre isra\u00e9lien, en r\u00e9f\u00e9rence \u00e0 des restes humains de l\u2019otage remis la veille. \u00ab\u00a0L\u2019arm\u00e9e isra\u00e9lienne a film\u00e9 toute la s\u00e9quence \u00e0 l\u2019aide d\u2019un drone militaire\u00a0\u00bb, a-t-elle ajout\u00e9, d\u00e9non\u00e7ant \u00ab\u00a0une tromperie honteuse\u00a0\u00bb du mouvement islamiste palestinien.<\/p>\n<p class=\"asset asset-text\">L\u2019arm\u00e9e isra\u00e9lienne a diffus\u00e9 dans la foul\u00e9e une vid\u00e9o de pr\u00e8s de 15 minutes, sans pr\u00e9ciser le lieu o\u00f9 elle a \u00e9t\u00e9 tourn\u00e9e. L\u2019AFP n\u2019\u00e9tait pas en mesure d\u2019en authentifier la date ni le lieu de tournage. Ces images a\u00e9riennes montrent trois hommes sortant d\u2019un b\u00e2timent endommag\u00e9 et portant un grand sac blanc, pouvant \u00eatre un sac mortuaire, qu\u2019ils d\u00e9posent dans un trou avant de le recouvrir de terre. Puis les images montrent un tractopelle d\u00e9terrant le sac blanc et le d\u00e9posant quelques m\u00e8tres plus loin, puis le recouvrant \u00e0 nouveau de terre.<\/p>\n<p class=\"asset asset-text\">Dans une r\u00e9ponse \u00e9crite \u00e0 l\u2019AFP, la Croix-Rouge indique que l\u2019\u00e9quipe du Comit\u00e9 international de la Croix-Rouge (CICR) \u00ab\u00a0pr\u00e9sente sur place n\u2019\u00e9tait pas au courant qu\u2019une personne d\u00e9c\u00e9d\u00e9e avait \u00e9t\u00e9 plac\u00e9e l\u00e0 avant son arriv\u00e9e, comme on peut le voir sur les images\u00a0\u00bb. Le CICR estime \u00ab\u00a0inacceptable qu\u2019une fausse r\u00e9cup\u00e9ration ait \u00e9t\u00e9 mise en sc\u00e8ne, alors que tant de choses d\u00e9pendent du respect de cet accord et que tant de familles attendent toujours avec anxi\u00e9t\u00e9 des nouvelles de leurs proches\u00a0\u00bb.<\/p>\n<p>    Cessez-le-feu toujours en vigueur, selon Trump et JD Vance    <\/p>\n<p class=\"asset asset-text\">Malgr\u00e9 ces violences et accusations, le vice-pr\u00e9sident am\u00e9ricain JD Vance a affirm\u00e9 que le cessez-le-feu \u00e9tait toujours en vigueur \u00e0 Gaza. \u00ab\u00a0Le cessez-le-feu tient. Cela ne veut pas dire qu\u2019il n\u2019y aura pas de petits accrochages\u00a0\u00bb, a affirm\u00e9 le vice-pr\u00e9sident \u00e0 des journalistes au Capitole de Washington. \u00ab\u00a0Nous savons que le Hamas ou quelqu\u2019un d\u2019autre \u00e0 Gaza a attaqu\u00e9 un soldat\u00a0\u00bb des forces arm\u00e9es isra\u00e9liennes, \u00ab\u00a0mais je pense que la paix du pr\u00e9sident (Trump) va tenir\u00a0\u00bb, a-t-il ajout\u00e9.<\/p>\n<p class=\"asset asset-text\">Quant \u00e0 Donald Trump, il a estim\u00e9 qu\u2019Isra\u00ebl \u00ab\u00a0devait riposter\u00a0\u00bb et que les frappes<strong> <\/strong>\u00ab\u00a0ne compromettront pas le cessez-le-feu\u00a0\u00bb.<\/p>\n<p class=\"asset asset-text\">Du c\u00f4t\u00e9 de la France, le ministre des Affaires \u00e9trang\u00e8res fran\u00e7ais Jean-No\u00ebl Barrot a d\u00e9plor\u00e9 \u00ab\u00a0la reprise des op\u00e9rations militaires\u00a0\u00bb \u00e0 Gaza, appelant\u00a0toutes les parties \u00e0 respecter le cessez-le-feu. \u00ab\u00a0Les informations selon lesquelles des \u00e9l\u00e9ments du Hamas auraient ouvert le feu sur des soldats et selon lesquelles le mouvement terroriste aurait menti sur la restitution du corps d\u2019un otage sont \u00e9videmment inacceptables si elles sont av\u00e9r\u00e9es\u00a0\u00bb, a-t-il ajout\u00e9, souhaitant que le cessez-le-feu \u00ab\u00a0puisse \u00eatre mis en \u0153uvre pleinement\u00a0\u00bb.<\/p>\n<p class=\"asset asset-text\">Jean-No\u00ebl Barrot a \u00e9galement affirm\u00e9 que la France coorganisera \u00ab\u00a0dans les prochaines semaines\u00a0\u00bb avec les \u00c9tats-Unis et l\u2019\u00c9gypte une conf\u00e9rence internationale sur les questions humanitaires et de reconstruction sur Gaza.<\/p>\n","protected":false},"excerpt":{"rendered":"MOHAMMED ESLAYEH \/ Anadolu via AFP Cette photo prise \u00e0 Gaza le 28\u00a0octobre montre des Palestiniens qui tentent&hellip;\n","protected":false},"author":2,"featured_media":497046,"comment_status":"","ping_status":"","sticky":false,"template":"","format":"standard","meta":{"footnotes":""},"categories":[5],"tags":[11,3259,1011,27,665,3519,14,664,12,28],"class_list":{"0":"post-497045","1":"post","2":"type-post","3":"status-publish","4":"format-standard","5":"has-post-thumbnail","7":"category-international","8":"tag-actualites","9":"tag-conflit-israelo-palestinien","10":"tag-fr","11":"tag-france","12":"tag-gaza","13":"tag-hamas","14":"tag-international","15":"tag-israel","16":"tag-news","17":"tag-world"},"share_on_mastodon":{"url":"https:\/\/pubeurope.com\/@fr\/115455940652725113","error":""},"_links":{"self":[{"href":"https:\/\/www.europesays.com\/fr\/wp-json\/wp\/v2\/posts\/497045","targetHints":{"allow":["GET"]}}],"collection":[{"href":"https:\/\/www.europesays.com\/fr\/wp-json\/wp\/v2\/posts"}],"about":[{"href":"https:\/\/www.europesays.com\/fr\/wp-json\/wp\/v2\/types\/post"}],"author":[{"embeddable":true,"href":"https:\/\/www.europesays.com\/fr\/wp-json\/wp\/v2\/users\/2"}],"replies":[{"embeddable":true,"href":"https:\/\/www.europesays.com\/fr\/wp-json\/wp\/v2\/comments?post=497045"}],"version-history":[{"count":0,"href":"https:\/\/www.europesays.com\/fr\/wp-json\/wp\/v2\/posts\/497045\/revisions"}],"wp:featuredmedia":[{"embeddable":true,"href":"https:\/\/www.europesays.com\/fr\/wp-json\/wp\/v2\/media\/497046"}],"wp:attachment":[{"href":"https:\/\/www.europesays.com\/fr\/wp-json\/wp\/v2\/media?parent=497045"}],"wp:term":[{"taxonomy":"category","embeddable":true,"href":"https:\/\/www.europesays.com\/fr\/wp-json\/wp\/v2\/categories?post=497045"},{"taxonomy":"post_tag","embeddable":true,"href":"https:\/\/www.europesays.com\/fr\/wp-json\/wp\/v2\/tags?post=497045"}],"curies":[{"name":"wp","href":"https:\/\/api.w.org\/{rel}","templated":true}]}}