{"id":497049,"date":"2025-10-29T06:04:13","date_gmt":"2025-10-29T06:04:13","guid":{"rendered":"https:\/\/www.europesays.com\/fr\/497049\/"},"modified":"2025-10-29T06:04:13","modified_gmt":"2025-10-29T06:04:13","slug":"israel-et-le-hamas-saccusent-de-violer-le-cessez-le-feu-netanyahou-ordonne-des-frappes-massives-liberation","status":"publish","type":"post","link":"https:\/\/www.europesays.com\/fr\/497049\/","title":{"rendered":"Isra\u00ebl et le Hamas s\u2019accusent de violer le cessez-le-feu, N\u00e9tanyahou ordonne des \u00abfrappes massives\u00bb \u2013 Lib\u00e9ration"},"content":{"rendered":"<p class=\"sc-cPiKLX AiZTS text-element\">Le <a href=\"https:\/\/www.liberation.fr\/international\/moyen-orient\/gaza-ce-que-lon-sait-et-ce-que-lon-ne-sait-pas-de-laccord-entre-israel-et-le-hamas-20251009_QXOP5GVCUBHLFBAUG36OTGWEBY\/\" target=\"_blank\" rel=\"noreferrer noopener\" title=\"https:\/\/www.liberation.fr\/international\/moyen-orient\/gaza-ce-que-lon-sait-et-ce-que-lon-ne-sait-pas-de-laccord-entre-israel-et-le-hamas-20251009_QXOP5GVCUBHLFBAUG36OTGWEBY\/\">cessez-le-feu<\/a> vacille une nouvelle fois. Ce mardi 28 octobre en milieu d\u2019apr\u00e8s-midi, le Premier ministre isra\u00e9lien Benyamin N\u00e9tanyahou a \u00abordonn\u00e9 \u00e0 l\u2019arm\u00e9e de mener imm\u00e9diatement des frappes massives dans la bande de Gaza\u00bb, a indiqu\u00e9 dans un communiqu\u00e9 succinct son bureau sans autre pr\u00e9cision. D\u2019apr\u00e8s la D\u00e9fense civile de Gaza, l\u2019arm\u00e9e isra\u00e9lienne a r\u00e9alis\u00e9 au moins trois frappes sur l\u2019enclave en fin de journ\u00e9e. Deux personnes auraient \u00e9t\u00e9 tu\u00e9es, et quatre autres bless\u00e9es par ces bombardements dans le sud de la ville de Gaza, alors qu\u2019une maison a \u00e9t\u00e9 touch\u00e9e par une frappe a\u00e9rienne dans le quartier d\u2019al-Sabra. <\/p>\n<p class=\"sc-cPiKLX AiZTS text-element\">Ces bombardements interviennent apr\u00e8s que \u00abdes militants du Hamas ont ouvert le feu avec des snipers et des missiles anti-tanks\u00bb sur une \u00e9quipe de l\u2019arm\u00e9e isra\u00e9lienne qui \u00abeffectuait des op\u00e9rations d\u2019ing\u00e9nierie \u00e0 Rafah\u00bb, dans le sud de la bande de Gaza, explique le m\u00e9dia isra\u00e9lien <a href=\"https:\/\/www.haaretz.com\/israel-news\/2025-10-28\/ty-article-live\/idf-says-it-killed-two-hezbollah-operatives-in-lebanon-strike\/0000019a-28ca-d856-a9ff-6eeb38440000\" target=\"_blank\" rel=\"noreferrer noopener\" title=\"https:\/\/www.haaretz.com\/israel-news\/2025-10-28\/ty-article-live\/idf-says-it-killed-two-hezbollah-operatives-in-lebanon-strike\/0000019a-28ca-d856-a9ff-6eeb38440000\">Haaretz<\/a>. \u00abL\u2019organisation terroriste Hamas le paiera cher apr\u00e8s avoir attaqu\u00e9 les soldats de Tsahal \u00e0 Gaza et avoir viol\u00e9 l\u2019accord concernant le retour des corps des otages\u00bb, a promis Isra\u00ebl Katz, le ministre de la D\u00e9fense isra\u00e9lien, dans un communiqu\u00e9. <\/p>\n<p class=\"sc-cPiKLX AiZTS text-element\">L\u2019Etat h\u00e9breu avait plus t\u00f4t dans la journ\u00e9e accus\u00e9 le Hamas de violer l\u2019accord de cessez-le-feu, le mouvement islamiste palestinien ayant restitu\u00e9 des restes d\u2019un otage dont une partie de la d\u00e9pouille avait d\u00e9j\u00e0 \u00e9t\u00e9 d\u00e9j\u00e0 r\u00e9cup\u00e9r\u00e9e, provoquant le courroux des proches d\u2019otages et des autorit\u00e9s. Il s\u2019agissait de parties du corps de l\u2019otage d\u2019Ofir Tzarfati, dont <a href=\"https:\/\/www.liberation.fr\/international\/moyen-orient\/gaza-selon-israel-les-restes-humains-remis-par-le-hamas-lundi-soir-sont-ceux-dun-otage-ramene-par-larmee-il-y-a-deux-ans-20251028_LIO5WSVGYZHB5K66OXFH6B4PWY\/\" target=\"_blank\" rel=\"noreferrer noopener\" title=\"https:\/\/www.liberation.fr\/international\/moyen-orient\/gaza-selon-israel-les-restes-humains-remis-par-le-hamas-lundi-soir-sont-ceux-dun-otage-ramene-par-larmee-il-y-a-deux-ans-20251028_LIO5WSVGYZHB5K66OXFH6B4PWY\/\">des restes avaient \u00e9t\u00e9 ramen\u00e9s de Gaza il y a environ deux ans<\/a> par l\u2019arm\u00e9e.  <\/p>\n<p class=\"sc-cPiKLX AiZTS text-element\">Les Brigades Ezzedine al-Qassam, la branche arm\u00e9e du Hamas, avaient de leur c\u00f4t\u00e9 affirm\u00e9 qu\u2019une nouvelle d\u00e9pouille d\u2019otage, \u00abr\u00e9cemment trouv\u00e9e dans un tunnel de Gaza\u00bb <a href=\"https:\/\/www.liberation.fr\/international\/moyen-orient\/accord-de-cessez-le-feu-a-gaza-le-hamas-affirme-quil-va-rendre-a-une-nouvelle-depouille-dotage-a-20-heures-20251028_NYWAW6Y2VZGL3G3J4RBYMKA7W4\/\" target=\"_blank\" rel=\"noreferrer noopener\" title=\"https:\/\/www.liberation.fr\/international\/moyen-orient\/accord-de-cessez-le-feu-a-gaza-le-hamas-affirme-quil-va-rendre-a-une-nouvelle-depouille-dotage-a-20-heures-20251028_NYWAW6Y2VZGL3G3J4RBYMKA7W4\/\">serait remise \u00e0 la Croix-Rouge ce mardi<\/a> dans la soir\u00e9e. Apr\u00e8s l\u2019annonce des bombardements isra\u00e9liens, le Hamas a finalement annonc\u00e9 reporter la remise de cette d\u00e9pouille en raison de \u00abviolations\u00bb de la tr\u00eave par Isra\u00ebl. \u00abToute escalade sioniste entravera les recherches, les fouilles et la r\u00e9cup\u00e9ration des corps\u00bb, ont menac\u00e9 les brigades Ezzedine al-Qassam dans un communiqu\u00e9. <\/p>\n<p class=\"sc-cPiKLX AiZTS text-element\"><b>Mise \u00e0 jour \u00e0 20 h 00 <\/b>avec les trois frappes annonc\u00e9es par la D\u00e9fense civile de Gaza. <\/p>\n","protected":false},"excerpt":{"rendered":"Le cessez-le-feu vacille une nouvelle fois. Ce mardi 28 octobre en milieu d\u2019apr\u00e8s-midi, le Premier ministre isra\u00e9lien Benyamin&hellip;\n","protected":false},"author":2,"featured_media":497050,"comment_status":"","ping_status":"","sticky":false,"template":"","format":"standard","meta":{"footnotes":""},"categories":[2],"tags":[11,952,1011,27,3517,3522,664,3523,12],"class_list":{"0":"post-497049","1":"post","2":"type-post","3":"status-publish","4":"format-standard","5":"has-post-thumbnail","7":"category-actualites","8":"tag-actualites","9":"tag-benyamin-netanyahou","10":"tag-fr","11":"tag-france","12":"tag-gaza-l-escalade","13":"tag-guerre-hamas-israel","14":"tag-israel","15":"tag-israel-palestine-conflit","16":"tag-news"},"share_on_mastodon":{"url":"https:\/\/pubeurope.com\/@fr\/115455948539383416","error":""},"_links":{"self":[{"href":"https:\/\/www.europesays.com\/fr\/wp-json\/wp\/v2\/posts\/497049","targetHints":{"allow":["GET"]}}],"collection":[{"href":"https:\/\/www.europesays.com\/fr\/wp-json\/wp\/v2\/posts"}],"about":[{"href":"https:\/\/www.europesays.com\/fr\/wp-json\/wp\/v2\/types\/post"}],"author":[{"embeddable":true,"href":"https:\/\/www.europesays.com\/fr\/wp-json\/wp\/v2\/users\/2"}],"replies":[{"embeddable":true,"href":"https:\/\/www.europesays.com\/fr\/wp-json\/wp\/v2\/comments?post=497049"}],"version-history":[{"count":0,"href":"https:\/\/www.europesays.com\/fr\/wp-json\/wp\/v2\/posts\/497049\/revisions"}],"wp:featuredmedia":[{"embeddable":true,"href":"https:\/\/www.europesays.com\/fr\/wp-json\/wp\/v2\/media\/497050"}],"wp:attachment":[{"href":"https:\/\/www.europesays.com\/fr\/wp-json\/wp\/v2\/media?parent=497049"}],"wp:term":[{"taxonomy":"category","embeddable":true,"href":"https:\/\/www.europesays.com\/fr\/wp-json\/wp\/v2\/categories?post=497049"},{"taxonomy":"post_tag","embeddable":true,"href":"https:\/\/www.europesays.com\/fr\/wp-json\/wp\/v2\/tags?post=497049"}],"curies":[{"name":"wp","href":"https:\/\/api.w.org\/{rel}","templated":true}]}}