{"id":497051,"date":"2025-10-29T06:05:11","date_gmt":"2025-10-29T06:05:11","guid":{"rendered":"https:\/\/www.europesays.com\/fr\/497051\/"},"modified":"2025-10-29T06:05:11","modified_gmt":"2025-10-29T06:05:11","slug":"loire-ces-jeunes-stephanois-ont-appris-a-nager-avec-le-champion-lyonnais-nikita-baez","status":"publish","type":"post","link":"https:\/\/www.europesays.com\/fr\/497051\/","title":{"rendered":"Loire. Ces jeunes St\u00e9phanois ont appris \u00e0 nager avec le champion lyonnais Nikita Baez"},"content":{"rendered":"<p>2,02 m. La taille d\u2019un meuble haut ou d\u2019une armoire \u00e0 glace. Les apprentis nageurs lui arrivent tout juste \u00e0 la hanche et encore sur la pointe des pieds. Le champion fran\u00e7ais <a href=\"https:\/\/www.leprogres.fr\/p\/nikita-baez\" target=\"_blank\" rel=\"nofollow noopener\">Nikita Baez<\/a> (Lyon Natation) <a href=\"https:\/\/www.leprogres.fr\/sport\/2023\/09\/19\/nikita-baez-le-sprinteur-lyonnais-prochain-mister-rhone-alpes\" target=\"_blank\" rel=\"nofollow noopener\">ressemble \u00e0 un g\u00e9ant<\/a> devant les jeunes pousses (1).<\/p>\n<p>\u00c0 la piscine Raymond Sommet, ce mardi 21 octobre, il participe \u00e0 la s\u00e9ance \u00ab J\u2019apprends \u00e0 nager \u00bb organis\u00e9e par la F\u00e9d\u00e9ration fran\u00e7aise de natation en partenariat avec la soci\u00e9t\u00e9 Mondial piscines destin\u00e9es aux enfants qui n\u2019ont pas forc\u00e9ment acc\u00e8s aux piscines.<\/p>\n<p>Un g\u00e9ant dans le grand bain de petits \u00ab baigneurs \u00bb<\/p>\n<p>La veille de participer aux championnats de France de natation en petit bassin \u00e0 Taverny (Ile-de-Vilaine) du 23 au 26 octobre, Nikita Baez s\u2019est pli\u00e9 de bonne gr\u00e2ce au r\u00f4le de MNS (Ma\u00eetre-nageur-sauveteur). Il tend la perche \u00e0 ceux qui ont besoin d\u2019un point d\u2019appui, conseille sur un mouvement, encourage, et puis il s\u2019est jet\u00e9 \u00e0 l\u2019eau.<\/p>\n<p>Il leur montre comment plonger, r\u00e9aliser une coul\u00e9e et effectue avec eux quelques mouvements de brasse. Un g\u00e9ant <a href=\"https:\/\/www.leprogres.fr\/jeux-olympiques\/2025\/06\/19\/le-lyonnais-nikita-baez-obtient-son-ticket-pour-les-championnats-du-monde\" target=\"_blank\" rel=\"nofollow noopener\">dans le grand bain de petits \u00ab baigneurs \u00bb<\/a>. La dizaine d\u2019enfants du groupe est ravie. Son aisance leur donne confiance. Tout est une question de moyens lorsque l\u2019on se retrouve \u00e0 l\u2019eau et il s\u2019agit surtout de ne pas les perdre, les moyens<\/p>\n<p>Plus loin, dans le bassin de 50 m\u00e8tres, toujours sur cette ligne d\u2019eau qui longe le bord, d\u2019autres plus petits, tentent d\u2019appr\u00e9hender comment le corps flotte.<\/p>\n<p>  \u00ab Comprendre comment le corps flotte, cela s\u2019apparente \u00e0 l\u2019apprentissage de la marche \u00bb<\/p>\n<p>Un exercice qui se d\u00e9roule sous les yeux de Ya\u00ebl Dudo, entra\u00eeneur de natation au club nautique du Puy (CNP). Durant ces vacances de la Toussaint, les enfants se sont succ\u00e9d\u00e9 dans le bassin. Les cours sont gratuits, financ\u00e9s par la f\u00e9d\u00e9ration.<\/p>\n<p>\u00ab Il s\u2019agit avant tout pour ces petits de comprendre comment le corps flotte dans l\u2019eau. Sans aide et sans bou\u00e9e. Ils doivent trouver leur \u00e9quilibre. Cela s\u2019apparente \u00e0 l\u2019apprentissage de la marche ou du v\u00e9lo. Ils d\u00e9couvrent l\u2019aisance aquatique, comment l\u2019eau agit sur le corps. 40 minutes par jour durant une semaine n\u2019en feront pas des petits nageurs mais des enfants qui ont assimil\u00e9 ce corps flottant, la propulsion. Faire le crabe. Le fait de les confronter dans ce milieu permet d\u2019enregistrer des progr\u00e8s significatifs. C\u2019est gratifiant pour eux et utile. \u00bb<\/p>\n<p>Et surtout, pour ces futurs nageurs de 4 ou 5 ans, l\u2019apprentissage de la natation s\u2019effectuera beaucoup plus rapidement quand ils seront en \u00e2ge de synchroniser bras et jambes. \u00ab Ce \u00ab travail \u00bb dans l\u2019eau n\u2019est jamais vain. Les enfants en retireront un b\u00e9n\u00e9fice ind\u00e9niable.<\/p>\n<p>  500 sessions de \u00ab J\u2019apprends \u00e0 nager \u00bb depuis 2021<\/p>\n<p>Depuis 2021, Mondial Piscines, entreprise fran\u00e7aise bas\u00e9e dans la Sarthe qui d\u00e9veloppe des produits fabriqu\u00e9s en France avec une mati\u00e8re recycl\u00e9e en propyl\u00e8ne et qui porte son accent sur la filtration de l\u2019eau, a particip\u00e9 \u00e0 500 sessions \u00e0 travers l\u2019Hexagone en collaboration la FFN de l\u2019op\u00e9ration \u00ab J\u2019apprends \u00e0 nager \u00bb destin\u00e9e aux jeunes de milieux modestes ou d\u00e9favoris\u00e9s a soulign\u00e9 NIcolas Bost, le responsable r\u00e9gional de Mondial Piscines.<\/p>\n<p class=\"note\">(1) Lors des championnats de France en petit bassin \u00e0 Taverny, Nikita Baez est mont\u00e9 \u00e0 trois reprises sur le podium. <strong>50 m nage libre.-<\/strong> 1. Maxime Grousset en 20\u201981\u2019\u2019 ; 2. Nikita Baez (Lyon Natation) en 21\u201931\u2019\u2019 ; 3. Matteo Robba en 21\u201957\u2019\u2019. <strong>50 m brasse.-<\/strong> 1. J\u00e9r\u00e9mie Delbois en 26\u201923\u2019\u2019 ; 2. Antoine Viquerat en 26\u201947\u2019\u2019 ; 3. Nikita Baez e 26\u201953\u2019\u2019. <strong>100mx4nages.-<\/strong> 1. Maxime Grousset en 50\u201956\u2019\u2019 ; 2. Nikita Baez e 52\u201966\u2019\u2019 ; 3. Tom Remy en 53\u201938\u2019\u2019.<\/p>\n","protected":false},"excerpt":{"rendered":"2,02 m. La taille d\u2019un meuble haut ou d\u2019une armoire \u00e0 glace. Les apprentis nageurs lui arrivent tout&hellip;\n","protected":false},"author":2,"featured_media":497052,"comment_status":"","ping_status":"","sticky":false,"template":"","format":"standard","meta":{"footnotes":""},"categories":[9653],"tags":[1111,11,2430,7539,1777,674,107,1011,27,3367,5216,12,25,2429,4001,7538,104,517],"class_list":{"0":"post-497051","1":"post","2":"type-post","3":"status-publish","4":"format-standard","5":"has-post-thumbnail","7":"category-saint-etienne","8":"tag-actu","9":"tag-actualites","10":"tag-auvergne-rhone-alpes","11":"tag-edition-loire-sud","12":"tag-eu","13":"tag-europe","14":"tag-fil-info","15":"tag-fr","16":"tag-france","17":"tag-loire","18":"tag-natation","19":"tag-news","20":"tag-republique-francaise","21":"tag-rhone","22":"tag-saint-etienne","23":"tag-saint-etienne-ville","24":"tag-societe","25":"tag-sport"},"share_on_mastodon":{"url":"https:\/\/pubeurope.com\/@fr\/115455952429267300","error":""},"_links":{"self":[{"href":"https:\/\/www.europesays.com\/fr\/wp-json\/wp\/v2\/posts\/497051","targetHints":{"allow":["GET"]}}],"collection":[{"href":"https:\/\/www.europesays.com\/fr\/wp-json\/wp\/v2\/posts"}],"about":[{"href":"https:\/\/www.europesays.com\/fr\/wp-json\/wp\/v2\/types\/post"}],"author":[{"embeddable":true,"href":"https:\/\/www.europesays.com\/fr\/wp-json\/wp\/v2\/users\/2"}],"replies":[{"embeddable":true,"href":"https:\/\/www.europesays.com\/fr\/wp-json\/wp\/v2\/comments?post=497051"}],"version-history":[{"count":0,"href":"https:\/\/www.europesays.com\/fr\/wp-json\/wp\/v2\/posts\/497051\/revisions"}],"wp:featuredmedia":[{"embeddable":true,"href":"https:\/\/www.europesays.com\/fr\/wp-json\/wp\/v2\/media\/497052"}],"wp:attachment":[{"href":"https:\/\/www.europesays.com\/fr\/wp-json\/wp\/v2\/media?parent=497051"}],"wp:term":[{"taxonomy":"category","embeddable":true,"href":"https:\/\/www.europesays.com\/fr\/wp-json\/wp\/v2\/categories?post=497051"},{"taxonomy":"post_tag","embeddable":true,"href":"https:\/\/www.europesays.com\/fr\/wp-json\/wp\/v2\/tags?post=497051"}],"curies":[{"name":"wp","href":"https:\/\/api.w.org\/{rel}","templated":true}]}}