{"id":497057,"date":"2025-10-29T06:09:02","date_gmt":"2025-10-29T06:09:02","guid":{"rendered":"https:\/\/www.europesays.com\/fr\/497057\/"},"modified":"2025-10-29T06:09:02","modified_gmt":"2025-10-29T06:09:02","slug":"photo-une-immersion-nocturne-dans-lancienne-prison-de-nancy-pour-halloween","status":"publish","type":"post","link":"https:\/\/www.europesays.com\/fr\/497057\/","title":{"rendered":"Photo. Une immersion nocturne dans l\u2019ancienne prison de Nancy pour Halloween"},"content":{"rendered":"<p>\u00c0 l\u2019occasion d\u2019Halloween, les tours de la porte de la Craffe, ancien lieu de d\u00e9tention m\u00e9di\u00e9val embl\u00e9matique de Nancy, sont exceptionnellement accessibles au public jusqu&rsquo;au 2 novembre. Comme chaque ann\u00e9e, cette ouverture ponctuelle permet aux petits, grands, et cr\u00e9atures de tout horizon, de plonger dans l\u2019histoire du monument de mani\u00e8re ludique et immersive.\u00a0Entre ombres et \u00e9clats de rire, voici un avant-go\u00fbt en images.<\/p>\n","protected":false},"excerpt":{"rendered":"\u00c0 l\u2019occasion d\u2019Halloween, les tours de la porte de la Craffe, ancien lieu de d\u00e9tention m\u00e9di\u00e9val embl\u00e9matique de&hellip;\n","protected":false},"author":2,"featured_media":497058,"comment_status":"","ping_status":"","sticky":false,"template":"","format":"standard","meta":{"footnotes":""},"categories":[9635],"tags":[1111,11,7782,33,1704,1777,674,3326,1011,27,2798,775,937,1702,12,2661,25,273,104],"class_list":{"0":"post-497057","1":"post","2":"type-post","3":"status-publish","4":"format-standard","5":"has-post-thumbnail","7":"category-nancy","8":"tag-actu","9":"tag-actualites","10":"tag-balades-et-randonnees","11":"tag-economie","12":"tag-edition-nancy-et-agglomeration","13":"tag-eu","14":"tag-europe","15":"tag-fete-locale","16":"tag-fr","17":"tag-france","18":"tag-galerie-photo","19":"tag-grand-est","20":"tag-histoire","21":"tag-nancy","22":"tag-news","23":"tag-patrimoine-culturel","24":"tag-republique-francaise","25":"tag-selection-de-la-redaction","26":"tag-societe"},"share_on_mastodon":{"url":"https:\/\/pubeurope.com\/@fr\/115455968116296727","error":""},"_links":{"self":[{"href":"https:\/\/www.europesays.com\/fr\/wp-json\/wp\/v2\/posts\/497057","targetHints":{"allow":["GET"]}}],"collection":[{"href":"https:\/\/www.europesays.com\/fr\/wp-json\/wp\/v2\/posts"}],"about":[{"href":"https:\/\/www.europesays.com\/fr\/wp-json\/wp\/v2\/types\/post"}],"author":[{"embeddable":true,"href":"https:\/\/www.europesays.com\/fr\/wp-json\/wp\/v2\/users\/2"}],"replies":[{"embeddable":true,"href":"https:\/\/www.europesays.com\/fr\/wp-json\/wp\/v2\/comments?post=497057"}],"version-history":[{"count":0,"href":"https:\/\/www.europesays.com\/fr\/wp-json\/wp\/v2\/posts\/497057\/revisions"}],"wp:featuredmedia":[{"embeddable":true,"href":"https:\/\/www.europesays.com\/fr\/wp-json\/wp\/v2\/media\/497058"}],"wp:attachment":[{"href":"https:\/\/www.europesays.com\/fr\/wp-json\/wp\/v2\/media?parent=497057"}],"wp:term":[{"taxonomy":"category","embeddable":true,"href":"https:\/\/www.europesays.com\/fr\/wp-json\/wp\/v2\/categories?post=497057"},{"taxonomy":"post_tag","embeddable":true,"href":"https:\/\/www.europesays.com\/fr\/wp-json\/wp\/v2\/tags?post=497057"}],"curies":[{"name":"wp","href":"https:\/\/api.w.org\/{rel}","templated":true}]}}