{"id":497067,"date":"2025-10-29T06:18:25","date_gmt":"2025-10-29T06:18:25","guid":{"rendered":"https:\/\/www.europesays.com\/fr\/497067\/"},"modified":"2025-10-29T06:18:25","modified_gmt":"2025-10-29T06:18:25","slug":"grenoble-guingamp-les-notes-des-bretons-la-defense-rassure-lattaque-inquiete-sport-2","status":"publish","type":"post","link":"https:\/\/www.europesays.com\/fr\/497067\/","title":{"rendered":"Grenoble &#8211; Guingamp. Les notes des Bretons\u00a0: la d\u00e9fense rassure, l\u2019attaque inqui\u00e8te\u2026 . Sport"},"content":{"rendered":"<tr wp_automatic_readability=\"6.8636363636364\">\n<td valign=\"middle\" align=\"center\" class=\"col-logo\" wp_automatic_readability=\"5\">\n    <img decoding=\"async\" src=\"https:\/\/maville.com\/design\/images\/logo-of-monetise.svg?version=20130627\" alt=\"logo Ouest-France\" height=\"66\"\/><\/p>\n<p>Contenu r\u00e9serv\u00e9 aux abonn\u00e9s<\/p>\n<\/td>\n<td class=\"col-titre\">\n\t\t\tMardi 28 octobre 2025 22:52<br \/>\n\t\t\t<a class=\"icon-bulle sizeL count\" href=\"#ancreAvis\"><br \/>\n\t&#8230;<br \/>\n<\/a><\/td>\n<\/tr>\n<p>\t\t<a class=\"mavillebox2 elmt-photo\" href=\"https:\/\/maville.com\/photosmvi\/2025\/10\/29\/P35549821D7040889G.jpg\" title=\" Donatien Gomis.  \u00a9  K\u00e9vin Guyot \/ Ouest-France  \" rel=\"galerie_actu noopener\" target=\"_blank\"><br \/>\n\t<img decoding=\"async\" src=\"https:\/\/www.europesays.com\/fr\/wp-content\/uploads\/2025\/10\/P35549821D7040889G_crop_640-330_.jpg\" alt=\"photo  donatien gomis.  \u00a9  k\u00e9vin guyot \/ ouest-france \"\/><br \/>\n\t1<br \/>\n<\/a><\/p>\n<p class=\"elmt-legende\"> Donatien Gomis.  \u00a9  K\u00e9vin Guyot \/ Ouest-France  <\/p>\n<p>\t\tEn Avant Guingamp a \u00e9t\u00e9 accroch\u00e9 par Grenoble (0-0) mardi soir lors de la 12e journ\u00e9e de Ligue 2. Si les Bretons n\u2019ont pas pris de but, une premi\u00e8re depuis Montpellier, ils ont enchain\u00e9 un deuxi\u00e8me match sans marquer. D\u00e9couvrez les notes des Bretons.<\/p>\n<p><b>Cet article est r\u00e9serv\u00e9 aux abonn\u00e9s<\/b><\/p>\n<p>Pour un acc\u00e8s imm\u00e9diat, abonnez-vous<\/p>\n<p><b>1\u00e8re semaine offerte<\/b><\/p>\n<p>\t\t Pierre GUYON, envoy\u00e9 sp\u00e9cial \u00e0 Grenoble. \u00a0\u00a0<br \/>\n\t\tOuest-France<\/p>\n<p>Retrouvez d&rsquo;autres actus sur la commune de :<\/p>\n<p>\t\t&#13;<\/p>\n","protected":false},"excerpt":{"rendered":"Contenu r\u00e9serv\u00e9 aux abonn\u00e9s Mardi 28 octobre 2025 22:52 &#8230; 1 Donatien Gomis. \u00a9 K\u00e9vin Guyot \/ Ouest-France&hellip;\n","protected":false},"author":2,"featured_media":496846,"comment_status":"","ping_status":"","sticky":false,"template":"","format":"standard","meta":{"footnotes":""},"categories":[9566],"tags":[1111,11,2430,3809,1465,1777,674,63,1011,27,2731,1792,1922,12,3086,25,479,517,1470],"class_list":{"0":"post-497067","1":"post","2":"type-post","3":"status-publish","4":"format-standard","5":"has-post-thumbnail","7":"category-grenoble","8":"tag-actu","9":"tag-actualites","10":"tag-auvergne-rhone-alpes","11":"tag-ball","12":"tag-basket","13":"tag-eu","14":"tag-europe","15":"tag-football","16":"tag-fr","17":"tag-france","18":"tag-grenoble","19":"tag-handball","20":"tag-info","21":"tag-news","22":"tag-redon","23":"tag-republique-francaise","24":"tag-rugby","25":"tag-sport","26":"tag-volley"},"share_on_mastodon":{"url":"https:\/\/pubeurope.com\/@fr\/115456004364923137","error":""},"_links":{"self":[{"href":"https:\/\/www.europesays.com\/fr\/wp-json\/wp\/v2\/posts\/497067","targetHints":{"allow":["GET"]}}],"collection":[{"href":"https:\/\/www.europesays.com\/fr\/wp-json\/wp\/v2\/posts"}],"about":[{"href":"https:\/\/www.europesays.com\/fr\/wp-json\/wp\/v2\/types\/post"}],"author":[{"embeddable":true,"href":"https:\/\/www.europesays.com\/fr\/wp-json\/wp\/v2\/users\/2"}],"replies":[{"embeddable":true,"href":"https:\/\/www.europesays.com\/fr\/wp-json\/wp\/v2\/comments?post=497067"}],"version-history":[{"count":0,"href":"https:\/\/www.europesays.com\/fr\/wp-json\/wp\/v2\/posts\/497067\/revisions"}],"wp:featuredmedia":[{"embeddable":true,"href":"https:\/\/www.europesays.com\/fr\/wp-json\/wp\/v2\/media\/496846"}],"wp:attachment":[{"href":"https:\/\/www.europesays.com\/fr\/wp-json\/wp\/v2\/media?parent=497067"}],"wp:term":[{"taxonomy":"category","embeddable":true,"href":"https:\/\/www.europesays.com\/fr\/wp-json\/wp\/v2\/categories?post=497067"},{"taxonomy":"post_tag","embeddable":true,"href":"https:\/\/www.europesays.com\/fr\/wp-json\/wp\/v2\/tags?post=497067"}],"curies":[{"name":"wp","href":"https:\/\/api.w.org\/{rel}","templated":true}]}}