{"id":49707,"date":"2025-04-24T17:36:15","date_gmt":"2025-04-24T17:36:15","guid":{"rendered":"https:\/\/www.europesays.com\/fr\/49707\/"},"modified":"2025-04-24T17:36:15","modified_gmt":"2025-04-24T17:36:15","slug":"pourquoi-500-000-personnes-vont-elles-etre-contactees-par-lassurance-maladie","status":"publish","type":"post","link":"https:\/\/www.europesays.com\/fr\/49707\/","title":{"rendered":"Pourquoi 500.000 personnes vont-elles \u00eatre contact\u00e9es par l\u2019Assurance maladie\u00a0?"},"content":{"rendered":"<p>L\u2019<a href=\"https:\/\/www.20minutes.fr\/dossier\/assurance_maladie\" class=\"color-ultramarine c-link\" target=\"_blank\" rel=\"noopener\">Assurance maladie<\/a> va contacter un demi-million de personnes \u00e0 compter du mois de juin lors d\u2019une <a href=\"https:\/\/www.ameli.fr\/herault\/assure\/actualites\/diabete-et-insuffisance-cardiaque-l-assurance-maladie-va-contacter-par-telephone-500-000-personnes\" target=\"_blank\" class=\"color-ultramarine c-link\" rel=\"noopener\">vaste campagne t\u00e9l\u00e9phonique<\/a>. Ces personnes souffrent de <a href=\"https:\/\/www.20minutes.fr\/dossier\/diabete\" class=\"color-ultramarine c-link\" target=\"_blank\" rel=\"noopener\">diab\u00e8te<\/a> ou d\u2019insuffisance <a href=\"https:\/\/www.20minutes.fr\/dossier\/crise_cardiaque\" class=\"color-ultramarine c-link\" target=\"_blank\" rel=\"noopener\">cardiaque<\/a> et ont consult\u00e9 un m\u00e9decin g\u00e9n\u00e9raliste moins de deux fois au cours de l\u2019ann\u00e9e. \u00ab\u00a0La Haute Autorit\u00e9 de sant\u00e9 recommande au moins quatre consultations par an avec son m\u00e9decin g\u00e9n\u00e9raliste\u00a0\u00bb, souligne l\u2019assurance maladie.<\/p>\n<p>Cette campagne vise \u00e0 \u00ab\u00a0sensibiliser les assur\u00e9s atteints de diab\u00e8te ou d\u2019insuffisance cardiaque \u00e0 l\u2019importance de consultations r\u00e9guli\u00e8res avec leur m\u00e9decin g\u00e9n\u00e9raliste\u00a0\u00bb. Ces appels ont pour objectif de s\u2019assurer que le parcours de soins des personnes concern\u00e9es se d\u00e9roule dans de bonnes conditions. Et, si besoin, de les orienter vers leur m\u00e9decin traitant.<\/p>\n<p>4,3\u00a0millions de personnes trait\u00e9es pour un diab\u00e8te en France<\/p>\n<p>En France en\u00a02022, plus de 4,3\u00a0millions de personnes \u00e9taient trait\u00e9es pour un diab\u00e8te, soit 6,3\u00a0% de la population. 44,8\u00a0% \u00e9taient des femmes et 55,2\u00a0% des hommes. Ce chiffre est en constante augmentation depuis\u00a02015, date \u00e0 laquelle plus de 3,5\u00a0millions de personnes \u00e9taient prises en charge pour diab\u00e8te. Le diab\u00e8te de type 2, le plus fr\u00e9quent (plus de 90\u00a0%) est en forte progression dans le monde entier. D\u2019apr\u00e8s l\u2019OMS, le nombre de diab\u00e9tiques de type 2 dans le monde est pass\u00e9 de 108 \u00e0 422\u00a0millions entre\u00a01980 et\u00a02014.<\/p>\n<\/p>\n<p>L\u2019insuffisance cardiaque est l\u2019incapacit\u00e9 du muscle cardiaque \u00e0 assurer normalement la propulsion du sang dans l\u2019organisme. C\u2019est une maladie fr\u00e9quente, potentiellement s\u00e9v\u00e8re, avec un fort retentissement sur la qualit\u00e9 de vie si elle n\u2019est pas d\u00e9tect\u00e9e \u00e0 temps et trait\u00e9e. En\u00a02022, 181.178 adultes ont \u00e9t\u00e9 hospitalis\u00e9s pour insuffisance cardiaque. L\u2019\u00e2ge moyen au moment de l\u2019hospitalisation \u00e9tait plus \u00e9lev\u00e9 chez les femmes (83,3 ans) que chez les hommes (77,7 ans). On estime que cette maladie touche 1,37\u00a0million de personnes, soit 2,6\u00a0% de la population adulte.<\/p>\n<p><\/p>\n","protected":false},"excerpt":{"rendered":"L\u2019Assurance maladie va contacter un demi-million de personnes \u00e0 compter du mois de juin lors d\u2019une vaste campagne&hellip;\n","protected":false},"author":2,"featured_media":49708,"comment_status":"","ping_status":"","sticky":false,"template":"","format":"standard","meta":{"footnotes":""},"categories":[10],"tags":[47,732,869,234,1011,27,72,71],"class_list":{"0":"post-49707","1":"post","2":"type-post","3":"status-publish","4":"format-standard","5":"has-post-thumbnail","7":"category-sante","8":"tag-actualite","9":"tag-assurance-maladie","10":"tag-crise-cardiaque","11":"tag-diabete","12":"tag-fr","13":"tag-france","14":"tag-health","15":"tag-sante"},"share_on_mastodon":{"url":"https:\/\/pubeurope.com\/@fr\/114394155207242210","error":""},"_links":{"self":[{"href":"https:\/\/www.europesays.com\/fr\/wp-json\/wp\/v2\/posts\/49707","targetHints":{"allow":["GET"]}}],"collection":[{"href":"https:\/\/www.europesays.com\/fr\/wp-json\/wp\/v2\/posts"}],"about":[{"href":"https:\/\/www.europesays.com\/fr\/wp-json\/wp\/v2\/types\/post"}],"author":[{"embeddable":true,"href":"https:\/\/www.europesays.com\/fr\/wp-json\/wp\/v2\/users\/2"}],"replies":[{"embeddable":true,"href":"https:\/\/www.europesays.com\/fr\/wp-json\/wp\/v2\/comments?post=49707"}],"version-history":[{"count":0,"href":"https:\/\/www.europesays.com\/fr\/wp-json\/wp\/v2\/posts\/49707\/revisions"}],"wp:featuredmedia":[{"embeddable":true,"href":"https:\/\/www.europesays.com\/fr\/wp-json\/wp\/v2\/media\/49708"}],"wp:attachment":[{"href":"https:\/\/www.europesays.com\/fr\/wp-json\/wp\/v2\/media?parent=49707"}],"wp:term":[{"taxonomy":"category","embeddable":true,"href":"https:\/\/www.europesays.com\/fr\/wp-json\/wp\/v2\/categories?post=49707"},{"taxonomy":"post_tag","embeddable":true,"href":"https:\/\/www.europesays.com\/fr\/wp-json\/wp\/v2\/tags?post=49707"}],"curies":[{"name":"wp","href":"https:\/\/api.w.org\/{rel}","templated":true}]}}