{"id":497071,"date":"2025-10-29T06:22:12","date_gmt":"2025-10-29T06:22:12","guid":{"rendered":"https:\/\/www.europesays.com\/fr\/497071\/"},"modified":"2025-10-29T06:22:12","modified_gmt":"2025-10-29T06:22:12","slug":"la-ministre-deleguee-chargee-de-lintelligence-artificielle-en-deplacement-a-strasbourg-ce-mercredi","status":"publish","type":"post","link":"https:\/\/www.europesays.com\/fr\/497071\/","title":{"rendered":"La ministre d\u00e9l\u00e9gu\u00e9e charg\u00e9e de l&rsquo;intelligence artificielle en d\u00e9placement \u00e0 Strasbourg ce mercredi"},"content":{"rendered":"<p>            Par<br \/>\n        <strong><br \/>\n            <a href=\"https:\/\/actu.fr\/auteur\/ivan-capecchi\" title=\"Consulter tous les articles de Ivan CAPECCHI\" target=\"_blank\" rel=\"noopener\">Ivan CAPECCHI<\/a><br \/>\n        <\/strong><\/p>\n<p>        Publi\u00e9 le<\/p>\n<p>            29 oct. 2025 \u00e0 7h02        <\/p>\n<p>La ministre d\u00e9l\u00e9gu\u00e9e charg\u00e9e de l\u2019<a href=\"https:\/\/actu.fr\/tag\/intelligence-artificielle\" target=\"_blank\" rel=\"noopener\">Intelligence artificielle<\/a> et du Num\u00e9rique, <strong>Anne Le Henanff<\/strong>, sera en d\u00e9placement \u00e0 <strong>Strasbourg<\/strong> ce mercredi 29 octobre. Elle participera \u00e0 l\u2019\u00e9v\u00e9nement <strong>Num\u00e9rique en Commun(s)<\/strong>, organis\u00e9 au <strong>Palais universitaire<\/strong> par l\u2019<strong>Agence nationale de la coh\u00e9sion des territoires<\/strong>.<\/p>\n<p>D\u00e9couverte du Conseil eurom\u00e9tropolitain du num\u00e9rique responsable<\/p>\n<p class=\" wall-content\">Ce rendez-vous annuel r\u00e9unit les <strong>acteurs du num\u00e9rique autour des enjeux d\u2019inclusion et de transformation digitale<\/strong>.<\/p>\n<p class=\" wall-content\">La ministre visitera notamment le stand de l\u2019Eurom\u00e9tropole pour d\u00e9couvrir le <strong>Conseil eurom\u00e9tropolitain du num\u00e9rique responsable<\/strong>, un dispositif de dialogue citoyen sur les usages du num\u00e9rique.<\/p>\n<p class=\" wall-content\">Elle introduira ensuite la pl\u00e9ni\u00e8re d\u2019ouverture, d\u00e9di\u00e9e \u00e0 la <strong>vision d\u2019un num\u00e9rique accessible et souverain<\/strong>.<\/p>\n<p class=\" wall-content\">Personnalisez votre actualit\u00e9 en ajoutant vos villes et m\u00e9dias en favori avec <a href=\"https:\/\/moncompte.actu.fr\" title=\"D\u00e9couvez Mon Actu\" rel=\"nofollow noopener\" data-trk=\"{&quot;cta&quot;:{&quot;action&quot;:&quot;https:\\\/\\\/moncompte.actu.fr&quot;,&quot;category&quot;:&quot;mon compte&quot;,&quot;from&quot;:&quot;article footer&quot;,&quot;name&quot;:&quot;Mon actu&quot;,&quot;type&quot;:&quot;cta&quot;}}\" target=\"_blank\">Mon Actu<\/a>.<\/p>\n","protected":false},"excerpt":{"rendered":"Par Ivan CAPECCHI Publi\u00e9 le 29 oct. 2025 \u00e0 7h02 La ministre d\u00e9l\u00e9gu\u00e9e charg\u00e9e de l\u2019Intelligence artificielle et&hellip;\n","protected":false},"author":2,"featured_media":497072,"comment_status":"","ping_status":"","sticky":false,"template":"","format":"standard","meta":{"footnotes":""},"categories":[2820],"tags":[1111,11,1777,674,1011,27,775,223,12,25,104,640],"class_list":{"0":"post-497071","1":"post","2":"type-post","3":"status-publish","4":"format-standard","5":"has-post-thumbnail","7":"category-strasbourg","8":"tag-actu","9":"tag-actualites","10":"tag-eu","11":"tag-europe","12":"tag-fr","13":"tag-france","14":"tag-grand-est","15":"tag-intelligence-artificielle","16":"tag-news","17":"tag-republique-francaise","18":"tag-societe","19":"tag-strasbourg"},"share_on_mastodon":{"url":"https:\/\/pubeurope.com\/@fr\/115456019198628979","error":""},"_links":{"self":[{"href":"https:\/\/www.europesays.com\/fr\/wp-json\/wp\/v2\/posts\/497071","targetHints":{"allow":["GET"]}}],"collection":[{"href":"https:\/\/www.europesays.com\/fr\/wp-json\/wp\/v2\/posts"}],"about":[{"href":"https:\/\/www.europesays.com\/fr\/wp-json\/wp\/v2\/types\/post"}],"author":[{"embeddable":true,"href":"https:\/\/www.europesays.com\/fr\/wp-json\/wp\/v2\/users\/2"}],"replies":[{"embeddable":true,"href":"https:\/\/www.europesays.com\/fr\/wp-json\/wp\/v2\/comments?post=497071"}],"version-history":[{"count":0,"href":"https:\/\/www.europesays.com\/fr\/wp-json\/wp\/v2\/posts\/497071\/revisions"}],"wp:featuredmedia":[{"embeddable":true,"href":"https:\/\/www.europesays.com\/fr\/wp-json\/wp\/v2\/media\/497072"}],"wp:attachment":[{"href":"https:\/\/www.europesays.com\/fr\/wp-json\/wp\/v2\/media?parent=497071"}],"wp:term":[{"taxonomy":"category","embeddable":true,"href":"https:\/\/www.europesays.com\/fr\/wp-json\/wp\/v2\/categories?post=497071"},{"taxonomy":"post_tag","embeddable":true,"href":"https:\/\/www.europesays.com\/fr\/wp-json\/wp\/v2\/tags?post=497071"}],"curies":[{"name":"wp","href":"https:\/\/api.w.org\/{rel}","templated":true}]}}