{"id":497077,"date":"2025-10-29T06:25:18","date_gmt":"2025-10-29T06:25:18","guid":{"rendered":"https:\/\/www.europesays.com\/fr\/497077\/"},"modified":"2025-10-29T06:25:18","modified_gmt":"2025-10-29T06:25:18","slug":"voici-lesquelles-et-comment-faire","status":"publish","type":"post","link":"https:\/\/www.europesays.com\/fr\/497077\/","title":{"rendered":"voici lesquelles et comment faire"},"content":{"rendered":"<p>            Par<br \/>\n        <strong><br \/>\n            <a href=\"https:\/\/actu.fr\/auteur\/arthur-frand\" title=\"Consulter tous les articles de Arthur Frand\" rel=\"nofollow noopener\" target=\"_blank\">Arthur Frand<\/a><br \/>\n        <\/strong><\/p>\n<p>        Publi\u00e9 le<\/p>\n<p>            29 oct. 2025 \u00e0 6h36        <\/p>\n<p>Une nouvelle \u00e8re. Celle de la bascule totale vers le tr\u00e8s haut d\u00e9bit. Sur le territoire fran\u00e7ais, les infrastructures num\u00e9riques \u00e9voluent. L\u2019op\u00e9rateur Orange proc\u00e8de \u00e0 la <strong>fermeture progressive du r\u00e9seau cuivre<\/strong> (t\u00e9l\u00e9phonie fixe et internet RTC ou ADSL). Certaines communes de l\u2019Hexagone ont d\u00e9j\u00e0 \u00e9t\u00e9 coup\u00e9es. <strong>Cinq communes azur\u00e9ennes<\/strong>, les premi\u00e8res du d\u00e9partement des <a href=\"https:\/\/actu.fr\/provence-alpes-cote-d-azur\/alpes-maritimes_06\" rel=\"nofollow noopener\" target=\"_blank\">Alpes-Maritimes<\/a>, seront impact\u00e9es d\u00e8s janvier\u00a02026. <a href=\"https:\/\/actu.fr\/nice\/\" rel=\"nofollow noopener\" target=\"_blank\">actu Nice<\/a> vous dit tout.<\/p>\n<p class=\" wall-content\">Ancr\u00e9 et historique, le r\u00e9seau cuivre est d\u00e9sormais <strong>vieillissant<\/strong>. Il n\u00e9cessite des r\u00e9parations plus fr\u00e9quentes et ne permet plus une qualit\u00e9 de connexion internet suffisante pour accompagner les usages du quotidien.<\/p>\n<p>32\u2009000 logements concern\u00e9s le 27\u00a0janvier 2026<\/p>\n<p class=\" wall-content\">Le 27\u00a0janvier 2026, tous les services associ\u00e9s au r\u00e9seau t\u00e9l\u00e9phonique cuivre, tels que le<br \/>t\u00e9l\u00e9phone fixe et l\u2019internet (RTC, ADSL, VDSL, SDSL), seront <strong>d\u00e9finitivement interrompus<\/strong> dans cinq communes des Alpes-Maritimes\u2009: Cap d\u2019Ail, La Colle-sur-Loup, Saint-Paul-de-Vence, Th\u00e9oule-sur-Mer et Villeneuve-Loubet. Une mesure qui concernera <strong>32\u2009000 logements.<\/strong><\/p>\n<p class=\" wall-content\">\u00ab\u2009Tous les clients (particuliers, professionnels, entreprises ou administrations) qui n\u2019ont pas encore migr\u00e9 vers une autre solution technologique (fibre, 4G\/5G fixe ou satellite) sont donc invit\u00e9s \u00e0 le faire, en se rapprochant de leur op\u00e9rateur commercial. Cela concerne environ 8\u2009% des lignes cuivre qui, \u00e0 ce jour, sont encore actives\u2009\u00bb, pr\u00e9cise la direction d\u2019Orange Grand Sud-est \u00e0 <a href=\"https:\/\/actu.fr\/nice\/\" rel=\"nofollow noopener\" target=\"_blank\">actu Nice<\/a>.<\/p>\n<p>    <img   decoding=\"async\" loading=\"lazy\" src=\"https:\/\/www.europesays.com\/fr\/wp-content\/uploads\/2025\/10\/reseau-cuivre-960x640.jpg\" alt=\"r\u00e9seau cuivre\" width=\"960\" height=\"640\"\/><br \/>\n    Le r\u00e9seau cuivre va \u00eatre d\u00e9finitivement interrompu dans cinq communes des Alpes-Maritimes d\u00e9but 2026. (\u00a9Orange Grand Sud Est)Quatre communes en 2027, 25\u00a0communes en 2028<\/p>\n<p class=\" wall-content\">Un an plus tard, le 31\u00a0janvier 2027, le r\u00e9seau cuivre sera interrompu dans quatre autres communes du d\u00e9partement\u2009: Cagnes-sur-Mer, Mandelieu-la-Napoule, Tou\u00ebt-sur-Var et Tourrettes-sur-Loup.<\/p>\n<p class=\" wall-content\">Dans deux ans, le 31\u00a0janvier 2028, cette fermeture technique concernera <strong>25\u00a0communes des Alpes-Maritimes<\/strong>\u2009: Auribeau-sur-Siagne\u2009; Ch\u00e2teauneuf-Grasse\u2009; Drap\u2009; La Gaude\u2009; Ilonse\u2009; Isola\u2009; Marie\u2009; Mouans-Sartoux\u2009; Mougins\u2009; Opio\u2009; P\u00e9gomas\u2009; Peille\u2009; Peillon\u2009; La Penne\u2009; P\u00e9one\u2009; Puget-Th\u00e9niers\u2009; Roquefort-les-Pins\u2009; La Roquette-sur-Siagne\u2009; Roubion\u2009; Roure\u2009; Le Rouret\u2009; Saint-Dalmas-le-Selvage\u2009; Saint-\u00c9tienne-de-Tin\u00e9e\u2009; Saint-Laurent-du-Var\u2009; Saint-Sauveur-sur-Tin\u00e9e.<\/p>\n<p>Votre r\u00e9gion, votre actu !<\/p>\n<p>Recevez chaque jour les infos qui comptent pour vous.<\/p>\n<p>\t<a href=\"https:\/\/actu.fr\/newsletter\" class=\"ac-btn ac-btn--corner ac-btn--medium ac-btn--blue800\" rel=\"nofollow noopener\" target=\"_blank\">S&rsquo;incrire<\/a><\/p>\n<p class=\" wall-content\">La fermeture du r\u00e9seau cuivre sera totalement effective<strong> \u00e0 horizon 2030<\/strong>. \u00ab\u200975\u00a0communes sont en phase de concertation jusqu\u2019au 30\u00a0novembre 2025\u2009\u00bb, souligne la direction d\u2019Orange Grand Sud Est \u00e0 actu Nice.<\/p>\n<p class=\" wall-content\">Une issue in\u00e9luctable qui r\u00e9pond \u00e0 des besoins <strong>pratiques et environnementaux.<\/strong> La fibre optique offre des d\u00e9bits plus performants (jusqu\u2019\u00e0 60\u2009% sup\u00e9rieurs \u00e0 ceux du cuivre), est plus robuste (taux de panne 1,5 fois plus \u00e9lev\u00e9 sur le cuivre que sur la fibre), moins \u00e9nergivore (consommation \u00e9nerg\u00e9tique 4\u00a0fois inf\u00e9rieure \u00e0 celle du cuivre) et moins sensible aux al\u00e9as de la m\u00e9t\u00e9o que le r\u00e9seau cuivre.<\/p>\n<p class=\" wall-content\">Personnalisez votre actualit\u00e9 en ajoutant vos villes et m\u00e9dias en favori avec <a href=\"https:\/\/moncompte.actu.fr\" title=\"D\u00e9couvez Mon Actu\" rel=\"nofollow noopener\" data-trk=\"{&quot;cta&quot;:{&quot;action&quot;:&quot;https:\\\/\\\/moncompte.actu.fr&quot;,&quot;category&quot;:&quot;mon compte&quot;,&quot;from&quot;:&quot;article footer&quot;,&quot;name&quot;:&quot;Mon actu&quot;,&quot;type&quot;:&quot;cta&quot;}}\" target=\"_blank\">Mon Actu<\/a>.<\/p>\n","protected":false},"excerpt":{"rendered":"Par Arthur Frand Publi\u00e9 le 29 oct. 2025 \u00e0 6h36 Une nouvelle \u00e8re. Celle de la bascule totale&hellip;\n","protected":false},"author":2,"featured_media":497078,"comment_status":"","ping_status":"","sticky":false,"template":"","format":"standard","meta":{"footnotes":""},"categories":[2819],"tags":[1111,11,1777,674,960,1011,27,12,2401,738,882,25,104],"class_list":{"0":"post-497077","1":"post","2":"type-post","3":"status-publish","4":"format-standard","5":"has-post-thumbnail","7":"category-nice","8":"tag-actu","9":"tag-actualites","10":"tag-eu","11":"tag-europe","12":"tag-fibre-optique","13":"tag-fr","14":"tag-france","15":"tag-news","16":"tag-nice","17":"tag-orange","18":"tag-provence-alpes-cote-dazur","19":"tag-republique-francaise","20":"tag-societe"},"share_on_mastodon":{"url":"https:\/\/pubeurope.com\/@fr\/115456031135253769","error":""},"_links":{"self":[{"href":"https:\/\/www.europesays.com\/fr\/wp-json\/wp\/v2\/posts\/497077","targetHints":{"allow":["GET"]}}],"collection":[{"href":"https:\/\/www.europesays.com\/fr\/wp-json\/wp\/v2\/posts"}],"about":[{"href":"https:\/\/www.europesays.com\/fr\/wp-json\/wp\/v2\/types\/post"}],"author":[{"embeddable":true,"href":"https:\/\/www.europesays.com\/fr\/wp-json\/wp\/v2\/users\/2"}],"replies":[{"embeddable":true,"href":"https:\/\/www.europesays.com\/fr\/wp-json\/wp\/v2\/comments?post=497077"}],"version-history":[{"count":0,"href":"https:\/\/www.europesays.com\/fr\/wp-json\/wp\/v2\/posts\/497077\/revisions"}],"wp:featuredmedia":[{"embeddable":true,"href":"https:\/\/www.europesays.com\/fr\/wp-json\/wp\/v2\/media\/497078"}],"wp:attachment":[{"href":"https:\/\/www.europesays.com\/fr\/wp-json\/wp\/v2\/media?parent=497077"}],"wp:term":[{"taxonomy":"category","embeddable":true,"href":"https:\/\/www.europesays.com\/fr\/wp-json\/wp\/v2\/categories?post=497077"},{"taxonomy":"post_tag","embeddable":true,"href":"https:\/\/www.europesays.com\/fr\/wp-json\/wp\/v2\/tags?post=497077"}],"curies":[{"name":"wp","href":"https:\/\/api.w.org\/{rel}","templated":true}]}}