{"id":497083,"date":"2025-10-29T06:28:10","date_gmt":"2025-10-29T06:28:10","guid":{"rendered":"https:\/\/www.europesays.com\/fr\/497083\/"},"modified":"2025-10-29T06:28:10","modified_gmt":"2025-10-29T06:28:10","slug":"moins-dun-an-apres-son-ouverture-a-bordeaux-cette-commercante-est-priee-de-fermer-sa-boutique-a-contrecoeur","status":"publish","type":"post","link":"https:\/\/www.europesays.com\/fr\/497083\/","title":{"rendered":"Moins d\u2019un an apr\u00e8s son ouverture \u00e0 Bordeaux, cette commer\u00e7ante est pri\u00e9e de fermer sa boutique \u00e0 contrec\u0153ur"},"content":{"rendered":"<p>            Par<br \/>\n        <strong><br \/>\n            <a href=\"https:\/\/actu.fr\/auteur\/julian-doubax\" title=\"Consulter tous les articles de Julian Doubax\" rel=\"nofollow noopener\" target=\"_blank\">Julian Doubax<\/a><br \/>\n        <\/strong><\/p>\n<p>        Publi\u00e9 le<\/p>\n<p>            29 oct. 2025 \u00e0 6h36        <\/p>\n<p>Le 23\u00a0d\u00e9cembre 2024, Marine Ranson a ouvert son salon de th\u00e9 Robes de moines dans le nouveau <a href=\"https:\/\/actu.fr\/nouvelle-aquitaine\/bordeaux_33063\/on-dirait-un-taudis-face-a-l-insalubrite-de-leur-residence-neuve-a-bordeaux-ces-riverains-sont-depites_63119835.html\" rel=\"nofollow noopener\" target=\"_blank\">quartier Belv\u00e9d\u00e8re<\/a> \u00e0 Bordeaux. Malgr\u00e9 une atmosph\u00e8re reposante et une d\u00e9coration soign\u00e9e, <strong>son commerce peine \u00e0 d\u00e9coller<\/strong>. Moins d\u2019un an apr\u00e8s son ouverture, il risque m\u00eame de <strong>dispara\u00eetre<\/strong>. Le bailleur Alta Belv\u00e9d\u00e8re, qui s\u2019occupe de la plupart des commerces implant\u00e9s dans le quartier, mettrait la pression \u00e0 la g\u00e9rante en exigeant une rentabilit\u00e9 rapide. Malgr\u00e9 ce<strong> climat anxiog\u00e8ne<\/strong>, la patronne s\u2019accroche pour p\u00e9renniser son \u00e9tablissement qu\u2019elle <strong>ne veut absolument pas quitter<\/strong>.<\/p>\n<p>Un choix bien pr\u00e9cis<\/p>\n<p class=\" wall-content\">Native de Picardie, Marine Ranson est sp\u00e9cialis\u00e9e dans la torr\u00e9faction. Apr\u00e8s une \u00e9tude de march\u00e9, elle d\u00e9cide de poser ses valises pour ouvrir <a href=\"https:\/\/www.instagram.com\/robedesmoines\/?hl=fr\" rel=\"nofollow noopener\" target=\"_blank\">son salon de th\u00e9<\/a> dans ce quartier en <strong>pleine expansion<\/strong>. D\u00e8s le d\u00e9part, les choses commencent mal. \u00ab\u2009Il y a eu plusieurs retards de livraison sur le chantier et des <strong>malfa\u00e7ons<\/strong> qui ne m\u2019ont pas aid\u00e9. Je suis quasiment partie avec aucune tr\u00e9sorerie\u2009\u00bb, confie la g\u00e9rante.<\/p>\n<p class=\" wall-content\">Outre ces impr\u00e9vus, le <strong>d\u00e9veloppement du quartier<\/strong> est aussi mis en cause. \u00ab\u2009On nous a promis beaucoup de choses qui ne sont pas arriv\u00e9es. Des grands groupes devaient s\u2019installer au Belv\u00e9d\u00e8re mais au final, plusieurs locaux sont encore vacants et cela n\u2019aide pas les commerces de proximit\u00e9.\u2009\u00bb<\/p>\n<p>Un bailleur exigeant<\/p>\n<p class=\" wall-content\">Moins d\u2019un an apr\u00e8s son lancement, le salon de th\u00e9 se retrouve alors dans <strong>l\u2019impasse<\/strong>. \u00ab\u2009Je n\u2019arrive pas \u00e0 honorer tous mes loyers\u2009\u00bb, explique la g\u00e9rante qui fait face \u00e0 l\u2019exigence de son bailleur Alta Belv\u00e9d\u00e8re. \u00ab\u2009On veut d\u00e9j\u00e0 me remplacer sans me laisser le temps de trouver une solution\u2009\u00bb, indique Marine Ranson en affirmant qu\u2019elle n\u2019est pas la seule enseigne <strong>impact\u00e9e<\/strong> par cette situation.<\/p>\n<p class=\" wall-content\">\u00ab\u2009Je suis le<strong> cas extr\u00eame<\/strong> car je suis proche de la fermeture mais les autres commer\u00e7ants connaissent le m\u00eame sort avec une pression quotidienne mise par le bailleur.\u2009\u00bb Contact\u00e9 par <a href=\"https:\/\/actu.fr\/bordeaux\/\" rel=\"nofollow noopener\" target=\"_blank\">actu Bordeaux<\/a>, le bailleur indique \u00ab\u2009que le bail commercial n\u2019a pas \u00e9t\u00e9 r\u00e9sili\u00e9 mais qu\u2019une proc\u00e9dure de recouvrement a \u00e9t\u00e9 engag\u00e9e afin de <strong>r\u00e9gulariser une situation o\u00f9 aucun loyer ni charges n\u2019ont \u00e9t\u00e9 r\u00e9gl\u00e9s<\/strong> depuis la prise \u00e0 bail\u2009\u00bb.<\/p>\n<p class=\" wall-content\">En attendant, l\u2019enseigne reste ouverte. \u00ab\u2009Je travaille dur tous les jours. J\u2019essaye de trouver des concepts \u00e9ph\u00e9m\u00e8res pour attirer du monde. Je veux<strong> juste n\u00e9gocier un d\u00e9lai<\/strong> pour tenter d\u2019am\u00e9liorer la situation.\u2009\u00bb<\/p>\n<p>Votre r\u00e9gion, votre actu !<\/p>\n<p>Recevez chaque jour les infos qui comptent pour vous.<\/p>\n<p>\t<a href=\"https:\/\/actu.fr\/newsletter\" class=\"ac-btn ac-btn--corner ac-btn--medium ac-btn--blue800\" rel=\"nofollow noopener\" target=\"_blank\">S&rsquo;incrire<\/a><\/p>\n<p class=\" wall-content\">Pour la commer\u00e7ante, baisser le rideau est le dernier souhait. \u00ab\u2009Je n\u2019ai pas fait tout \u00e7a pour rien.<strong> Je veux m\u2019accrocher<\/strong> et rester dans le quartier car je crois en mon projet. M\u00eame si le quotidien n\u2019est pas simple, je garde le moral\u2009\u00bb, sourit timidement Marine Ranson.<\/p>\n<p class=\" wall-content\">\u00c0 l\u2019annonce de ses difficult\u00e9s, la torr\u00e9factrice a pu compter <strong>sur le soutien des riverains<\/strong>. Une p\u00e9tition a circul\u00e9 dans les rues du Belv\u00e9d\u00e8re \u00e0 la mi-octobre pour appuyer le dossier de sauvegarde du commerce. \u00ab\u2009J\u2019ai la chance d\u2019\u00eatre bien entour\u00e9e, les clients ont \u00e9t\u00e9 super r\u00e9actifs. Ici, nous sommes une famille et <strong>personne ne veut d\u2019un quartier fant\u00f4me<\/strong>.\u2009\u00bb\u00a0<\/p>\n<p class=\" wall-content\">Personnalisez votre actualit\u00e9 en ajoutant vos villes et m\u00e9dias en favori avec <a href=\"https:\/\/moncompte.actu.fr\" title=\"D\u00e9couvez Mon Actu\" rel=\"nofollow noopener\" data-trk=\"{&quot;cta&quot;:{&quot;action&quot;:&quot;https:\\\/\\\/moncompte.actu.fr&quot;,&quot;category&quot;:&quot;mon compte&quot;,&quot;from&quot;:&quot;article footer&quot;,&quot;name&quot;:&quot;Mon actu&quot;,&quot;type&quot;:&quot;cta&quot;}}\" target=\"_blank\">Mon Actu<\/a>.<\/p>\n<p>                    <script async src=\"\/\/www.instagram.com\/embed.js\"><\/script><\/p>\n","protected":false},"excerpt":{"rendered":"Par Julian Doubax Publi\u00e9 le 29 oct. 2025 \u00e0 6h36 Le 23\u00a0d\u00e9cembre 2024, Marine Ranson a ouvert son&hellip;\n","protected":false},"author":2,"featured_media":497084,"comment_status":"","ping_status":"","sticky":false,"template":"","format":"standard","meta":{"footnotes":""},"categories":[2817],"tags":[1111,11,1997,215,1777,674,1011,27,12,2219,25,104],"class_list":{"0":"post-497083","1":"post","2":"type-post","3":"status-publish","4":"format-standard","5":"has-post-thumbnail","7":"category-bordeaux","8":"tag-actu","9":"tag-actualites","10":"tag-bordeaux","11":"tag-commerce","12":"tag-eu","13":"tag-europe","14":"tag-fr","15":"tag-france","16":"tag-news","17":"tag-nouvelle-aquitaine","18":"tag-republique-francaise","19":"tag-societe"},"share_on_mastodon":{"url":"https:\/\/pubeurope.com\/@fr\/115456042983612735","error":""},"_links":{"self":[{"href":"https:\/\/www.europesays.com\/fr\/wp-json\/wp\/v2\/posts\/497083","targetHints":{"allow":["GET"]}}],"collection":[{"href":"https:\/\/www.europesays.com\/fr\/wp-json\/wp\/v2\/posts"}],"about":[{"href":"https:\/\/www.europesays.com\/fr\/wp-json\/wp\/v2\/types\/post"}],"author":[{"embeddable":true,"href":"https:\/\/www.europesays.com\/fr\/wp-json\/wp\/v2\/users\/2"}],"replies":[{"embeddable":true,"href":"https:\/\/www.europesays.com\/fr\/wp-json\/wp\/v2\/comments?post=497083"}],"version-history":[{"count":0,"href":"https:\/\/www.europesays.com\/fr\/wp-json\/wp\/v2\/posts\/497083\/revisions"}],"wp:featuredmedia":[{"embeddable":true,"href":"https:\/\/www.europesays.com\/fr\/wp-json\/wp\/v2\/media\/497084"}],"wp:attachment":[{"href":"https:\/\/www.europesays.com\/fr\/wp-json\/wp\/v2\/media?parent=497083"}],"wp:term":[{"taxonomy":"category","embeddable":true,"href":"https:\/\/www.europesays.com\/fr\/wp-json\/wp\/v2\/categories?post=497083"},{"taxonomy":"post_tag","embeddable":true,"href":"https:\/\/www.europesays.com\/fr\/wp-json\/wp\/v2\/tags?post=497083"}],"curies":[{"name":"wp","href":"https:\/\/api.w.org\/{rel}","templated":true}]}}