{"id":497091,"date":"2025-10-29T06:32:16","date_gmt":"2025-10-29T06:32:16","guid":{"rendered":"https:\/\/www.europesays.com\/fr\/497091\/"},"modified":"2025-10-29T06:32:16","modified_gmt":"2025-10-29T06:32:16","slug":"je-mimaginais-locataire-toute-ma-vie-face-aux-loyers-qui-flambent-a-lille-lachat-plus-rentable-que-jamais","status":"publish","type":"post","link":"https:\/\/www.europesays.com\/fr\/497091\/","title":{"rendered":"\u00ab\u00a0Je m\u2019imaginais locataire toute ma vie\u00a0\u00bb\u00a0: face aux loyers qui flambent \u00e0 Lille, l\u2019achat plus rentable que jamais"},"content":{"rendered":"<p class=\"paragraph text_align_left lp-f-body-02\">La pluie battante de Lille n\u2019aura pas raison du sourire rayonnant de M\u00e9lissandre, ce mardi. Ses yeux bleus p\u00e9tillent de joie. Elle sort de chez le notaire, cl\u00e9s en main, <a href=\"https:\/\/www.leparisien.fr\/immobilier\/\" target=\"_blank\" rel=\"noreferrer noopener\">propri\u00e9taire pour la premi\u00e8re fois<\/a>. \u00ab C\u2019est fou ! Moi, je m\u2019imaginais locataire toute ma vie\u2026 \u00bb, glisse-t-elle. Pour 120 000 euros, frais notariaux inclus, elle vient d\u2019acheter un deux-pi\u00e8ces de 35 m2, dans le quartier Gambetta. \u00ab Je ne pensais pas que ce serait accessible avec mon budget \u00bb, explique-t-elle.<\/p>\n<p class=\"paragraph text_align_left lp-f-body-02\">Lorsqu\u2019elle revient s\u2019installer \u00e0 Lille en mai, M\u00e9lissandre cherche d\u2019abord \u00e0 louer. \u00ab Mais quand j\u2019ai vu les prix et la qualit\u00e9 de ce qu\u2019on voyait\u2026 \u00bb On lui demande de gagner trois fois le loyer\u2026 Mais impossible de trouver un logement correct sous les 800 euros. \u00ab \u00c7a me prenait la moiti\u00e9 de mon salaire et mon dossier ne passait pas \u00bb, raconte la jeune femme, qui d\u00e9cide finalement de se tourner vers l\u2019achat.<\/p>\n","protected":false},"excerpt":{"rendered":"La pluie battante de Lille n\u2019aura pas raison du sourire rayonnant de M\u00e9lissandre, ce mardi. Ses yeux bleus&hellip;\n","protected":false},"author":2,"featured_media":497092,"comment_status":"","ping_status":"","sticky":false,"template":"","format":"standard","meta":{"footnotes":""},"categories":[2815],"tags":[1111,11,33,1777,674,1011,27,811,1116,1307,12,25],"class_list":{"0":"post-497091","1":"post","2":"type-post","3":"status-publish","4":"format-standard","5":"has-post-thumbnail","7":"category-lille","8":"tag-actu","9":"tag-actualites","10":"tag-economie","11":"tag-eu","12":"tag-europe","13":"tag-fr","14":"tag-france","15":"tag-hauts-de-france","16":"tag-immobilier","17":"tag-lille","18":"tag-news","19":"tag-republique-francaise"},"share_on_mastodon":{"url":"https:\/\/pubeurope.com\/@fr\/115456058693892320","error":""},"_links":{"self":[{"href":"https:\/\/www.europesays.com\/fr\/wp-json\/wp\/v2\/posts\/497091","targetHints":{"allow":["GET"]}}],"collection":[{"href":"https:\/\/www.europesays.com\/fr\/wp-json\/wp\/v2\/posts"}],"about":[{"href":"https:\/\/www.europesays.com\/fr\/wp-json\/wp\/v2\/types\/post"}],"author":[{"embeddable":true,"href":"https:\/\/www.europesays.com\/fr\/wp-json\/wp\/v2\/users\/2"}],"replies":[{"embeddable":true,"href":"https:\/\/www.europesays.com\/fr\/wp-json\/wp\/v2\/comments?post=497091"}],"version-history":[{"count":0,"href":"https:\/\/www.europesays.com\/fr\/wp-json\/wp\/v2\/posts\/497091\/revisions"}],"wp:featuredmedia":[{"embeddable":true,"href":"https:\/\/www.europesays.com\/fr\/wp-json\/wp\/v2\/media\/497092"}],"wp:attachment":[{"href":"https:\/\/www.europesays.com\/fr\/wp-json\/wp\/v2\/media?parent=497091"}],"wp:term":[{"taxonomy":"category","embeddable":true,"href":"https:\/\/www.europesays.com\/fr\/wp-json\/wp\/v2\/categories?post=497091"},{"taxonomy":"post_tag","embeddable":true,"href":"https:\/\/www.europesays.com\/fr\/wp-json\/wp\/v2\/tags?post=497091"}],"curies":[{"name":"wp","href":"https:\/\/api.w.org\/{rel}","templated":true}]}}