{"id":497093,"date":"2025-10-29T06:33:11","date_gmt":"2025-10-29T06:33:11","guid":{"rendered":"https:\/\/www.europesays.com\/fr\/497093\/"},"modified":"2025-10-29T06:33:11","modified_gmt":"2025-10-29T06:33:11","slug":"aeroport-de-lille-un-grand-forum-de-lemploi-avec-plus-de-50-postes-a-pourvoir-organise-en-novembre","status":"publish","type":"post","link":"https:\/\/www.europesays.com\/fr\/497093\/","title":{"rendered":"A\u00e9roport de Lille. Un grand forum de l&#8217;emploi avec plus de 50 postes \u00e0 pourvoir organis\u00e9 en novembre"},"content":{"rendered":"<p>            Par<br \/>\n        <strong><br \/>\n            <a href=\"https:\/\/actu.fr\/auteur\/hervine-mahaud\" title=\"Consulter tous les articles de Hervine Mahaud\" target=\"_blank\" rel=\"noopener\">Hervine Mahaud<\/a><br \/>\n        <\/strong><\/p>\n<p>        Publi\u00e9 le<\/p>\n<p>            29 oct. 2025 \u00e0 6h30        <\/p>\n<p>Envie de travailler au plus pr\u00e8s des avions ? Notez bien la date du jeudi 20 novembre 2025. Ce jour-l\u00e0, l\u2019<b>a\u00e9roport de Lille<\/b>, situ\u00e9 \u00e0 <a href=\"https:\/\/actu.fr\/hauts-de-france\/lesquin_59343\" target=\"_blank\" rel=\"noopener\">Lesquin<\/a>, organise la quatri\u00e8me \u00e9dition du <b>forum de l\u2019emploi<\/b>. L\u2019\u00e9v\u00e9nement se d\u00e9roulera au c\u0153ur m\u00eame de l\u2019a\u00e9rogare, de 9h30 \u00e0 17h. <b>Plus de 50 postes seront \u00e0 pourvoir<\/b> aupr\u00e8s de recruteurs tr\u00e8s vari\u00e9s.<\/p>\n<p>Plus de 50 postes \u00e0 pourvoir pour pr\u00e9parer la saison 2026 de l\u2019a\u00e9roport de Lille<\/p>\n<p class=\" wall-content\">\u00ab\u00a0Pour pr\u00e9parer la prochaine saison 2026, plus de 50 postes sont \u00e0 pourvoir, sur les <b>fonctions diversifi\u00e9es<\/b> qui rythment le quotidien d\u2019un a\u00e9roport\u00a0\u00bb, annonce la structure, qui organise l\u2019\u00e9v\u00e9nement en \u00e9troite collaboration avec ses partenaires.<\/p>\n<p class=\" wall-content\">Ainsi, en plus de l\u2019a\u00e9roport de Lille lui-m\u00eame, d\u2019autres professionnels seront pr\u00e9sents :<\/p>\n<ul class=\" wall-content\">\n<li><b>Aviapartner<\/b> : prestataires de services d\u2019assistance en escale pour le compte des 11 compagnies a\u00e9riennes op\u00e9rant \u00e0 Lille<\/li>\n<li><b>Derichebourg<\/b> : prestataire des missions d\u2019entretien et des protocoles hygi\u00e8ne\/propret\u00e9<\/li>\n<li><b>Seris Security<\/b> : prestataire des missions de s\u00fbret\u00e9 a\u00e9roportaire<\/li>\n<li><b>Lagard\u00e8re Travel Retail<\/b> : prestataire restauration et boutiques a\u00e9roport<\/li>\n<\/ul>\n<p class=\" wall-content\">Parmi les offres d\u2019emploi ouvertes aux candidats, des postes <b>d\u2019agents d\u2019exploitation, de surveillance des parcs et acc\u00e8s,\u00a0de chargement a\u00e9roportuaire,\u00a0d\u2019escale a\u00e9roportuaire et de trafic a\u00e9rien d\u2019entretien, de s\u00fbret\u00e9 a\u00e9roportuaire<\/b>.<\/p>\n<p>Comment postuler ?<\/p>\n<p class=\" wall-content\">Pour postuler, il n\u2019y a <b>pas forc\u00e9ment besoin d\u2019avoir un dipl\u00f4me ou de l\u2019exp\u00e9rience<\/b> en amont. Le forum de l\u2019emploi ouvre ses portes \u00e0 \u00ab\u00a0tous les candidats\u00a0\u00bb. Par la suite, \u00ab\u00a0des <b>formations sp\u00e9cifiques<\/b> aux fonctions seront dispens\u00e9es par les entreprises avant le d\u00e9but de la saison, ce qui laisse l\u2019opportunit\u00e9 \u00e0 tous les profils d\u2019\u00eatre recrut\u00e9s sur ces postes\u00a0\u00bb, explique l\u2019a\u00e9roport de Lille.<\/p>\n<p>Votre r\u00e9gion, votre actu !<\/p>\n<p>Recevez chaque jour les infos qui comptent pour vous.<\/p>\n<p>\t<a href=\"https:\/\/actu.fr\/newsletter\" class=\"ac-btn ac-btn--corner ac-btn--medium ac-btn--blue800\" target=\"_blank\" rel=\"noopener\">S&rsquo;incrire<\/a><\/p>\n<p class=\" wall-content\">Mais avant de venir sur place, il faut <b>obligatoirement s\u2019inscrire au pr\u00e9alable<\/b> <a href=\"https:\/\/lille.aeroport.fr\/forumemploi\" target=\"_blank\" rel=\"noopener\">en cliquant sur ce lien<\/a>. Les candidats y retrouveront aussi toutes les offres d\u2019emploi disponibles.<\/p>\n<p class=\" wall-content\">Le jour J, le forum se d\u00e9roulera en <b>deux sessions<\/b> :<\/p>\n<ul class=\" wall-content\">\n<li>une le matin qui d\u00e9butera \u00e0 9h30 ;<\/li>\n<li>une autre l\u2019apr\u00e8s midi qui d\u00e9butera \u00e0 14h00.<\/li>\n<\/ul>\n<p class=\" wall-content\">Chaque session d\u00e9bute par une pr\u00e9sentation rapide des m\u00e9tiers, puis les candidats pourront <b>se pr\u00e9senter et \u00e9changer<\/b> avec les diff\u00e9rentes entreprises qui recrutent. \u00c0 noter que le forum de l\u2019emploi b\u00e9n\u00e9ficie de l\u2019accompagnement de France Travail et Proch\u2019Emploi Hauts-de-France. Dans ce cadre, toutes les candidatures seront \u00e9tudi\u00e9es et suivies par des r\u00e9f\u00e9rents de ces structures qui soutiennent les demandeurs d\u2019emploi du territoire, au quotidien.<\/p>\n<p>Comment venir ?<\/p>\n<p class=\" wall-content\">Pour vous rendre sur place, plusieurs options sont possibles :<\/p>\n<ul class=\" wall-content\">\n<li>En voiture par l\u2019A1 (sortie 20 A\u00e9roport) ou par l\u2019A23 (via le CRT de Lesquin) ; parking offert \u00e0 l\u2019a\u00e9roport aux participants du forum<\/li>\n<li>Par la navette de l\u2019a\u00e9roport, depuis le centre-ville de Lille<\/li>\n<li>Par la ligne il\u00e9via B68 depuis la gare TER de Lesquin ou la station de m\u00e9tro 4 Cantons<\/li>\n<li>Par les lignes 855 et 871 du r\u00e9seau Arc en Ciel<\/li>\n<\/ul>\n<p class=\" wall-content\">Personnalisez votre actualit\u00e9 en ajoutant vos villes et m\u00e9dias en favori avec <a href=\"https:\/\/moncompte.actu.fr\" title=\"D\u00e9couvez Mon Actu\" rel=\"nofollow noopener\" data-trk=\"{&quot;cta&quot;:{&quot;action&quot;:&quot;https:\\\/\\\/moncompte.actu.fr&quot;,&quot;category&quot;:&quot;mon compte&quot;,&quot;from&quot;:&quot;article footer&quot;,&quot;name&quot;:&quot;Mon actu&quot;,&quot;type&quot;:&quot;cta&quot;}}\" target=\"_blank\">Mon Actu<\/a>.<\/p>\n","protected":false},"excerpt":{"rendered":"Par Hervine Mahaud Publi\u00e9 le 29 oct. 2025 \u00e0 6h30 Envie de travailler au plus pr\u00e8s des avions&hellip;\n","protected":false},"author":2,"featured_media":497094,"comment_status":"","ping_status":"","sticky":false,"template":"","format":"standard","meta":{"footnotes":""},"categories":[2815],"tags":[1111,11,33,341,1777,674,1011,27,811,1307,12,25],"class_list":{"0":"post-497093","1":"post","2":"type-post","3":"status-publish","4":"format-standard","5":"has-post-thumbnail","7":"category-lille","8":"tag-actu","9":"tag-actualites","10":"tag-economie","11":"tag-emploi","12":"tag-eu","13":"tag-europe","14":"tag-fr","15":"tag-france","16":"tag-hauts-de-france","17":"tag-lille","18":"tag-news","19":"tag-republique-francaise"},"share_on_mastodon":{"url":"https:\/\/pubeurope.com\/@fr\/115456062525971038","error":""},"_links":{"self":[{"href":"https:\/\/www.europesays.com\/fr\/wp-json\/wp\/v2\/posts\/497093","targetHints":{"allow":["GET"]}}],"collection":[{"href":"https:\/\/www.europesays.com\/fr\/wp-json\/wp\/v2\/posts"}],"about":[{"href":"https:\/\/www.europesays.com\/fr\/wp-json\/wp\/v2\/types\/post"}],"author":[{"embeddable":true,"href":"https:\/\/www.europesays.com\/fr\/wp-json\/wp\/v2\/users\/2"}],"replies":[{"embeddable":true,"href":"https:\/\/www.europesays.com\/fr\/wp-json\/wp\/v2\/comments?post=497093"}],"version-history":[{"count":0,"href":"https:\/\/www.europesays.com\/fr\/wp-json\/wp\/v2\/posts\/497093\/revisions"}],"wp:featuredmedia":[{"embeddable":true,"href":"https:\/\/www.europesays.com\/fr\/wp-json\/wp\/v2\/media\/497094"}],"wp:attachment":[{"href":"https:\/\/www.europesays.com\/fr\/wp-json\/wp\/v2\/media?parent=497093"}],"wp:term":[{"taxonomy":"category","embeddable":true,"href":"https:\/\/www.europesays.com\/fr\/wp-json\/wp\/v2\/categories?post=497093"},{"taxonomy":"post_tag","embeddable":true,"href":"https:\/\/www.europesays.com\/fr\/wp-json\/wp\/v2\/tags?post=497093"}],"curies":[{"name":"wp","href":"https:\/\/api.w.org\/{rel}","templated":true}]}}