{"id":497105,"date":"2025-10-29T06:44:15","date_gmt":"2025-10-29T06:44:15","guid":{"rendered":"https:\/\/www.europesays.com\/fr\/497105\/"},"modified":"2025-10-29T06:44:15","modified_gmt":"2025-10-29T06:44:15","slug":"quatre-bulgares-face-a-la-justice-a-paris","status":"publish","type":"post","link":"https:\/\/www.europesays.com\/fr\/497105\/","title":{"rendered":"quatre Bulgares face \u00e0 la justice \u00e0 Paris"},"content":{"rendered":"<p class=\"mb-4 text-lg md:leading-8 break-words\">Quatre ressortissants bulgares sont jug\u00e9s, \u00e0 partir de ce mercredi 29 octobre, au tribunal correctionnel de Paris. Ils sont accus\u00e9s d&rsquo;avoir peint au pochoir des mains rouges sur les murs du M\u00e9morial de la Shoah, en mai 2024. Un acte de vandalisme qui serait li\u00e9 au r\u00e9gime russe, d&rsquo;apr\u00e8s les renseignements int\u00e9rieurs, et qui s&rsquo;inscrirait dans une s\u00e9rie de tentatives de d\u00e9stabilisation \u00e9trang\u00e8re sur le territoire fran\u00e7ais.<\/p>\n<p class=\"mb-4 text-lg md:leading-8 break-words\">Trois suspects, \u00e2g\u00e9s de 28 \u00e0 42 ans, seront dans le box des accus\u00e9s ce 29 octobre. Ils sont en d\u00e9tention provisoire depuis leur extradition depuis la Croatie et la <strong><a href=\"https:\/\/www.rfi.fr\/fr\/tag\/bulgarie\/\" rel=\"nofollow noopener\" target=\"_blank\" data-ylk=\"slk:Bulgarie;elm:context_link;itc:0;sec:content-canvas\" class=\"link \">Bulgarie<\/a><\/strong>. Le quatri\u00e8me pr\u00e9venu, un homme de 27 ans, est en fuite. Un mandat d&rsquo;arr\u00eat a \u00e9t\u00e9 \u00e9mis contre lui \u2013 il sera jug\u00e9 en son absence.<\/p>\n<p class=\"mb-4 text-lg md:leading-8 break-words\">Trois d&rsquo;entre eux sont poursuivis pour associations de malfaiteurs et d\u00e9gradations en r\u00e9union, en raison de la pr\u00e9tendue appartenance \u00e0 une race, une ethnie ou une religion. Le dernier, qui aurait organis\u00e9 \u00e0 distance l&rsquo;op\u00e9ration, est jug\u00e9 pour complicit\u00e9 de ces m\u00eames chefs d&rsquo;accusations.<\/p>\n<p class=\"mb-4 text-lg md:leading-8 break-words\">De nationalit\u00e9 bulgare, les quatre hommes auraient particip\u00e9 aux tags des 35 mains rouges apparues dans la nuit du 13 au 14 mai 2024 sur le Mur des Justes du M\u00e9morial de la Shoah.\u00a0Alors que l&rsquo;offensive isra\u00e9lienne massive dans la bande de Gaza \u00e9tait en cours, le symbole controvers\u00e9 de la main rouge pouvait \u00e9voquer un \u00e9pisode ant\u00e9rieur du <strong><a href=\"https:\/\/www.rfi.fr\/fr\/tag\/conflit-isra\u00e9lo-palestinien\/\" rel=\"nofollow noopener\" target=\"_blank\" data-ylk=\"slk:conflit isra\u00e9lo-palestinien;elm:context_link;itc:0;sec:content-canvas\" class=\"link \">conflit isra\u00e9lo-palestinien<\/a><\/strong>\u00a0: celui du lynchage de soldats isra\u00e9liens \u00e0 Ramallah, en 2000.<\/p>\n<p class=\"mb-4 text-lg md:leading-8 break-words\">\u00c0 lire aussi<a href=\"https:\/\/www.rfi.fr\/fr\/france\/20240727-trois-ressortissants-bulgares-arr\u00eat\u00e9s-pour-avoir-tagu\u00e9-des-mains-rouges-au-m\u00e9morial-de-la-shoah\" class=\"link \" rel=\"nofollow noopener\" target=\"_blank\" data-ylk=\"slk:Trois ressortissants bulgares arr\u00eat\u00e9s pour avoir tagu\u00e9 des mains rouges au M\u00e9morial de la Shoah;elm:context_link;itc:0;sec:content-canvas\">Trois ressortissants bulgares arr\u00eat\u00e9s pour avoir tagu\u00e9 des mains rouges au M\u00e9morial de la Shoah<\/a><\/p>\n<p>Plusieurs tentatives de d\u00e9stabilisation en France depuis deux ans<\/p>\n<p class=\"mb-4 text-lg md:leading-8 break-words\">La th\u00e8se de tags antis\u00e9mites, reprise notamment sur les r\u00e9seaux sociaux, fut rapidement abandonn\u00e9e au profit de celle de l&rsquo;ing\u00e9rence \u00e9trang\u00e8re. D&rsquo;apr\u00e8s le parquet, les quatre hommes seraient des \u00ab\u00a0proxies\u00a0\u00bb, c&rsquo;est-\u00e0-dire des personnes r\u00e9mun\u00e9r\u00e9es par les services secrets russes pour des t\u00e2ches ponctuelles, avec pour objectif d&rsquo;attiser les tensions internes et de diviser l&rsquo;opinion publique fran\u00e7aise.<\/p>\n<p class=\"mb-4 text-lg md:leading-8 break-words\">Un agent de s\u00e9curit\u00e9 du M\u00e9morial de la Shoah \u00ab\u00a0avait surpris deux personnes\u00a0\u00bb en train d&rsquo;\u00ab\u00a0apposer des pochoirs et prendre la fuite \u00e0 son arriv\u00e9e\u00a0\u00bb, avait relat\u00e9 le parquet.\u00a0Les suspects ont \u00e9t\u00e9 identifi\u00e9s gr\u00e2ce \u00e0 l&rsquo;analyse des images de vid\u00e9osurveillance, de leurs lignes t\u00e9l\u00e9phoniques, des r\u00e9servations de vols et d&rsquo;un h\u00f4tel.\u00a0Trois d&rsquo;entre eux avaient pris un bus pour Bruxelles le 14 mai, juste apr\u00e8s les faits, puis un vol pour Sofia.<\/p>\n<p class=\"mb-4 text-lg md:leading-8 break-words\">Ce dossier fait partie d&rsquo;une s\u00e9rie de tentatives de d\u00e9stabilisation visant \u00e0 \u00ab\u00a0semer le trouble\u00a0\u00bb et \u00ab\u00a0cr\u00e9er des fractures\u00a0\u00bb dans la population fran\u00e7aise, avait affirm\u00e9 en septembre la procureure de Paris, Laure Beccuau, qui avait cit\u00e9\u00a0neuf affaires li\u00e9es \u00e0 des ing\u00e9rences \u00e9trang\u00e8res. Parmi elles\u00a0:\u00a0les <strong><a href=\"https:\/\/www.rfi.fr\/fr\/france\/20231107-\u00e9toiles-de-david-bleues-tagu\u00e9es-\u00e0-paris-la-justice-envisage-un-possible-commanditaire-\u00e0-l-\u00e9tranger\" rel=\"nofollow noopener\" target=\"_blank\" data-ylk=\"slk:\u00e9toiles de David bleues tagu\u00e9es;elm:context_link;itc:0;sec:content-canvas\" class=\"link \">\u00e9toiles de David bleues tagu\u00e9es<\/a><\/strong> en r\u00e9gion parisienne en octobre 2023, les\u00a0<strong><a href=\"https:\/\/www.rfi.fr\/fr\/france\/20240603-cercueils-au-pied-de-la-tour-eiffel-au-moins-un-des-auteurs-en-lien-avec-les-mains-rouges-sur-le-m\u00e9morial-de-la-shoah\" rel=\"nofollow noopener\" target=\"_blank\" data-ylk=\"slk:cercueils d\u00e9pos\u00e9s au pied de la tour Eiffel;elm:context_link;itc:0;sec:content-canvas\" class=\"link \">cercueils d\u00e9pos\u00e9s au pied de la tour Eiffel<\/a><\/strong> couverts du drapeau fran\u00e7ais et portant la mention \u00ab\u00a0soldats fran\u00e7ais de l&rsquo;Ukraine\u00a0\u00bb en juin 2024, ou encore les <strong><a href=\"https:\/\/fr.news.yahoo.com\/france-indignation-g%C3%A9n%C3%A9rale-apr%C3%A8s-d%C3%A9couverte-122551008.html\" data-ylk=\"slk:t\u00eates de cochon d\u00e9pos\u00e9es devant plusieurs mosqu\u00e9es;elm:context_link;itc:0;sec:content-canvas;outcm:mb_qualified_link;_E:mb_qualified_link;ct:story;\" class=\"link  yahoo-link\" target=\"_blank\" rel=\"noopener\">t\u00eates de cochon d\u00e9pos\u00e9es devant plusieurs mosqu\u00e9es<\/a><\/strong> d&rsquo;\u00cele-de-France en septembre 2025.<\/p>\n<p class=\"mb-4 text-lg md:leading-8 break-words\">Les suspects jug\u00e9s dans l&rsquo;affaire des mains rouges encourent chacun jusqu&rsquo;\u00e0 dix ans d&#8217;emprisonnement.<\/p>\n<p class=\"mb-4 text-lg md:leading-8 break-words\">\u00c0 lire aussi<a href=\"https:\/\/fr.news.yahoo.com\/ing%C3%A9rences-%C3%A9trang%C3%A8res-france-dossiers-saccumulent-114818577.html\" class=\"link  yahoo-link\" data-ylk=\"slk:Ing\u00e9rences \u00e9trang\u00e8res en France: les dossiers s&#039;accumulent, selon la procureure de Paris;elm:context_link;itc:0;sec:content-canvas;outcm:mb_qualified_link;_E:mb_qualified_link;ct:story;\" target=\"_blank\" rel=\"noopener\">Ing\u00e9rences \u00e9trang\u00e8res en France: les dossiers s&rsquo;accumulent, selon la procureure de Paris<\/a><\/p>\n","protected":false},"excerpt":{"rendered":"Quatre ressortissants bulgares sont jug\u00e9s, \u00e0 partir de ce mercredi 29 octobre, au tribunal correctionnel de Paris. Ils&hellip;\n","protected":false},"author":2,"featured_media":385231,"comment_status":"","ping_status":"","sticky":false,"template":"","format":"standard","meta":{"footnotes":""},"categories":[1888],"tags":[1111,1928,11,1927,12881,1777,674,1011,27,61949,17056,12,1926,626,1925,25,34787],"class_list":{"0":"post-497105","1":"post","2":"type-post","3":"status-publish","4":"format-standard","5":"has-post-thumbnail","7":"category-paris","8":"tag-actu","9":"tag-actu-paris","10":"tag-actualites","11":"tag-actualites-paris","12":"tag-associations-de-malfaiteurs","13":"tag-eu","14":"tag-europe","15":"tag-fr","16":"tag-france","17":"tag-mains-rouges","18":"tag-memorial-de-la-shoah","19":"tag-news","20":"tag-news-paris","21":"tag-paris","22":"tag-paris-news","23":"tag-republique-francaise","24":"tag-tribunal-correctionnel-de-paris"},"share_on_mastodon":{"url":"https:\/\/pubeurope.com\/@fr\/115456106203781410","error":""},"_links":{"self":[{"href":"https:\/\/www.europesays.com\/fr\/wp-json\/wp\/v2\/posts\/497105","targetHints":{"allow":["GET"]}}],"collection":[{"href":"https:\/\/www.europesays.com\/fr\/wp-json\/wp\/v2\/posts"}],"about":[{"href":"https:\/\/www.europesays.com\/fr\/wp-json\/wp\/v2\/types\/post"}],"author":[{"embeddable":true,"href":"https:\/\/www.europesays.com\/fr\/wp-json\/wp\/v2\/users\/2"}],"replies":[{"embeddable":true,"href":"https:\/\/www.europesays.com\/fr\/wp-json\/wp\/v2\/comments?post=497105"}],"version-history":[{"count":0,"href":"https:\/\/www.europesays.com\/fr\/wp-json\/wp\/v2\/posts\/497105\/revisions"}],"wp:featuredmedia":[{"embeddable":true,"href":"https:\/\/www.europesays.com\/fr\/wp-json\/wp\/v2\/media\/385231"}],"wp:attachment":[{"href":"https:\/\/www.europesays.com\/fr\/wp-json\/wp\/v2\/media?parent=497105"}],"wp:term":[{"taxonomy":"category","embeddable":true,"href":"https:\/\/www.europesays.com\/fr\/wp-json\/wp\/v2\/categories?post=497105"},{"taxonomy":"post_tag","embeddable":true,"href":"https:\/\/www.europesays.com\/fr\/wp-json\/wp\/v2\/tags?post=497105"}],"curies":[{"name":"wp","href":"https:\/\/api.w.org\/{rel}","templated":true}]}}