{"id":497108,"date":"2025-10-29T06:46:42","date_gmt":"2025-10-29T06:46:42","guid":{"rendered":"https:\/\/www.europesays.com\/fr\/497108\/"},"modified":"2025-10-29T06:46:42","modified_gmt":"2025-10-29T06:46:42","slug":"pres-de-paris-les-sangliers-gagnent-du-terrain-en-ville-cest-verdun-chez-nous","status":"publish","type":"post","link":"https:\/\/www.europesays.com\/fr\/497108\/","title":{"rendered":"Pr\u00e8s de Paris, les sangliers gagnent du terrain en ville\u00a0: \u00ab\u00a0C\u2019est Verdun, chez nous\u00a0!\u00a0\u00bb"},"content":{"rendered":"<p class=\"paragraph text_align_left lp-f-body-02\">De son beau jardin, en lisi\u00e8re de la for\u00eat domaniale du Claireau (Yvelines), il ne reste quasiment plus rien. Les 2 000 m2 de pelouse ont \u00e9t\u00e9 retourn\u00e9s, les rosiers et les plants de fraisiers ne sont plus qu\u2019un souvenir. En l\u2019espace de quinze jours, les sangliers ont tout d\u00e9vast\u00e9. Blandine, habitante de <a href=\"https:\/\/www.leparisien.fr\/yvelines-78\/chevreuse-78460\/\" target=\"_self\" rel=\"noopener\">Chevreuse<\/a>, petite commune de 5 532 \u00e2mes situ\u00e9e dans le parc naturel de la vall\u00e9e de Chevreuse, est d\u00e9sempar\u00e9e face \u00e0 ces hordes de suid\u00e9s qui, lors de vir\u00e9es nocturnes, saccagent tout sur leur passage.<\/p>\n<p class=\"paragraph text_align_left lp-f-body-02\">\u00ab Nous habitons ici depuis dix ans.<b> <\/b>C\u2019est la troisi\u00e8me fois que les b\u00eates retournent notre jardin. Depuis cinq ou six ans, quasiment tous les dix-huit mois, on doit le refaire. Nos voisins sont dans la m\u00eame situation mais, cette ann\u00e9e, on a gagn\u00e9 la m\u00e9daille. Notre jardin ressemble \u00e0 un vrai champ de bataille. C\u2019est Verdun, chez nous ! \u00bb raconte la jeune femme.<\/p>\n","protected":false},"excerpt":{"rendered":"De son beau jardin, en lisi\u00e8re de la for\u00eat domaniale du Claireau (Yvelines), il ne reste quasiment plus&hellip;\n","protected":false},"author":2,"featured_media":497109,"comment_status":"","ping_status":"","sticky":false,"template":"","format":"standard","meta":{"footnotes":""},"categories":[1888],"tags":[11,1867,1777,674,1011,27,1944,12,626,25,1938],"class_list":{"0":"post-497108","1":"post","2":"type-post","3":"status-publish","4":"format-standard","5":"has-post-thumbnail","7":"category-paris","8":"tag-actualites","9":"tag-animaux","10":"tag-eu","11":"tag-europe","12":"tag-fr","13":"tag-france","14":"tag-ma-ville","15":"tag-news","16":"tag-paris","17":"tag-republique-francaise","18":"tag-yvelines"},"share_on_mastodon":{"url":"https:\/\/pubeurope.com\/@fr\/115456113621247498","error":""},"_links":{"self":[{"href":"https:\/\/www.europesays.com\/fr\/wp-json\/wp\/v2\/posts\/497108","targetHints":{"allow":["GET"]}}],"collection":[{"href":"https:\/\/www.europesays.com\/fr\/wp-json\/wp\/v2\/posts"}],"about":[{"href":"https:\/\/www.europesays.com\/fr\/wp-json\/wp\/v2\/types\/post"}],"author":[{"embeddable":true,"href":"https:\/\/www.europesays.com\/fr\/wp-json\/wp\/v2\/users\/2"}],"replies":[{"embeddable":true,"href":"https:\/\/www.europesays.com\/fr\/wp-json\/wp\/v2\/comments?post=497108"}],"version-history":[{"count":0,"href":"https:\/\/www.europesays.com\/fr\/wp-json\/wp\/v2\/posts\/497108\/revisions"}],"wp:featuredmedia":[{"embeddable":true,"href":"https:\/\/www.europesays.com\/fr\/wp-json\/wp\/v2\/media\/497109"}],"wp:attachment":[{"href":"https:\/\/www.europesays.com\/fr\/wp-json\/wp\/v2\/media?parent=497108"}],"wp:term":[{"taxonomy":"category","embeddable":true,"href":"https:\/\/www.europesays.com\/fr\/wp-json\/wp\/v2\/categories?post=497108"},{"taxonomy":"post_tag","embeddable":true,"href":"https:\/\/www.europesays.com\/fr\/wp-json\/wp\/v2\/tags?post=497108"}],"curies":[{"name":"wp","href":"https:\/\/api.w.org\/{rel}","templated":true}]}}