{"id":497124,"date":"2025-10-29T06:54:27","date_gmt":"2025-10-29T06:54:27","guid":{"rendered":"https:\/\/www.europesays.com\/fr\/497124\/"},"modified":"2025-10-29T06:54:27","modified_gmt":"2025-10-29T06:54:27","slug":"amazon-supprime-14-000-emplois-de-cols-blancs-la-plus-forte-reduction-de-postes-de-son-histoire","status":"publish","type":"post","link":"https:\/\/www.europesays.com\/fr\/497124\/","title":{"rendered":"Amazon supprime 14.000\u00a0emplois de cols blancs, la plus forte r\u00e9duction de postes de son histoire"},"content":{"rendered":"<p>\n    <strong>D\u00c9CRYPTAGE &#8211;<\/strong> Le recours \u00e0 l\u2019intelligence artificielle est cens\u00e9 compenser ces r\u00e9ductions d\u2019effectifs. In fine, jusqu\u2019\u00e0 30.000 postes pourraient \u00eatre \u00e9limin\u00e9s.<\/p>\n<p class=\"fig-paragraph\">Voil\u00e0 plusieurs mois qu\u2019<a href=\"https:\/\/www.lefigaro.fr\/secteur\/high-tech\/amazon-les-nombreux-defis-du-successeur-de-jeff-bezos-20210704\" data-fig-type=\"Article\" data-gtm-custom-categorie=\"navigation\" data-gtm-custom-action=\"crossclick\" data-gtm-custom-label=\"Contextuel\" data-gtm-event=\"customEventSPE\" data-fig-domain=\"LEFIGARO\" target=\"_blank\" rel=\"noopener\">Andy Jassy<\/a>\u00a0juge qu\u2019Amazon emploie trop de monde. Le patron du g\u00e9ant des services informatiques, de l\u2019intelligence artificielle (IA), du \u00ab\u00a0streaming\u00a0\u00bb et du commerce en ligne, est mieux plac\u00e9 que beaucoup pour juger \u00e0 quel point l\u2019application de l\u2019IA aux multiples t\u00e2ches de 1,54\u00a0million d\u2019employ\u00e9s pourrait rendre l\u2019empire plus productif encore.<\/p>\n<p class=\"fig-paragraph\">Amazon entame ce mardi\u00a0<a href=\"http:\/\/www.lefigaro.fr\/secteur\/high-tech\/amazon-prevoit-de-supprimer-jusqu-a-30-000-postes-dans-ses-fonctions-administratives-20251027\" data-fig-type=\"NewsFlash\" data-gtm-custom-categorie=\"navigation\" data-gtm-custom-action=\"crossclick\" data-gtm-custom-label=\"Contextuel\" data-gtm-event=\"customEventSPE\" data-fig-domain=\"LEFIGARO\" target=\"_blank\" rel=\"noopener\">ce qui sera probablement la plus forte r\u00e9duction d\u2019emplois<\/a>\u00a0de son histoire, par la suppression de 14.000 postes de \u00ab\u00a0col blancs\u00a0\u00bb. Les premi\u00e8res notifications devaient \u00eatre envoy\u00e9es ce m\u00eame jour. Selon la presse am\u00e9ricaine, d\u2019autres interviendront dans les prochains mois, au point de porter \u00e0 30.000 le nombre d\u2019emplois \u00e9limin\u00e9s. Les investisseurs et analystes ne manqueront pas de demander des d\u00e9tails, jeudi soir, \u00e0 l\u2019occasion de la publication des r\u00e9sultats trimestriels du groupe.<\/p>\n<p class=\"fig-paragraph\">L\u2019effort vise \u00e0 rendre d\u2019Amazon \u00ab\u00a0encore plus fort, en r\u00e9duisant la bureaucratie, \u00e9liminant les strates et en allouant\u2026<\/p>\n<p class=\"fig-premium-paywall__infos\">\n        Cet article est r\u00e9serv\u00e9 aux abonn\u00e9s.        Il vous reste 84% \u00e0 d\u00e9couvrir.\n    <\/p>\n<p>                <img  data- alt=\"Le Figaro\" class=\"fig-img--complete fig-img\"\/><\/p>\n<p class=\"fig-premium-paywall__title\">Vous avez envie de lire la suite ?<\/p>\n<p class=\"fig-premium-paywall__subtitle\">D\u00e9bloquez tous les articles imm\u00e9diatement.<\/p>\n<p class=\"fig-premium-paywall__connect\">\n                D\u00e9j\u00e0 abonn\u00e9\u00a0?                <a class=\"fig-premium-paywall__connect-link\" href=\"https:\/\/connect.lefigaro.fr\/login?client=horizon_web&amp;type=main&amp;redirect_uri=https%3A%2F%2Fwww.lefigaro.fr%2Fconjoncture%2Famazon-supprime-14-000-emplois-de-cols-blancs-la-plus-forte-reduction-de-postes-de-son-histoire-20251028\" data-js-gtm=\"{&quot;customCategorie&quot;: &quot;conversion&quot;, &quot;customAction&quot;: &quot;before_Landing_Connexion_paywall_auto&quot;, &quot;customLabel&quot;: &quot;bGVmaWdhcm8uZnJfXzFmMGI0MGQ0LTBjNGQtNjRiOC1hZTQzLWRiMjNiZGJmOTE4ZV9fQXJ0aWNsZQ==_Amazon supprime 14.000\u00a0emplois de cols blancs, la plus forte r\u00e9duction de postes de son histoire_113&quot;, &quot;customIDSPE&quot;: &quot;bGVmaWdhcm8uZnJfXzFmMGI0MGQ0LTBjNGQtNjRiOC1hZTQzLWRiMjNiZGJmOTE4ZV9fQXJ0aWNsZQ==&quot;, &quot;event&quot;: &quot;customEventSPE&quot;}\" target=\"_blank\" rel=\"noopener\"><br \/>\n                    Connectez-vous<br \/>\n                <\/a>\n            <\/p>\n","protected":false},"excerpt":{"rendered":"D\u00c9CRYPTAGE &#8211; Le recours \u00e0 l\u2019intelligence artificielle est cens\u00e9 compenser ces r\u00e9ductions d\u2019effectifs. In fine, jusqu\u2019\u00e0 30.000 postes&hellip;\n","protected":false},"author":2,"featured_media":497125,"comment_status":"","ping_status":"","sticky":false,"template":"","format":"standard","meta":{"footnotes":""},"categories":[2],"tags":[11,4239,1011,27,12,25],"class_list":{"0":"post-497124","1":"post","2":"type-post","3":"status-publish","4":"format-standard","5":"has-post-thumbnail","7":"category-actualites","8":"tag-actualites","9":"tag-amazon","10":"tag-fr","11":"tag-france","12":"tag-news","13":"tag-republique-francaise"},"share_on_mastodon":{"url":"https:\/\/pubeurope.com\/@fr\/115456145140782210","error":""},"_links":{"self":[{"href":"https:\/\/www.europesays.com\/fr\/wp-json\/wp\/v2\/posts\/497124","targetHints":{"allow":["GET"]}}],"collection":[{"href":"https:\/\/www.europesays.com\/fr\/wp-json\/wp\/v2\/posts"}],"about":[{"href":"https:\/\/www.europesays.com\/fr\/wp-json\/wp\/v2\/types\/post"}],"author":[{"embeddable":true,"href":"https:\/\/www.europesays.com\/fr\/wp-json\/wp\/v2\/users\/2"}],"replies":[{"embeddable":true,"href":"https:\/\/www.europesays.com\/fr\/wp-json\/wp\/v2\/comments?post=497124"}],"version-history":[{"count":0,"href":"https:\/\/www.europesays.com\/fr\/wp-json\/wp\/v2\/posts\/497124\/revisions"}],"wp:featuredmedia":[{"embeddable":true,"href":"https:\/\/www.europesays.com\/fr\/wp-json\/wp\/v2\/media\/497125"}],"wp:attachment":[{"href":"https:\/\/www.europesays.com\/fr\/wp-json\/wp\/v2\/media?parent=497124"}],"wp:term":[{"taxonomy":"category","embeddable":true,"href":"https:\/\/www.europesays.com\/fr\/wp-json\/wp\/v2\/categories?post=497124"},{"taxonomy":"post_tag","embeddable":true,"href":"https:\/\/www.europesays.com\/fr\/wp-json\/wp\/v2\/tags?post=497124"}],"curies":[{"name":"wp","href":"https:\/\/api.w.org\/{rel}","templated":true}]}}