{"id":497132,"date":"2025-10-29T06:59:22","date_gmt":"2025-10-29T06:59:22","guid":{"rendered":"https:\/\/www.europesays.com\/fr\/497132\/"},"modified":"2025-10-29T06:59:22","modified_gmt":"2025-10-29T06:59:22","slug":"super-league-hull-kr-recupere-un-jeune-joueur-prometteur-du-club-rival-rugby-a-xiii","status":"publish","type":"post","link":"https:\/\/www.europesays.com\/fr\/497132\/","title":{"rendered":"Super League &#8211; Hull KR r\u00e9cup\u00e8re un jeune joueur prometteur du club rival &#8211; Rugby \u00e0 XIII"},"content":{"rendered":"<p style=\"text-align: justify;\"><strong>Hull KR a r\u00e9alis\u00e9 un transfert marquant en signant le jeune demi Jack Charles pour quatre saisons, en provenance de son grand rival, Hull FC.<\/strong><\/p>\n<p style=\"text-align: justify;\">\u00c2g\u00e9 de 19 ans, l\u2019international anglais des moins de 19 ans s\u2019est engag\u00e9 pour quatre ans avec les Robins, qui ont pay\u00e9 une indemnit\u00e9 pour le faire venir. Charles a d\u00e9j\u00e0 jou\u00e9 22 matchs de Super League et est consid\u00e9r\u00e9 comme l\u2019un des jeunes meneurs de jeu les plus prometteurs du pays. Fils de l\u2019ancien joueur de Hull KR, Chris Charles, il a d\u00e9clar\u00e9 vouloir \u00ab \u00e9crire sa propre histoire \u00bb et rendre fiers les fans des r\u00e9cents champions.<\/p>\n<p style=\"text-align: justify;\">L\u2019entra\u00eeneur Willie Peters s\u2019est r\u00e9joui de cette arriv\u00e9e :<\/p>\n<blockquote>\n<p style=\"text-align: justify;\">C\u2019est un jeune demi excitant et ses meilleures ann\u00e9es sont devant lui. Jack a l\u2019occasion d\u2019apprendre aux c\u00f4t\u00e9s de Tyrone May et Mikey Lewis, ce qui lui donnera une meilleure occasion de devenir un joueur de la Super League \u00e0 Hull KR.<\/p>\n<\/blockquote>\n<p style=\"text-align: justify;\">Jack Charles n\u2019est pas le seul joueur \u00e0 passer chez l\u2019ennemi. Jez Litten \u00e9tait aussi chez les Black and White, et r\u00e9sultat : il est devenu un joueur international.<\/p>\n<blockquote class=\"instagram-media\" data-instgrm-captioned=\"\" data-instgrm-permalink=\"https:\/\/www.instagram.com\/p\/DQMytaejw9g\/?utm_source=ig_embed&amp;utm_campaign=loading\" data-instgrm-version=\"14\" style=\" background:#FFF; border:0; border-radius:3px; box-shadow:0 0 1px 0 rgba(0,0,0,0.5),0 1px 10px 0 rgba(0,0,0,0.15); margin: 1px; max-width:500px; min-width:326px; padding:0; width:99.375%; width:-webkit-calc(100% - 2px); width:calc(100% - 2px);\">\n<\/blockquote>\n<p>        <script async src=\"\/\/www.instagram.com\/embed.js\"><\/script><\/p>\n","protected":false},"excerpt":{"rendered":"Hull KR a r\u00e9alis\u00e9 un transfert marquant en signant le jeune demi Jack Charles pour quatre saisons, en&hellip;\n","protected":false},"author":2,"featured_media":497133,"comment_status":"","ping_status":"","sticky":false,"template":"","format":"standard","meta":{"footnotes":""},"categories":[1416],"tags":[1011,27,33901,9879,61951,479,2228,1468,2229,60,4474,10662],"class_list":{"0":"post-497132","1":"post","2":"type-post","3":"status-publish","4":"format-standard","5":"has-post-thumbnail","7":"category-rugby","8":"tag-fr","9":"tag-france","10":"tag-hull-fc","11":"tag-hull-kr","12":"tag-jack-charles","13":"tag-rugby","14":"tag-rugby-a-xiii","15":"tag-rugby-football","16":"tag-rugby-league","17":"tag-sports","18":"tag-super-league","19":"tag-transferts"},"share_on_mastodon":{"url":"https:\/\/pubeurope.com\/@fr\/115456165026806514","error":""},"_links":{"self":[{"href":"https:\/\/www.europesays.com\/fr\/wp-json\/wp\/v2\/posts\/497132","targetHints":{"allow":["GET"]}}],"collection":[{"href":"https:\/\/www.europesays.com\/fr\/wp-json\/wp\/v2\/posts"}],"about":[{"href":"https:\/\/www.europesays.com\/fr\/wp-json\/wp\/v2\/types\/post"}],"author":[{"embeddable":true,"href":"https:\/\/www.europesays.com\/fr\/wp-json\/wp\/v2\/users\/2"}],"replies":[{"embeddable":true,"href":"https:\/\/www.europesays.com\/fr\/wp-json\/wp\/v2\/comments?post=497132"}],"version-history":[{"count":0,"href":"https:\/\/www.europesays.com\/fr\/wp-json\/wp\/v2\/posts\/497132\/revisions"}],"wp:featuredmedia":[{"embeddable":true,"href":"https:\/\/www.europesays.com\/fr\/wp-json\/wp\/v2\/media\/497133"}],"wp:attachment":[{"href":"https:\/\/www.europesays.com\/fr\/wp-json\/wp\/v2\/media?parent=497132"}],"wp:term":[{"taxonomy":"category","embeddable":true,"href":"https:\/\/www.europesays.com\/fr\/wp-json\/wp\/v2\/categories?post=497132"},{"taxonomy":"post_tag","embeddable":true,"href":"https:\/\/www.europesays.com\/fr\/wp-json\/wp\/v2\/tags?post=497132"}],"curies":[{"name":"wp","href":"https:\/\/api.w.org\/{rel}","templated":true}]}}