{"id":497134,"date":"2025-10-29T07:00:19","date_gmt":"2025-10-29T07:00:19","guid":{"rendered":"https:\/\/www.europesays.com\/fr\/497134\/"},"modified":"2025-10-29T07:00:19","modified_gmt":"2025-10-29T07:00:19","slug":"cousinade-episode-2-quelles-differences-entre-le-jeu-de-rinderknech-et-celui-de-vacherot-lequipe","status":"publish","type":"post","link":"https:\/\/www.europesays.com\/fr\/497134\/","title":{"rendered":"Cousinade, \u00e9pisode 2 : quelles diff\u00e9rences entre le jeu de Rinderknech et celui de Vacherot ? &#8211; L&#039;\u00c9quipe"},"content":{"rendered":"<ol>\n<li><a href=\"https:\/\/news.google.com\/rss\/articles\/CBMizwFBVV95cUxNYkNBcWdLSmdsd0Ftb1VtbnJtSS1wYlpFMVFGZzFfT0xiMFlHRzJiMmRoN3hxanM4U0dsQUcwYlJjRnI1eWdOT3VsdnlsdElVaGhZMEQ2WWVSME9qaXZYZHZ1RDMyaVNVdkFiZEhHMENoMFBxcG5WX29IT2FPdHJIQlZMSzE1MDJ4TjVPTk1Db2plRHhKclFjcXM3T3VGTTVqeWZpVUVlQVoyRlhVWlZHRDlTY1NnQjIzcFhackhtejZrLWhld044WkgteXNldEE?oc=5\" target=\"_blank\" rel=\"nofollow noopener\">Cousinade, \u00e9pisode 2 : quelles diff\u00e9rences entre le jeu de Rinderknech et celui de Vacherot ?<\/a>&nbsp;&nbsp;L&rsquo;\u00c9quipe<\/li>\n<li><a href=\"https:\/\/news.google.com\/rss\/articles\/CBMimwJBVV95cUxPeFYtaFhQVW83eFRfNXNCWlBkUkozejdHdm5JQWNSM0VNTldyQzN4MzQ0eHNzYU1TaWRNeXg4eXo1RDF0SnBJRy1LRlU5cnVBdnItMjhsT2dxcEZDYzFQS3hUNUJtekVUc0NjXzdKMUsyTDNvanN0X1FDQ3kwYUhXcUtnNHVmMXhwbTFld2stWmhON0t1Y05wZ2lhWkFjbzdDWWZrLVlKQ3dIQ0xSZ2toWE51Y01GWUJraWxLUDZkUkJFamdXZVV3SE9qdC1DZnRfSy1tcVdVVmFUdFR0bEJNTWVobnhQM1EzX2dETHotUGRTUlVMSloyMHROWXNzNWRjQlNzS3N3bTJCRVZzNk9KemFpa1hLVTkwa3VJ?oc=5\" target=\"_blank\" rel=\"nofollow noopener\">Vacherot, le r\u00eave continue : \u00ab\u00a0Je regarde \u00e7a avec des yeux d&rsquo;enfant\u00a0\u00bb<\/a>&nbsp;&nbsp;Eurosport<\/li>\n<li><a href=\"https:\/\/news.google.com\/rss\/articles\/CBMi4AFBVV95cUxOeGFXOTQ4V2pNOElyYllQZjVoSEplZzRZTVFWcTRCZnlFeG1xek1IdmFSZ0txclpmNFgyYU03UjdHNldqcFN3SlJaTmQ1VXZnNGdhaGxhSzBjNHJhZEhWY1hsOF9pS21CQU9JWjJ2Y2VfZmFBc2xnVmY3QzlFMmVBMkxJczl1TWRyOFpGbTJQSG5tOVlHRHlSMjlxYXE4VXhRSmxvTGJOTm1IOHRZTUNZbVlNNkhxTlJvUGt3NG02VDJSLW1WOUFHV3NHeXdCNTNvZHNKZXV0cGltdWs1SzgxVQ?oc=5\" target=\"_blank\" rel=\"nofollow noopener\">Arthur Rinderknech &#8211; Valentin Vacherot, ATP 1000, Rolex Paris Masters, Deuxi\u00e8me tour, Mercredi 29 octobre 2025<\/a>&nbsp;&nbsp;L&rsquo;\u00c9quipe<\/li>\n<li><a href=\"https:\/\/news.google.com\/rss\/articles\/CBMijgFBVV95cUxPa1Z0aHpiTUhOdFVfeU8yMkJQZU8xZmpVZFJYb2pvU25qcU5lZldPRDBrZ2F1TjZ1SXVDX0QxYW1CbXpBNmJNY1VMN3lmWWxDM3Q3VmVwQmRyZlBTeGExTzZLbWh4eFlwckdKcFVFeFJxOWVraTNaRTBzU3gyWktZLXJaX2pkekxyTnhpcDRB?oc=5\" target=\"_blank\" rel=\"nofollow noopener\">Rolex Paris Masters : une cousinade acte II et un duel d&rsquo;artistes<\/a>&nbsp;&nbsp;F\u00e9d\u00e9ration Fran\u00e7aise de Tennis<\/li>\n<li><a href=\"https:\/\/news.google.com\/rss\/articles\/CBMilwJBVV95cUxOYzh3Y1B2NWpmdG0zS3RRTnFVZXZ1aUFZREgxSldsZFo3bERHclM1ZU5aNHE0LTZkUXI5X2J3UDdfTEhsYWl2NTEtVXBVTm11MU9HS0tTZjlTVWlILUcwbkpvRUk3TkxPTmQxWnhuTndrN1ZNN1NUeFd3c0thNzlsNmIyWjFnaUFnYVFRR21wZzFoTVUzTndwZjU3OXR4UzhiR1BZN3VQUHpzZFMyUEhOaGF2cW9UaFAtMWdqYWZnckk4aF8wM09jRUZLRDlHMHNsM1F6STB6ZFVSTWw0b1VzbVZEYXFDVDkxc3BTLWFqczBzUXZLQWVWYlJ0OWxXRXBPM0hKZVJDRGJGVDZRUnkwdFE1aTVvOXc?oc=5\" target=\"_blank\" rel=\"nofollow noopener\">A Paris, Valentin Vacherot confirme son nouveau statut au sein du gotha du tennis mondial : \u00ab Je ne crois pas \u00eatre sur un nuage \u00bb<\/a>&nbsp;&nbsp;Le Monde.fr<\/li>\n<\/ol>\n","protected":false},"excerpt":{"rendered":"Cousinade, \u00e9pisode 2 : quelles diff\u00e9rences entre le jeu de Rinderknech et celui de Vacherot ?&nbsp;&nbsp;L&rsquo;\u00c9quipe Vacherot, le&hellip;\n","protected":false},"author":2,"featured_media":497135,"comment_status":"","ping_status":"","sticky":false,"template":"","format":"standard","meta":{"footnotes":""},"categories":[1415],"tags":[1011,27,60,1467],"class_list":{"0":"post-497134","1":"post","2":"type-post","3":"status-publish","4":"format-standard","5":"has-post-thumbnail","7":"category-tennis","8":"tag-fr","9":"tag-france","10":"tag-sports","11":"tag-tennis"},"share_on_mastodon":{"url":"https:\/\/pubeurope.com\/@fr\/115456168661600384","error":""},"_links":{"self":[{"href":"https:\/\/www.europesays.com\/fr\/wp-json\/wp\/v2\/posts\/497134","targetHints":{"allow":["GET"]}}],"collection":[{"href":"https:\/\/www.europesays.com\/fr\/wp-json\/wp\/v2\/posts"}],"about":[{"href":"https:\/\/www.europesays.com\/fr\/wp-json\/wp\/v2\/types\/post"}],"author":[{"embeddable":true,"href":"https:\/\/www.europesays.com\/fr\/wp-json\/wp\/v2\/users\/2"}],"replies":[{"embeddable":true,"href":"https:\/\/www.europesays.com\/fr\/wp-json\/wp\/v2\/comments?post=497134"}],"version-history":[{"count":0,"href":"https:\/\/www.europesays.com\/fr\/wp-json\/wp\/v2\/posts\/497134\/revisions"}],"wp:featuredmedia":[{"embeddable":true,"href":"https:\/\/www.europesays.com\/fr\/wp-json\/wp\/v2\/media\/497135"}],"wp:attachment":[{"href":"https:\/\/www.europesays.com\/fr\/wp-json\/wp\/v2\/media?parent=497134"}],"wp:term":[{"taxonomy":"category","embeddable":true,"href":"https:\/\/www.europesays.com\/fr\/wp-json\/wp\/v2\/categories?post=497134"},{"taxonomy":"post_tag","embeddable":true,"href":"https:\/\/www.europesays.com\/fr\/wp-json\/wp\/v2\/tags?post=497134"}],"curies":[{"name":"wp","href":"https:\/\/api.w.org\/{rel}","templated":true}]}}