{"id":497146,"date":"2025-10-29T07:12:14","date_gmt":"2025-10-29T07:12:14","guid":{"rendered":"https:\/\/www.europesays.com\/fr\/497146\/"},"modified":"2025-10-29T07:12:14","modified_gmt":"2025-10-29T07:12:14","slug":"si-javais-ete-jure-jaurais-certainement-juge-meursault-coupable","status":"publish","type":"post","link":"https:\/\/www.europesays.com\/fr\/497146\/","title":{"rendered":"\u201cSi j\u2019avais \u00e9t\u00e9 jur\u00e9, j\u2019aurais certainement jug\u00e9 Meursault coupable\u201d"},"content":{"rendered":"<p>\n                      Le visionnage de cette vid\u00e9o est susceptible d&rsquo;entra\u00eener un d\u00e9p\u00f4t de cookies de la part<br \/>\n            de l&rsquo;op\u00e9rateur de la plate-forme vid\u00e9o vers laquelle vous serez dirig\u00e9(e).<br \/>\n            Compte-tenu du refus du d\u00e9p\u00f4t de cookies que vous avez exprim\u00e9,<br \/>\n            afin de respecter votre choix, nous avons bloqu\u00e9 la lecture de cette vid\u00e9o.<br \/>\n            Si vous souhaitez continuer et lire la vid\u00e9o, vous devez nous donner votre accord<br \/>\n            en cliquant sur le bouton ci-dessous.\n                    <\/p>\n<p>             Lire la vid\u00e9o          <\/p>\n<p>        Lire\u00a0plus\u00a0tard      <\/p>\n<p><a aria-label=\"Nous suivre sur Google News\" href=\"https:\/\/news.google.com\/publications\/CAAqBwgKMJe4nQkw3dFs?hl=fr&amp;gl=FR&amp;ceid=FR%3Afr\" target=\"_blank\" data-piano=\"Page_Article,Sous_date_publi,Nous_suivre_sur_google_news,1er_clic,action\" class=\"btn btn--small btn--tertiary btn--icon-only\" rel=\"noopener\"><\/p>\n<p>      Google Actualit\u00e9s<br \/>\n  <\/a><\/p>\n<p>  Partager<\/p>\n<p>        Facebook<\/p>\n<p>        Bluesky<\/p>\n<p>        E-mail<\/p>\n<p>        Copier le lien<\/p>\n<p>      Envoyer<\/p>\n<p>      S\u2019abonner    <\/p>\n<p class=\"node__paragraphe antonia-750r text-grey-800 pb-24 pb-md-32\">\nIl a incarn\u00e9 Rubempr\u00e9 dans l\u2019adaptation <a href=\"https:\/\/www.nouvelobs.com\/cinema\/20211017.OBS49960\/xavier-giannoli-illusions-perdues-est-un-film-de-gangsters-sans-foi-ni-loi.html\" target=\"_blank\" rel=\"noopener\">des \u00ab\u00a0Illusions perdues\u00a0\u00bb par Xavier Giannoli<\/a>. Il a \u00e9t\u00e9 le Bardamu du \u00ab\u00a0Guerre\u00a0\u00bb de C\u00e9line sur sc\u00e8ne. Voil\u00e0 d\u00e9sormais Benjamin Voisin qui enfile les v\u00eatements de Meursault, le personnage principal de \u00ab\u00a0l\u2019Etranger\u00a0\u00bb d\u2019Albert Camus, que Fran\u00e7ois Ozon a eu l\u2019audace de porter \u00e0 l\u2019\u00e9cran. <a href=\"https:\/\/www.nouvelobs.com\/culture\/20250501.OBS103431\/benjamin-voisin-l-acteur-qui-a-chope-le-virus-des-grands-textes.html\" target=\"_blank\" rel=\"noopener\">Ce grand lecteur<\/a>, qui cite au d\u00e9bott\u00e9 Paul Val\u00e9ry et Robert Bresson, n\u2019a toutefois jamais ouvert un livre dans l\u2019optique d\u2019un futur r\u00f4le, pour garder intact ce plaisir de la page qui se tourne.<\/p>\n<p class=\"latino-500b text-grey-600 pb-16\">A lire aussi<\/p>\n<p><a href=\"https:\/\/www.nouvelobs.com\/bibliobs\/20251026.OBS109136\/l-etranger-d-albert-camus-l-incroyable-itineraire-d-un-roman-culte-ne-dans-des-conditions-miraculeuses.html\" data-article-key=\"20251026.OBS109136\" class=\"link--box flex-grow-1\" data-piano=\"Page_Article,Lire_aussi,,Lien1,navigation\" target=\"_blank\" rel=\"noopener\"><\/p>\n<p>                <img decoding=\"async\" src=\"data:image\/svg+xml,%3Csvg%20xmlns%3D%27http%3A%2F%2Fwww.w3.org%2F2000%2Fsvg%27%20fill%3D%22%23e4e4e4%22%20viewBox%3D%270%200%20120%2080%27%20width%3D%22120%22%20height%3D%2280%22%3E%3Cpath%20d%3D%27M0%200h120v80H0z%27%2F%3E%3C%2Fsvg%3E\"  width=\"120\" height=\"79\" loading=\"lazy\" alt=\"Albert Camus en 1947, ann\u00e9e de la publication de \u00ab\u00a0la Peste\u00a0\u00bb.\"\/><\/p>\n<p class=\"latino-300r latino-lg-600m text-grey-800\">\n                      <strong class=\"latino-300b latino-lg-600m text-grey-500\">R\u00e9cit\u00a0<\/strong><br \/>\n                    \u00ab\u00a0L\u2019Etranger\u00a0\u00bb d\u2019Albert Camus, l\u2019incroyable itin\u00e9raire d\u2019un roman culte n\u00e9 dans des conditions miraculeuses        <\/p>\n<p><\/a><\/p>\n<p class=\"node__paragraphe antonia-750r text-grey-800 pb-24 pb-md-32\">\nMais comment donne-t-on vie \u00e0 Meursault\u00a0? Le jeune acteur de 28\u00a0ans a d\u2019abord d\u00fb temporiser son caract\u00e8re extraverti pour devenir ce personnage \u00e0 la fois taiseux et imp\u00e9n\u00e9trable qui prononce \u00ab\u00a0j\u2019ai tu\u00e9 un arabe\u00a0\u00bb sur le m\u00eame ton neutre que s\u2019il disait \u00ab\u00a0j\u2019ai ferm\u00e9 la porte\u00a0\u00bb. Benjamin Voisin semble en tout cas avoir fait sienne la pens\u00e9e camusienne, celle qui consisterait \u00e0 \u00ab\u00a0ne rien regretter\u00a0\u00bb, \u00ab\u00a0\u00e0 \u00eatre toujours en ad\u00e9quation entre son sentiment et ses valeurs\u00a0\u00bb. Car Meursault ne transforme pas la v\u00e9rit\u00e9 pour complaire \u00e0 son monde, quand bien m\u00eame ce dernier a son sort entre ses mains. Face au tribunal, il ne livre que ce qu\u2019il croit juste. D\u2019ailleurs, qu\u2019aurait fait Benjamin Voisin s\u2019il avait \u00e9t\u00e9 du c\u00f4t\u00e9 des jur\u00e9s, \u00e0 devoir d\u00e9cider de l\u2019innocence et de la culpabilit\u00e9 de Meursault\u00a0? Pour le savoir, regardez notre interview en vid\u00e9o en t\u00eate de cet article.<\/p>\n<p class=\"authors latino-600m text-grey-800\">\n<p>  Propos recueillis par\u00a0<br \/>\nFran\u00e7ois Sionneau<\/p>\n","protected":false},"excerpt":{"rendered":"Le visionnage de cette vid\u00e9o est susceptible d&rsquo;entra\u00eener un d\u00e9p\u00f4t de cookies de la part de l&rsquo;op\u00e9rateur de&hellip;\n","protected":false},"author":2,"featured_media":497147,"comment_status":"","ping_status":"","sticky":false,"template":"","format":"standard","meta":{"footnotes":""},"categories":[1354],"tags":[17,17232,61953,650,251,58,59,2883,18087,1346,1011,27,9342,61952,1360,43481],"class_list":{"0":"post-497146","1":"post","2":"type-post","3":"status-publish","4":"format-standard","5":"has-post-thumbnail","7":"category-films","8":"tag-17","9":"tag-benjamin","10":"tag-certainement","11":"tag-cinema","12":"tag-culture","13":"tag-divertissement","14":"tag-entertainment","15":"tag-ete","16":"tag-etranger","17":"tag-films","18":"tag-fr","19":"tag-france","20":"tag-juge","21":"tag-jure","22":"tag-movies","23":"tag-voisin"},"share_on_mastodon":{"url":"https:\/\/pubeurope.com\/@fr\/115456215922673263","error":""},"_links":{"self":[{"href":"https:\/\/www.europesays.com\/fr\/wp-json\/wp\/v2\/posts\/497146","targetHints":{"allow":["GET"]}}],"collection":[{"href":"https:\/\/www.europesays.com\/fr\/wp-json\/wp\/v2\/posts"}],"about":[{"href":"https:\/\/www.europesays.com\/fr\/wp-json\/wp\/v2\/types\/post"}],"author":[{"embeddable":true,"href":"https:\/\/www.europesays.com\/fr\/wp-json\/wp\/v2\/users\/2"}],"replies":[{"embeddable":true,"href":"https:\/\/www.europesays.com\/fr\/wp-json\/wp\/v2\/comments?post=497146"}],"version-history":[{"count":0,"href":"https:\/\/www.europesays.com\/fr\/wp-json\/wp\/v2\/posts\/497146\/revisions"}],"wp:featuredmedia":[{"embeddable":true,"href":"https:\/\/www.europesays.com\/fr\/wp-json\/wp\/v2\/media\/497147"}],"wp:attachment":[{"href":"https:\/\/www.europesays.com\/fr\/wp-json\/wp\/v2\/media?parent=497146"}],"wp:term":[{"taxonomy":"category","embeddable":true,"href":"https:\/\/www.europesays.com\/fr\/wp-json\/wp\/v2\/categories?post=497146"},{"taxonomy":"post_tag","embeddable":true,"href":"https:\/\/www.europesays.com\/fr\/wp-json\/wp\/v2\/tags?post=497146"}],"curies":[{"name":"wp","href":"https:\/\/api.w.org\/{rel}","templated":true}]}}