{"id":497148,"date":"2025-10-29T07:13:10","date_gmt":"2025-10-29T07:13:10","guid":{"rendered":"https:\/\/www.europesays.com\/fr\/497148\/"},"modified":"2025-10-29T07:13:10","modified_gmt":"2025-10-29T07:13:10","slug":"vous-avez-des-caries-et-des-problemes-de-gencives-attention-au-risque-davc","status":"publish","type":"post","link":"https:\/\/www.europesays.com\/fr\/497148\/","title":{"rendered":"Vous avez des caries et des probl\u00e8mes de gencives\u00a0? Attention au risque d\u2019AVC"},"content":{"rendered":"<p>    Un adulte sur deux pr\u00e9senterait une maladie parodontale \u00e0 des degr\u00e9s divers, pas toujours diagnostiqu\u00e9e.<br \/>\n                agephotography &#8211; stock.adobe.com<\/p>\n<p>\n    La combinaison de caries et de maladie parodontale pourrait doubler le risque d\u2019accident vasculaire c\u00e9r\u00e9bral isch\u00e9mique.<\/p>\n<p class=\"fig-paragraph\">Et si le secret d\u2019un cerveau en bonne sant\u00e9 se cachait aussi dans notre bouche\u00a0? Depuis quelques ann\u00e9es, la science s\u2019int\u00e9resse de pr\u00e8s aux cons\u00e9quences cardiovasculaires d\u2019une mauvaise sant\u00e9 bucco-dentaire. Une \u00e9tude am\u00e9ricaine vient enfoncer le clou\u00a0: la combinaison d\u2019une\u00a0<a href=\"https:\/\/sante.lefigaro.fr\/sante\/maladie\/parodontites\/detartrage\" target=\"_blank\" data-fig-type=\"Keyword\" rel=\"sponsored noopener nofollow\" data-gtm-custom-categorie=\"navigation\" data-gtm-custom-action=\"crossclick\" data-gtm-custom-label=\"Contextuel\" data-gtm-event=\"customEventSPE\" data-fig-domain=\"SANTE\">parodontite<\/a>\u00a0(infection chronique des gencives) et de\u00a0<a href=\"https:\/\/sante.lefigaro.fr\/sante\/maladie\/carie-dentaire\/quels-sont-traitements-carie-dentaire\" target=\"_blank\" data-fig-type=\"Keyword\" rel=\"sponsored noopener nofollow\" data-gtm-custom-categorie=\"navigation\" data-gtm-custom-action=\"crossclick\" data-gtm-custom-label=\"Contextuel\" data-gtm-event=\"customEventSPE\" data-fig-domain=\"SANTE\">caries<\/a>\u00a0pourrait presque doubler le risque d\u2019<a href=\"https:\/\/sante.lefigaro.fr\/sante\/maladie\/accident-vasculaire-cerebral\/quelles-causes\" target=\"_blank\" data-fig-type=\"Keyword\" rel=\"sponsored noopener nofollow\" data-gtm-custom-categorie=\"navigation\" data-gtm-custom-action=\"crossclick\" data-gtm-custom-label=\"Contextuel\" data-gtm-event=\"customEventSPE\" data-fig-domain=\"SANTE\">accident vasculaire c\u00e9r\u00e9bral<\/a>\u00a0(AVC) isch\u00e9mique, li\u00e9 \u00e0 l\u2019obstruction des art\u00e8res.<\/p>\n<p class=\"fig-paragraph\">Les chercheurs ont suivi plus de 6000 participants pendant plus de vingt ans et ont compar\u00e9 trois profils\u00a0: ceux avec une bonne sant\u00e9 dentaire, ceux avec une maladie parodontale seule, et ceux avec une parodontite associ\u00e9e \u00e0 des caries. Le verdict est sans appel\u00a0: 4,1\u00a0% des personnes en bonne sant\u00e9 dentaire ont eu un AVC isch\u00e9mique, contre 6,9\u00a0% de celles atteintes de maladie parodontale, et 10\u00a0% lorsqu\u2019elle s\u2019accompagnait de caries, rapportent-ils dans la revue Neurology Open Access de l\u2019Acad\u00e9mie am\u00e9ricaine de neurologie.<\/p>\n<p class=\"fig-body-link\">\n            \u00c0 lire aussi<br \/>\n        <a class=\"fig-body-link__link fig-premium-mark\" href=\"http:\/\/sante.lefigaro.fr\/social\/sante-publique\/arythmies-insuffisance-cardiaque-infarctus-avc-les-progres-spectaculaires-de-la-medecine-cardio-vasculaire-20250812\" data-fig-type=\"Article\" data-gtm-custom-categorie=\"navigation\" data-gtm-custom-action=\"crossclick\" data-gtm-custom-label=\"Contextuel\" data-gtm-event=\"customEventSPE\" data-fig-domain=\"SANTE\" rel=\"nofollow noopener\" target=\"_blank\"><\/p>\n<p>        Arythmies, insuffisance cardiaque, infarctus, AVC&#8230; Les progr\u00e8s spectaculaires de la m\u00e9decine cardio-vasculaire<br \/>\n    <\/a>\n<\/p>\n<p class=\"fig-paragraph\">Des\u2026<\/p>\n<p class=\"fig-premium-paywall__infos\">\n        Cet article est r\u00e9serv\u00e9 aux abonn\u00e9s.        Il vous reste 79% \u00e0 d\u00e9couvrir.\n    <\/p>\n<p>                <img  data- alt=\"Le Figaro\" class=\"fig-img--complete fig-img\"\/><\/p>\n<p class=\"fig-premium-paywall__title\">Vous avez envie de lire la suite ?<\/p>\n<p class=\"fig-premium-paywall__subtitle\">D\u00e9bloquez tous les articles imm\u00e9diatement.<\/p>\n<p class=\"fig-premium-paywall__connect\">\n                D\u00e9j\u00e0 abonn\u00e9\u00a0?                <a class=\"fig-premium-paywall__connect-link\" href=\"https:\/\/connect.lefigaro.fr\/login?client=sante_web&amp;type=main&amp;redirect_uri=https%3A%2F%2Fsante.lefigaro.fr%2Fmedecine%2Fvous-avez-des-caries-et-des-problemes-de-gencives-attention-au-risque-d-avc-20251029\" data-js-gtm=\"{&quot;customCategorie&quot;: &quot;conversion&quot;, &quot;customAction&quot;: &quot;before_Landing_Connexion_paywall_auto&quot;, &quot;customLabel&quot;: &quot;c2FudGUubGVmaWdhcm8uZnJfXzFmMGIzZGI1LTQwZWEtNjI3NC04N2UyLTBmN2JiMDQyZTEyNF9fQXJ0aWNsZQ==_Vous avez des caries et des probl\u00e8mes de gencives\u00a0? Attention au risque d\u2019AVC_1&quot;, &quot;customIDSPE&quot;: &quot;c2FudGUubGVmaWdhcm8uZnJfXzFmMGIzZGI1LTQwZWEtNjI3NC04N2UyLTBmN2JiMDQyZTEyNF9fQXJ0aWNsZQ==&quot;, &quot;event&quot;: &quot;customEventSPE&quot;}\" rel=\"nofollow noopener\" target=\"_blank\"><br \/>\n                    Connectez-vous<br \/>\n                <\/a>\n            <\/p>\n","protected":false},"excerpt":{"rendered":"Un adulte sur deux pr\u00e9senterait une maladie parodontale \u00e0 des degr\u00e9s divers, pas toujours diagnostiqu\u00e9e. agephotography &#8211; stock.adobe.com&hellip;\n","protected":false},"author":2,"featured_media":497149,"comment_status":"","ping_status":"","sticky":false,"template":"","format":"standard","meta":{"footnotes":""},"categories":[10],"tags":[49619,61954,1011,27,72,61956,61955,71],"class_list":{"0":"post-497148","1":"post","2":"type-post","3":"status-publish","4":"format-standard","5":"has-post-thumbnail","7":"category-sante","8":"tag-accident-vasculaire-cerebral-avc","9":"tag-carie-dentaire","10":"tag-fr","11":"tag-france","12":"tag-health","13":"tag-les-parodontites","14":"tag-prevention-des-caries","15":"tag-sante"},"share_on_mastodon":{"url":"https:\/\/pubeurope.com\/@fr\/115456219801266144","error":""},"_links":{"self":[{"href":"https:\/\/www.europesays.com\/fr\/wp-json\/wp\/v2\/posts\/497148","targetHints":{"allow":["GET"]}}],"collection":[{"href":"https:\/\/www.europesays.com\/fr\/wp-json\/wp\/v2\/posts"}],"about":[{"href":"https:\/\/www.europesays.com\/fr\/wp-json\/wp\/v2\/types\/post"}],"author":[{"embeddable":true,"href":"https:\/\/www.europesays.com\/fr\/wp-json\/wp\/v2\/users\/2"}],"replies":[{"embeddable":true,"href":"https:\/\/www.europesays.com\/fr\/wp-json\/wp\/v2\/comments?post=497148"}],"version-history":[{"count":0,"href":"https:\/\/www.europesays.com\/fr\/wp-json\/wp\/v2\/posts\/497148\/revisions"}],"wp:featuredmedia":[{"embeddable":true,"href":"https:\/\/www.europesays.com\/fr\/wp-json\/wp\/v2\/media\/497149"}],"wp:attachment":[{"href":"https:\/\/www.europesays.com\/fr\/wp-json\/wp\/v2\/media?parent=497148"}],"wp:term":[{"taxonomy":"category","embeddable":true,"href":"https:\/\/www.europesays.com\/fr\/wp-json\/wp\/v2\/categories?post=497148"},{"taxonomy":"post_tag","embeddable":true,"href":"https:\/\/www.europesays.com\/fr\/wp-json\/wp\/v2\/tags?post=497148"}],"curies":[{"name":"wp","href":"https:\/\/api.w.org\/{rel}","templated":true}]}}