{"id":497158,"date":"2025-10-29T07:18:11","date_gmt":"2025-10-29T07:18:11","guid":{"rendered":"https:\/\/www.europesays.com\/fr\/497158\/"},"modified":"2025-10-29T07:18:11","modified_gmt":"2025-10-29T07:18:11","slug":"larmee-israelienne-annonce-la-mort-dun-soldat-dans-la-bande-de-gaza","status":"publish","type":"post","link":"https:\/\/www.europesays.com\/fr\/497158\/","title":{"rendered":"L\u2019arm\u00e9e isra\u00e9lienne annonce la mort d\u2019un soldat dans la bande de Gaza"},"content":{"rendered":"<p>\n    Yona Efraim Feldbaum, 37 ans, \u00abest tomb\u00e9 au combat dans le sud de la bande de Gaza\u00bb mardi, a d\u00e9clar\u00e9 l\u2019arm\u00e9e dans un communiqu\u00e9 apr\u00e8s avoir men\u00e9 des frappes a\u00e9riennes sur le territoire palestinien, accusant le Hamas d\u2019avoir viol\u00e9 la tr\u00eave.<\/p>\n<p class=\"fig-paragraph\">L\u2019arm\u00e9e isra\u00e9lienne a annonc\u00e9 mercredi qu\u2019un de ses soldats avait \u00e9t\u00e9 tu\u00e9 mardi dans la\u00a0<a href=\"https:\/\/www.lefigaro.fr\/tag\/bande-de-gaza\" target=\"_blank\" rel=\"sponsored noopener\" data-gtm-custom-categorie=\"navigation\" data-gtm-custom-action=\"crossclick\" data-gtm-custom-label=\"Contextuel\" data-gtm-event=\"customEventSPE\">bande de Gaza<\/a>, malgr\u00e9 le cessez-le-feu en vigueur depuis le 10 octobre entre Isra\u00ebl et le Hamas.<\/p>\n<p class=\"fig-paragraph\">Yona Efraim Feldbaum, 37 ans, \u00abest tomb\u00e9 au combat dans le sud de la bande de Gaza\u00bb mardi, a d\u00e9clar\u00e9 l\u2019arm\u00e9e dans un communiqu\u00e9 apr\u00e8s avoir men\u00e9 des frappes a\u00e9riennes sur le territoire palestinien, accusant le Hamas d\u2019avoir viol\u00e9 la tr\u00eave. Ces frappes contre le territoire palestinien ont fait au moins 38 morts, selon un porte-parole de la D\u00e9fense civile, op\u00e9rant sous l\u2019autorit\u00e9 du mouvement islamiste.<\/p>\n","protected":false},"excerpt":{"rendered":"Yona Efraim Feldbaum, 37 ans, \u00abest tomb\u00e9 au combat dans le sud de la bande de Gaza\u00bb mardi,&hellip;\n","protected":false},"author":2,"featured_media":497159,"comment_status":"","ping_status":"","sticky":false,"template":"","format":"standard","meta":{"footnotes":""},"categories":[5],"tags":[11,3259,1011,27,665,14,12,28],"class_list":{"0":"post-497158","1":"post","2":"type-post","3":"status-publish","4":"format-standard","5":"has-post-thumbnail","7":"category-international","8":"tag-actualites","9":"tag-conflit-israelo-palestinien","10":"tag-fr","11":"tag-france","12":"tag-gaza","13":"tag-international","14":"tag-news","15":"tag-world"},"share_on_mastodon":{"url":"https:\/\/pubeurope.com\/@fr\/115456239443849538","error":""},"_links":{"self":[{"href":"https:\/\/www.europesays.com\/fr\/wp-json\/wp\/v2\/posts\/497158","targetHints":{"allow":["GET"]}}],"collection":[{"href":"https:\/\/www.europesays.com\/fr\/wp-json\/wp\/v2\/posts"}],"about":[{"href":"https:\/\/www.europesays.com\/fr\/wp-json\/wp\/v2\/types\/post"}],"author":[{"embeddable":true,"href":"https:\/\/www.europesays.com\/fr\/wp-json\/wp\/v2\/users\/2"}],"replies":[{"embeddable":true,"href":"https:\/\/www.europesays.com\/fr\/wp-json\/wp\/v2\/comments?post=497158"}],"version-history":[{"count":0,"href":"https:\/\/www.europesays.com\/fr\/wp-json\/wp\/v2\/posts\/497158\/revisions"}],"wp:featuredmedia":[{"embeddable":true,"href":"https:\/\/www.europesays.com\/fr\/wp-json\/wp\/v2\/media\/497159"}],"wp:attachment":[{"href":"https:\/\/www.europesays.com\/fr\/wp-json\/wp\/v2\/media?parent=497158"}],"wp:term":[{"taxonomy":"category","embeddable":true,"href":"https:\/\/www.europesays.com\/fr\/wp-json\/wp\/v2\/categories?post=497158"},{"taxonomy":"post_tag","embeddable":true,"href":"https:\/\/www.europesays.com\/fr\/wp-json\/wp\/v2\/tags?post=497158"}],"curies":[{"name":"wp","href":"https:\/\/api.w.org\/{rel}","templated":true}]}}