{"id":497164,"date":"2025-10-29T07:22:23","date_gmt":"2025-10-29T07:22:23","guid":{"rendered":"https:\/\/www.europesays.com\/fr\/497164\/"},"modified":"2025-10-29T07:22:23","modified_gmt":"2025-10-29T07:22:23","slug":"plus-de-180-donateurs-en-soutien-aux-malades-du-cancer","status":"publish","type":"post","link":"https:\/\/www.europesays.com\/fr\/497164\/","title":{"rendered":"plus de 180 donateurs en soutien aux malades du cancer"},"content":{"rendered":"<p>\u00ab\u00a0C\u2019est ma fa\u00e7on \u00e0 moi de contribuer \u00e0 la lutte contre cette maladie\u00a0\u00bb, glisse S\u00e9verine Vermorel, venue sp\u00e9cialement de Bussy-Albieux, pour faire un don de cheveux par solidarit\u00e9 avec une amie atteinte d\u2019un cancer du sein. Ils sont 180, hommes et femmes, \u00e0 avoir r\u00e9pondu dimanche dernier \u00e0 l\u2019appel de des Cheveux du c\u0153ur \u00e0 Saint-\u00c9tienne-le-Molard.<\/p>\n<p>\u00ab\u00a0Cette initiative permet de redonner le sourire&#8230;<\/p>\n","protected":false},"excerpt":{"rendered":"\u00ab\u00a0C\u2019est ma fa\u00e7on \u00e0 moi de contribuer \u00e0 la lutte contre cette maladie\u00a0\u00bb, glisse S\u00e9verine Vermorel, venue sp\u00e9cialement&hellip;\n","protected":false},"author":2,"featured_media":497165,"comment_status":"","ping_status":"","sticky":false,"template":"","format":"standard","meta":{"footnotes":""},"categories":[9653],"tags":[1111,11,2430,41738,7359,1777,674,1011,27,12,25,4001,49670,71],"class_list":{"0":"post-497164","1":"post","2":"type-post","3":"status-publish","4":"format-standard","5":"has-post-thumbnail","7":"category-saint-etienne","8":"tag-actu","9":"tag-actualites","10":"tag-auvergne-rhone-alpes","11":"tag-boen-sur-lignon-bassin","12":"tag-edition-loire-centre","13":"tag-eu","14":"tag-europe","15":"tag-fr","16":"tag-france","17":"tag-news","18":"tag-republique-francaise","19":"tag-saint-etienne","20":"tag-saint-etienne-le-molard","21":"tag-sante"},"share_on_mastodon":{"url":"https:\/\/pubeurope.com\/@fr\/115456255117715455","error":""},"_links":{"self":[{"href":"https:\/\/www.europesays.com\/fr\/wp-json\/wp\/v2\/posts\/497164","targetHints":{"allow":["GET"]}}],"collection":[{"href":"https:\/\/www.europesays.com\/fr\/wp-json\/wp\/v2\/posts"}],"about":[{"href":"https:\/\/www.europesays.com\/fr\/wp-json\/wp\/v2\/types\/post"}],"author":[{"embeddable":true,"href":"https:\/\/www.europesays.com\/fr\/wp-json\/wp\/v2\/users\/2"}],"replies":[{"embeddable":true,"href":"https:\/\/www.europesays.com\/fr\/wp-json\/wp\/v2\/comments?post=497164"}],"version-history":[{"count":0,"href":"https:\/\/www.europesays.com\/fr\/wp-json\/wp\/v2\/posts\/497164\/revisions"}],"wp:featuredmedia":[{"embeddable":true,"href":"https:\/\/www.europesays.com\/fr\/wp-json\/wp\/v2\/media\/497165"}],"wp:attachment":[{"href":"https:\/\/www.europesays.com\/fr\/wp-json\/wp\/v2\/media?parent=497164"}],"wp:term":[{"taxonomy":"category","embeddable":true,"href":"https:\/\/www.europesays.com\/fr\/wp-json\/wp\/v2\/categories?post=497164"},{"taxonomy":"post_tag","embeddable":true,"href":"https:\/\/www.europesays.com\/fr\/wp-json\/wp\/v2\/tags?post=497164"}],"curies":[{"name":"wp","href":"https:\/\/api.w.org\/{rel}","templated":true}]}}