{"id":497170,"date":"2025-10-29T07:27:27","date_gmt":"2025-10-29T07:27:27","guid":{"rendered":"https:\/\/www.europesays.com\/fr\/497170\/"},"modified":"2025-10-29T07:27:27","modified_gmt":"2025-10-29T07:27:27","slug":"marseille-cest-fini-cette-cite-provencale-seduit-ceux-qui-revent-du-sud-sans-les-prix-qui-flambent","status":"publish","type":"post","link":"https:\/\/www.europesays.com\/fr\/497170\/","title":{"rendered":"Marseille, c\u2019est fini : cette cit\u00e9 proven\u00e7ale s\u00e9duit ceux qui r\u00eavent du Sud sans les prix qui flambent"},"content":{"rendered":"<p>J\u2019ai longtemps sillonn\u00e9 les routes proven\u00e7ales, et je dois vous avouer que mes p\u00e9r\u00e9grinations m\u2019ont men\u00e9e \u00e0 une d\u00e9couverte \u00e9tonnante. Alors que <strong>les tarifs marseillais<\/strong> atteignent des sommets vertigineux, une perle se cache \u00e0 quelques kilom\u00e8tres seulement : <strong>Toulon, cette cit\u00e9 m\u00e9diterran\u00e9enne<\/strong> qui r\u00e9concilie authenticit\u00e9 proven\u00e7ale et accessibilit\u00e9 financi\u00e8re.<\/p>\n<p>Toulon, l\u2019alternative inattendue aux destinations proven\u00e7ales hors de prix<\/p>\n<p>Lors de mes derniers voyages dans le Var, j\u2019ai \u00e9t\u00e9 frapp\u00e9e par l\u2019authenticit\u00e9 pr\u00e9serv\u00e9e de Toulon. La rade scintille sous le soleil matinal, bord\u00e9e de fa\u00e7ades ocre et de palmiers qui se refl\u00e8tent dans l\u2019eau cristalline. Les ruelles du centre historique serpentent entre des b\u00e2timents du XVIIe si\u00e8cle, leurs volets color\u00e9s cr\u00e9ant un kal\u00e9idoscope m\u00e9diterran\u00e9en.<\/p>\n<p>Le march\u00e9 du Cours Lafayette vibre d\u2019une \u00e9nergie particuli\u00e8re chaque matin. Les \u00e9tals d\u00e9bordent de tomates gorg\u00e9es de soleil, d\u2019olives violettes et de fromages de ch\u00e8vre parfum\u00e9s aux herbes de Provence. J\u2019y croise des locaux qui n\u00e9gocient en proven\u00e7al, loin des hordes touristiques qui envahissent d\u2019autres destinations.<\/p>\n<p><strong>L\u2019immobilier toulonnais<\/strong> affiche des prix d\u00e9fiant toute concurrence face aux m\u00e9tropoles voisines. Un appartement avec vue sur la rade co\u00fbte trois fois moins cher qu\u2019un logement \u00e9quivalent dans la cit\u00e9 phoc\u00e9enne. Cette accessibilit\u00e9 attire d\u00e9sormais une client\u00e8le exigeante qui refuse les compromis sur la qualit\u00e9 de vie.<\/p>\n<tr>DestinationPrix moyen m\u00b2Avantages<\/tr>\n<tr>\n<td>Marseille<\/td>\n<td>4 200\u20ac<\/td>\n<td>M\u00e9tropole, transport<\/td>\n<\/tr>\n<tr>\n<td>Toulon<\/td>\n<td>2 800\u20ac<\/td>\n<td>Rade, authenticit\u00e9, calme<\/td>\n<\/tr>\n<tr>\n<td>Nice<\/td>\n<td>5 500\u20ac<\/td>\n<td>A\u00e9roport, prestige<\/td>\n<\/tr>\n<p>Les tr\u00e9sors cach\u00e9s de la capitale varoise<\/p>\n<p>Ma promenade matinale sur le sentier du Faron r\u00e9v\u00e8le un panorama \u00e9poustouflant. La t\u00e9l\u00e9cabine grimpe \u00e0 travers la v\u00e9g\u00e9tation m\u00e9diterran\u00e9enne vers ce sommet qui domine toute la rade. D\u2019en haut, <strong>Toulon d\u00e9voile ses secrets<\/strong> : les jardins cach\u00e9s du Mont Faron, les criques secr\u00e8tes de la Seyne-sur-Mer, les \u00eeles d\u2019Hy\u00e8res qui \u00e9mergent comme des \u00e9meraudes de la M\u00e9diterran\u00e9e.<\/p>\n<p>Le quartier de Mourillon charme par ses plages urbaines am\u00e9nag\u00e9es. Contrairement aux rivages bond\u00e9s de la C\u00f4te d\u2019Azur, ces \u00e9tendues de sable fin offrent tranquillit\u00e9 et services de qualit\u00e9. Les restaurants de bord de mer servent une bouillabaisse authentique \u00e0 des tarifs raisonnables, accompagn\u00e9e d\u2019un ros\u00e9 de Bandol glac\u00e9.<\/p>\n<p>L\u2019arsenal naval t\u00e9moigne du <strong>patrimoine maritime exceptionnel<\/strong> de la ville. Les visites guid\u00e9es r\u00e9v\u00e8lent l\u2019histoire fascinante de cette base navale, berceau de nombreux explorateurs. Napoleon Bonaparte y s\u00e9journa, marquant de son empreinte cette cit\u00e9 strat\u00e9gique.<\/p>\n<p>Je recommande particuli\u00e8rement les excursions vers les villages perch\u00e9s des environs. <a href=\"https:\/\/www.carredinfo.fr\/voyage\/village-provencal-a-airs-toscane\/\" target=\"_blank\" rel=\"noopener\">Ce village proven\u00e7al a des airs de Toscane<\/a> et m\u00e9rite absolument le d\u00e9tour depuis Toulon. La route sinueuse traverse des paysages de garrigue parsem\u00e9s de vignobles.<\/p>\n<p>Une qualit\u00e9 de vie m\u00e9diterran\u00e9enne pr\u00e9serv\u00e9e<\/p>\n<p><img fetchpriority=\"high\" decoding=\"async\" width=\"1024\" height=\"683\" src=\"data:image\/svg+xml,%3Csvg%20xmlns=\" http:=\"\" alt=\"\" class=\"wp-image-32115\" data-lazy- data-lazy- data-lazy-src=\"https:\/\/www.europesays.com\/fr\/wp-content\/uploads\/2025\/10\/telepherique-mont-faron-toulon-1024x683.jpg\"\/><\/p>\n<p>Mes explorations toulonnaises r\u00e9v\u00e8lent une <strong>douceur de vivre authentique<\/strong>. Les terrasses s\u2019animent d\u00e8s les premiers rayons, offrant cette art de vivre proven\u00e7al tant recherch\u00e9. La proximit\u00e9 des Calanques permet des escapades nature en quelques minutes, loin des embouteillages des grandes m\u00e9tropoles.<\/p>\n<p>Les infrastructures culturelles surprennent par leur diversit\u00e9. L\u2019Op\u00e9ra de Toulon programme des spectacles de renomm\u00e9e internationale dans un \u00e9crin architectural du XIXe si\u00e8cle. Les galeries d\u2019art contemporain c\u00f4toient des ateliers d\u2019artisans perp\u00e9tuant les traditions proven\u00e7ales.<\/p>\n<p>Mes d\u00e9couvertes culinaires confirment l\u2019excellence gastronomique locale. Les chefs toulonnais r\u00e9inventent la cuisine m\u00e9diterran\u00e9enne en privil\u00e9giant les circuits courts. Voici mes recommandations gourmandes :<\/p>\n<ul class=\"wp-block-list\">\n<li><strong>Cade toulonnaise<\/strong> aux march\u00e9s matinaux<\/li>\n<li>Chichi fr\u00e9gi sur le port<\/li>\n<li>Vins de Bandol dans les caves centenaires<\/li>\n<li>Poissons grill\u00e9s aux restaurants du Mourillon<\/li>\n<\/ul>\n<p>Cette alternative proven\u00e7ale s\u00e9duit ceux qui cherchent l\u2019authenticit\u00e9 sans compromis financiers. Contrairement aux destinations satur\u00e9es, <a href=\"https:\/\/www.carredinfo.fr\/voyage\/vous-evitez-cannes-village-provencal-est-bien-plus-irresistible\/\" target=\"_blank\" rel=\"noopener\">vous \u00e9vitez Cannes ? Ce village proven\u00e7al est bien plus irr\u00e9sistible<\/a> et Toulon partage cette philosophie du voyage intelligent.<\/p>\n<p><img loading=\"lazy\" decoding=\"async\" src=\"data:image\/svg+xml,%3Csvg%20xmlns=\" http:=\"\" width=\"100\" height=\"100\" alt=\"Anne-Sophie\" itemprop=\"image\" data-lazy-src=\"https:\/\/www.europesays.com\/fr\/wp-content\/uploads\/2025\/06\/Anne-Sophie.jpg\"\/><\/p>\n<p>Je m\u2019appelle Anne-Sophie et je suis la madame voyage en France de carr\u00e9 d\u2019info !<br \/>Exploratrice boh\u00e8me passionn\u00e9e de d\u00e9couvertes. Ma\u00eetrise l\u2019art de d\u00e9nicher les tr\u00e9sors cach\u00e9s des villes et des villages de France .<br \/>Je sait capturer l\u2019essence des lieux en photographies et j\u2019adore vous emmener avec moi pour profiter de notre magnifique pays \ud83d\ude42<\/p>\n","protected":false},"excerpt":{"rendered":"J\u2019ai longtemps sillonn\u00e9 les routes proven\u00e7ales, et je dois vous avouer que mes p\u00e9r\u00e9grinations m\u2019ont men\u00e9e \u00e0 une&hellip;\n","protected":false},"author":2,"featured_media":497171,"comment_status":"","ping_status":"","sticky":false,"template":"","format":"standard","meta":{"footnotes":""},"categories":[9619],"tags":[61957,1111,11,52792,7013,1777,674,1011,27,12,882,25,2310,61958],"class_list":{"0":"post-497170","1":"post","2":"type-post","3":"status-publish","4":"format-standard","5":"has-post-thumbnail","7":"category-toulon","8":"tag-authenticite-provencale","9":"tag-actu","10":"tag-actualites","11":"tag-authenticite-mediterraneenne","12":"tag-cote-dazur","13":"tag-eu","14":"tag-europe","15":"tag-fr","16":"tag-france","17":"tag-news","18":"tag-provence-alpes-cote-dazur","19":"tag-republique-francaise","20":"tag-toulon","21":"tag-ville-mediterraneenne"},"share_on_mastodon":{"url":"https:\/\/pubeurope.com\/@fr\/115456274858417551","error":""},"_links":{"self":[{"href":"https:\/\/www.europesays.com\/fr\/wp-json\/wp\/v2\/posts\/497170","targetHints":{"allow":["GET"]}}],"collection":[{"href":"https:\/\/www.europesays.com\/fr\/wp-json\/wp\/v2\/posts"}],"about":[{"href":"https:\/\/www.europesays.com\/fr\/wp-json\/wp\/v2\/types\/post"}],"author":[{"embeddable":true,"href":"https:\/\/www.europesays.com\/fr\/wp-json\/wp\/v2\/users\/2"}],"replies":[{"embeddable":true,"href":"https:\/\/www.europesays.com\/fr\/wp-json\/wp\/v2\/comments?post=497170"}],"version-history":[{"count":0,"href":"https:\/\/www.europesays.com\/fr\/wp-json\/wp\/v2\/posts\/497170\/revisions"}],"wp:featuredmedia":[{"embeddable":true,"href":"https:\/\/www.europesays.com\/fr\/wp-json\/wp\/v2\/media\/497171"}],"wp:attachment":[{"href":"https:\/\/www.europesays.com\/fr\/wp-json\/wp\/v2\/media?parent=497170"}],"wp:term":[{"taxonomy":"category","embeddable":true,"href":"https:\/\/www.europesays.com\/fr\/wp-json\/wp\/v2\/categories?post=497170"},{"taxonomy":"post_tag","embeddable":true,"href":"https:\/\/www.europesays.com\/fr\/wp-json\/wp\/v2\/tags?post=497170"}],"curies":[{"name":"wp","href":"https:\/\/api.w.org\/{rel}","templated":true}]}}