{"id":497174,"date":"2025-10-29T07:29:17","date_gmt":"2025-10-29T07:29:17","guid":{"rendered":"https:\/\/www.europesays.com\/fr\/497174\/"},"modified":"2025-10-29T07:29:17","modified_gmt":"2025-10-29T07:29:17","slug":"wtt-de-montpellier-a-quelle-heure-et-sur-quelle-chaine-suivre-lutz-pavade-et-bardet-gauzy","status":"publish","type":"post","link":"https:\/\/www.europesays.com\/fr\/497174\/","title":{"rendered":"WTT de Montpellier. \u00c0 quelle heure et sur quelle cha\u00eene suivre Lutz &#8211; Pavade et Bardet &#8211; Gauzy\u00a0?"},"content":{"rendered":"<p>Deux duels franco-fran\u00e7ais ont lieu ce mercredi 29\u00a0novembre, au WTT Champions de Montpellier. <a href=\"https:\/\/montpellier.maville.com\/sport\/detail_-wtt-champions-de-montpellier.-felix-lebrun-facile-pour-son-entree-en-lice-_45541-7040888_actu.Htm\" target=\"_self\" rel=\"noopener\">Au lendemain de la victoire marquante de F\u00e9lix Lebrun<\/a> face au Danois Jonathan Groth, Lilian Bardet affrontera Simon Gauzy, r\u00e9cemment champion d\u2019Europe par \u00e9quipes avec l\u2019\u00e9quipe de France.<\/p>\n<p>Chez les dames, la prometteuse Charlotte Lutz se frottera \u00e0 Prithika Pavade, la num\u00e9ro un tricolore.<\/p>\n<p><strong>Lire aussi\u00a0: <\/strong> <a href=\"https:\/\/montpellier.maville.com\/sport\/detail_-wtt-champions-de-montpellier.-enjeux-freres-lebrun-dates-diffusion...-tout-savoir-sur-le-tournoi-_52743-7036702_actu.Htm\" target=\"_self\" rel=\"noopener\">WTT Champions de Montpellier. Enjeux, fr\u00e8res Lebrun, dates, diffusion\u2026 Tout savoir sur le tournoi<\/a><\/p>\n<p>\u00c0 quelle heure suivre les deux rencontres\u00a0?<\/p>\n<p>Charlotte Lutz, qui b\u00e9n\u00e9fice d\u2019une wild-card \u00e0 Montpellier, affrontera Prithika Pavade \u00e0 16\u00a0h\u00a030. Lilian Bardet (wild-card) jouera contre Simon Gauzy \u00e0 18\u00a0h\u00a030.<\/p>\n<p>Sur quelle cha\u00eene suivre le WTT Champions de Montpellier\u00a0?<\/p>\n<p>Les rencontres seront diffus\u00e9es sur RMC Sport, Twitch et Youtube. Un direct sera \u00e9galement assur\u00e9 sur ouest-france.fr<\/p>\n<p>\u00a0<\/p>\n","protected":false},"excerpt":{"rendered":"Deux duels franco-fran\u00e7ais ont lieu ce mercredi 29\u00a0novembre, au WTT Champions de Montpellier. Au lendemain de la victoire&hellip;\n","protected":false},"author":2,"featured_media":497175,"comment_status":"","ping_status":"","sticky":false,"template":"","format":"standard","meta":{"footnotes":""},"categories":[9599],"tags":[1111,11,14015,3809,1465,1777,674,63,1011,27,1792,1922,2208,12,2680,25,479,517,1470],"class_list":{"0":"post-497174","1":"post","2":"type-post","3":"status-publish","4":"format-standard","5":"has-post-thumbnail","7":"category-montpellier","8":"tag-actu","9":"tag-actualites","10":"tag-alencon","11":"tag-ball","12":"tag-basket","13":"tag-eu","14":"tag-europe","15":"tag-football","16":"tag-fr","17":"tag-france","18":"tag-handball","19":"tag-info","20":"tag-montpellier","21":"tag-news","22":"tag-occitanie","23":"tag-republique-francaise","24":"tag-rugby","25":"tag-sport","26":"tag-volley"},"share_on_mastodon":{"url":"https:\/\/pubeurope.com\/@fr\/115456282795769904","error":""},"_links":{"self":[{"href":"https:\/\/www.europesays.com\/fr\/wp-json\/wp\/v2\/posts\/497174","targetHints":{"allow":["GET"]}}],"collection":[{"href":"https:\/\/www.europesays.com\/fr\/wp-json\/wp\/v2\/posts"}],"about":[{"href":"https:\/\/www.europesays.com\/fr\/wp-json\/wp\/v2\/types\/post"}],"author":[{"embeddable":true,"href":"https:\/\/www.europesays.com\/fr\/wp-json\/wp\/v2\/users\/2"}],"replies":[{"embeddable":true,"href":"https:\/\/www.europesays.com\/fr\/wp-json\/wp\/v2\/comments?post=497174"}],"version-history":[{"count":0,"href":"https:\/\/www.europesays.com\/fr\/wp-json\/wp\/v2\/posts\/497174\/revisions"}],"wp:featuredmedia":[{"embeddable":true,"href":"https:\/\/www.europesays.com\/fr\/wp-json\/wp\/v2\/media\/497175"}],"wp:attachment":[{"href":"https:\/\/www.europesays.com\/fr\/wp-json\/wp\/v2\/media?parent=497174"}],"wp:term":[{"taxonomy":"category","embeddable":true,"href":"https:\/\/www.europesays.com\/fr\/wp-json\/wp\/v2\/categories?post=497174"},{"taxonomy":"post_tag","embeddable":true,"href":"https:\/\/www.europesays.com\/fr\/wp-json\/wp\/v2\/tags?post=497174"}],"curies":[{"name":"wp","href":"https:\/\/api.w.org\/{rel}","templated":true}]}}