{"id":49718,"date":"2025-04-24T17:42:08","date_gmt":"2025-04-24T17:42:08","guid":{"rendered":"https:\/\/www.europesays.com\/fr\/49718\/"},"modified":"2025-04-24T17:42:08","modified_gmt":"2025-04-24T17:42:08","slug":"un-collectif-de-psychiatres-alerte-sur-les-penuries-de-medicaments-psychotropes","status":"publish","type":"post","link":"https:\/\/www.europesays.com\/fr\/49718\/","title":{"rendered":"un collectif de psychiatres alerte sur les p\u00e9nuries de m\u00e9dicaments psychotropes"},"content":{"rendered":"<p>                             Par Le Figaro avec AFP<\/p>\n<p>\n            Publi\u00e9<br \/>\n                le 24 avril 2025 \u00e0 18h24\n        <\/p>\n<p>    Tr\u00e8s prescrite dans les troubles bipolaires et la schizophr\u00e9nie, la qu\u00e9tiapine est victime de l\u2019arr\u00eat pendant plusieurs mois, pour un d\u00e9faut de qualit\u00e9, d\u2019une usine grecque qui fournit en temps normal 60% des quantit\u00e9s distribu\u00e9es en France.<br \/>\n                luchschen \/ luchschenF &#8211; stock.adobe.com<\/p>\n<p>\u00abLa psychiatrie fran\u00e7aise est d\u00e9j\u00e0 \u00e0 bout de ses moyens et ses professionnels \u00e9puis\u00e9s et en sous-effectifs criants\u00bb, alerte le collectif, qui demande \u00abdes mesures urgentes\u00bb.<\/p>\n<p class=\"fig-paragraph\"><a href=\"https:\/\/sante.lefigaro.fr\/sante\/traitement\/neuroleptiques-antipsychotiques\/quels-sont-effets-indesirables\" target=\"_blank\" data-fig-type=\"Keyword\" rel=\"noopener\" data-gtm-custom-categorie=\"navigation\" data-gtm-custom-action=\"crossclick\" data-gtm-custom-label=\"Contextuel\" data-gtm-event=\"customEventSPE\" data-fig-domain=\"SANTE\">Antipsychotiques<\/a>,\u00a0<a href=\"http:\/\/www.lefigaro.fr\/flash-eco\/medicaments-difficultes-d-approvisionnement-pour-un-traitement-antidepresseur-20250401\" data-fig-type=\"NewsFlash\" data-gtm-custom-categorie=\"navigation\" data-gtm-custom-action=\"crossclick\" data-gtm-custom-label=\"Contextuel\" data-gtm-event=\"customEventSPE\" data-fig-domain=\"LEFIGARO\" target=\"_blank\" rel=\"noopener\">antid\u00e9presseurs<\/a>&#8230; \u00abDepuis plusieurs mois, la psychiatrie se trouve particuli\u00e8rement en difficult\u00e9 avec\u00a0<a href=\"http:\/\/sante.lefigaro.fr\/medecine\/face-aux-penuries-de-quetiapine-un-important-traitement-psychiatrique-les-autorites-formulent-de-nouvelles-recommandations-20250214\" data-fig-type=\"NewsFlash\" data-gtm-custom-categorie=\"navigation\" data-gtm-custom-action=\"crossclick\" data-gtm-custom-label=\"Contextuel\" data-gtm-event=\"customEventSPE\" data-fig-domain=\"SANTE\" target=\"_blank\" rel=\"noopener\">des tensions d\u2019approvisionnement r\u00e9currentes<\/a> \u00a0allant\u00a0<a href=\"http:\/\/sante.lefigaro.fr\/medecine\/psychiatrie-la-rupture-d-un-medicament-essentiel-inquiete-les-patients-et-les-medecins-20250130\" data-fig-type=\"NewsFlash\" data-gtm-custom-categorie=\"navigation\" data-gtm-custom-action=\"crossclick\" data-gtm-custom-label=\"Contextuel\" data-gtm-event=\"customEventSPE\" data-fig-domain=\"SANTE\" target=\"_blank\" rel=\"noopener\">jusqu\u2019aux ruptures<\/a> , et ce pour des mol\u00e9cules de plus en plus nombreuses\u00bb, d\u00e9plore un collectif de syndicats de praticiens hospitaliers. Dans un communiqu\u00e9, il alerte sur une \u00absituation intenable\u00bb de p\u00e9nuries d&rsquo;une dizaine de m\u00e9dicaments en psychiatrie qui \u00abs&rsquo;accentue\u00bb, r\u00e9clamant que les causes de cette situation soient \u00abclairement identifi\u00e9es\u00bb.<\/p>\n<p class=\"fig-paragraph\">Dans son communiqu\u00e9, le collectif appelle \u00ables autorit\u00e9s sanitaires, les laboratoires pharmaceutiques et les d\u00e9cideurs politiques \u00e0 prendre des mesures urgentes pour r\u00e9soudre cette crise\u00bb. \u00abLa psychiatrie fran\u00e7aise est d\u00e9j\u00e0 \u00e0 bout de ses moyens et ses professionnels \u00e9puis\u00e9s et en sous-effectifs criants\u00bb, lancent les signataires. Ils sont plus d\u2019une trentaine\u00a0, dont les pr\u00e9sidents de l\u2019union syndicale Action Praticiens H\u00f4pital (APH), celle de la Psychiatrie (USP), le Syndicat des Praticiens des H\u00f4pitaux Publics (SPHP), la F\u00e9d\u00e9ration Nationale des Associations d\u2019usagers en Psychiatrie et des syndicats de pharmaciens.<\/p>\n<p>14 tensions d\u2019approvisionnement et ruptures de stock depuis janvier<\/p>\n<p class=\"fig-paragraph\">Les signataires demandent \u00abune transparence accrue sur les stocks et les approvisionnements de m\u00e9dicaments\u00bb et que les causes de ces ruptures soient \u00abclairement identifi\u00e9es\u00bb. Ils pr\u00e9conisent \u00abun dispositif incitant les laboratoires fabricants \u00e0 maintenir l&rsquo;acc\u00e8s \u00e0 ces m\u00e9dicaments\u00bb et \u00abun soutien renforc\u00e9 pour les professionnels de sant\u00e9 et les patients affect\u00e9s par ces p\u00e9nuries\u00bb.<\/p>\n<p class=\"fig-paragraph\">Depuis le 1er janvier 2025, l&rsquo;Agence nationale de s\u00e9curit\u00e9 du m\u00e9dicament (ANSM) a fait \u00e9tat de 14 tensions d&rsquo;approvisionnement et ruptures de stock en m\u00e9dicaments psychotropes, entre autres, la qu\u00e9tiapine, tr\u00e8s prescrite face aux troubles bipolaires et la schizophr\u00e9nie, ou la sertraline, l&rsquo;un des principaux antid\u00e9presseurs. Dans un point de situation publi\u00e9 jeudi, l&rsquo;ANSM indique que l&rsquo;activit\u00e9 de l&rsquo;usine Pharmathen International, en Gr\u00e8ce, qui fournit, en temps normal, 60% de la qu\u00e9tiapine distribu\u00e9e en France \u00e0 250\u00a0000 patients, \u00abn&rsquo;a pas encore retrouv\u00e9 un niveau normal\u00bb apr\u00e8s un arr\u00eat de plusieurs mois li\u00e9 \u00e0 un d\u00e9faut de qualit\u00e9.<\/p>\n","protected":false},"excerpt":{"rendered":"Par Le Figaro avec AFP Publi\u00e9 le 24 avril 2025 \u00e0 18h24 Tr\u00e8s prescrite dans les troubles bipolaires&hellip;\n","protected":false},"author":2,"featured_media":49719,"comment_status":"","ping_status":"","sticky":false,"template":"","format":"standard","meta":{"footnotes":""},"categories":[4],"tags":[11,442,228,440,441,436,1011,27,226,12,439,229,25,435,437,227,438],"class_list":{"0":"post-49718","1":"post","2":"type-post","3":"status-publish","4":"format-standard","5":"has-post-thumbnail","7":"category-france","8":"tag-actualites","9":"tag-administration-de-la-sante","10":"tag-diagnostic","11":"tag-droit-a-la-sante","12":"tag-education-sanitaire-education-sanitaire-individuelle-et-collective","13":"tag-environnement","14":"tag-fr","15":"tag-france","16":"tag-maladie","17":"tag-news","18":"tag-niveau-de-vie","19":"tag-pathologie","20":"tag-republique-francaise","21":"tag-sante-de-la-population","22":"tag-services-medicaux","23":"tag-traitement","24":"tag-traitement-preventif"},"share_on_mastodon":{"url":"https:\/\/pubeurope.com\/@fr\/114394178779639129","error":""},"_links":{"self":[{"href":"https:\/\/www.europesays.com\/fr\/wp-json\/wp\/v2\/posts\/49718","targetHints":{"allow":["GET"]}}],"collection":[{"href":"https:\/\/www.europesays.com\/fr\/wp-json\/wp\/v2\/posts"}],"about":[{"href":"https:\/\/www.europesays.com\/fr\/wp-json\/wp\/v2\/types\/post"}],"author":[{"embeddable":true,"href":"https:\/\/www.europesays.com\/fr\/wp-json\/wp\/v2\/users\/2"}],"replies":[{"embeddable":true,"href":"https:\/\/www.europesays.com\/fr\/wp-json\/wp\/v2\/comments?post=49718"}],"version-history":[{"count":0,"href":"https:\/\/www.europesays.com\/fr\/wp-json\/wp\/v2\/posts\/49718\/revisions"}],"wp:featuredmedia":[{"embeddable":true,"href":"https:\/\/www.europesays.com\/fr\/wp-json\/wp\/v2\/media\/49719"}],"wp:attachment":[{"href":"https:\/\/www.europesays.com\/fr\/wp-json\/wp\/v2\/media?parent=49718"}],"wp:term":[{"taxonomy":"category","embeddable":true,"href":"https:\/\/www.europesays.com\/fr\/wp-json\/wp\/v2\/categories?post=49718"},{"taxonomy":"post_tag","embeddable":true,"href":"https:\/\/www.europesays.com\/fr\/wp-json\/wp\/v2\/tags?post=49718"}],"curies":[{"name":"wp","href":"https:\/\/api.w.org\/{rel}","templated":true}]}}