{"id":497183,"date":"2025-10-29T07:34:17","date_gmt":"2025-10-29T07:34:17","guid":{"rendered":"https:\/\/www.europesays.com\/fr\/497183\/"},"modified":"2025-10-29T07:34:17","modified_gmt":"2025-10-29T07:34:17","slug":"cesson-sevigne-une-exposition-au-profit-de-la-recherche-contre-le-cancer","status":"publish","type":"post","link":"https:\/\/www.europesays.com\/fr\/497183\/","title":{"rendered":"Cesson-S\u00e9vign\u00e9. Une exposition au profit de la recherche contre le cancer"},"content":{"rendered":"<p>L\u2019association Cesson Art et Po\u00e9sie organise pour la troisi\u00e8me ann\u00e9e cons\u00e9cutive une exposition de petits formats, des \u0153uvres qui \u00a0ne doivent pas d\u00e9passer 30\u00a0x 30\u00a0cm\u00a0, rappelle L\u00e9one Olbrecht, membre de l\u2019association et exposante. Cette \u00e9dition r\u00e9unit huit artistes amateurs, peintres, sculpteurs, po\u00e9tesse\u2026 \u00a0De la peinture en relief sur le th\u00e8me de la mer\u00a0; des acryliques color\u00e9es\u00a0; des sculptures de m\u00e9tal et de terre cuite\u00a0; des aquarelles et de la po\u00e9sie. Autant d\u2019id\u00e9es de cadeaux pour No\u00ebl ou une occasion de faire plaisir. Qui se double d\u2019une bonne action\u00a0: 10\u00a0% du produit des ventes seront revers\u00e9s au centre de recherche Eug\u00e8ne-Marquis\u00a0, ajoute L\u00e9one Olbrecht.<\/p>\n<p>Le collectif accueille une nouvelle adh\u00e9rente, Ana Minaburo, une artiste calligraphe d\u2019origine mexicaine. Elle exposera aux c\u00f4t\u00e9s d\u2019Anne Halleguen, Marie-Pierre Jan, Nelly Monnier, Josiane Thomas, Christian Poirier, L\u00e9one Olbrecht et Ga\u00ebtan Etienvre. Parce qu\u2019elle est gauch\u00e8re, elle calligraphie \u00e0 l\u2019envers, du haut vers le bas. \u00a0Je r\u00e9alise des \u0153uvres latines, avec des outils h\u00e9rit\u00e9s du Moyen \u00c2ge, que les gens pourront d\u00e9couvrir lors de l\u2019exposition\u00a0, d\u00e9voile-t-elle.<\/p>\n<p>Samedi\u00a01<strong class=\"date\">er et dimanche 2\u00a0novembre, <\/strong>de 10\u00a0h \u00e0 18\u00a0h, salle n\u00b0\u00a01 du centre de loisirs. Entr\u00e9e libre. Contact\u00a0: t\u00e9l. 02\u00a099\u00a083\u00a085\u00a029.<\/p>\n<p>\u00a0<\/p>\n","protected":false},"excerpt":{"rendered":"L\u2019association Cesson Art et Po\u00e9sie organise pour la troisi\u00e8me ann\u00e9e cons\u00e9cutive une exposition de petits formats, des \u0153uvres&hellip;\n","protected":false},"author":2,"featured_media":497184,"comment_status":"","ping_status":"","sticky":false,"template":"","format":"standard","meta":{"footnotes":""},"categories":[2821],"tags":[1111,11,829,101,4099,1777,674,3293,1011,27,12,18851,959,3086,584,25],"class_list":{"0":"post-497183","1":"post","2":"type-post","3":"status-publish","4":"format-standard","5":"has-post-thumbnail","7":"category-rennes","8":"tag-actu","9":"tag-actualites","10":"tag-bretagne","11":"tag-cancer","12":"tag-cesson-sevigne","13":"tag-eu","14":"tag-europe","15":"tag-exposition","16":"tag-fr","17":"tag-france","18":"tag-news","19":"tag-profit","20":"tag-recherche","21":"tag-redon","22":"tag-rennes","23":"tag-republique-francaise"},"share_on_mastodon":{"url":"https:\/\/pubeurope.com\/@fr\/115456302605575669","error":""},"_links":{"self":[{"href":"https:\/\/www.europesays.com\/fr\/wp-json\/wp\/v2\/posts\/497183","targetHints":{"allow":["GET"]}}],"collection":[{"href":"https:\/\/www.europesays.com\/fr\/wp-json\/wp\/v2\/posts"}],"about":[{"href":"https:\/\/www.europesays.com\/fr\/wp-json\/wp\/v2\/types\/post"}],"author":[{"embeddable":true,"href":"https:\/\/www.europesays.com\/fr\/wp-json\/wp\/v2\/users\/2"}],"replies":[{"embeddable":true,"href":"https:\/\/www.europesays.com\/fr\/wp-json\/wp\/v2\/comments?post=497183"}],"version-history":[{"count":0,"href":"https:\/\/www.europesays.com\/fr\/wp-json\/wp\/v2\/posts\/497183\/revisions"}],"wp:featuredmedia":[{"embeddable":true,"href":"https:\/\/www.europesays.com\/fr\/wp-json\/wp\/v2\/media\/497184"}],"wp:attachment":[{"href":"https:\/\/www.europesays.com\/fr\/wp-json\/wp\/v2\/media?parent=497183"}],"wp:term":[{"taxonomy":"category","embeddable":true,"href":"https:\/\/www.europesays.com\/fr\/wp-json\/wp\/v2\/categories?post=497183"},{"taxonomy":"post_tag","embeddable":true,"href":"https:\/\/www.europesays.com\/fr\/wp-json\/wp\/v2\/tags?post=497183"}],"curies":[{"name":"wp","href":"https:\/\/api.w.org\/{rel}","templated":true}]}}