{"id":497193,"date":"2025-10-29T07:39:22","date_gmt":"2025-10-29T07:39:22","guid":{"rendered":"https:\/\/www.europesays.com\/fr\/497193\/"},"modified":"2025-10-29T07:39:22","modified_gmt":"2025-10-29T07:39:22","slug":"logc-nice-se-releve-en-ligue-1-mais-son-niveau-suffira-t-il-face-a-lille-reponse-ce-mercredi-soir","status":"publish","type":"post","link":"https:\/\/www.europesays.com\/fr\/497193\/","title":{"rendered":"L\u2019OGC Nice se rel\u00e8ve en Ligue 1, mais son niveau suffira-t-il face \u00e0 Lille\u00a0? R\u00e9ponse ce mercredi soir"},"content":{"rendered":"<p class=\"fs-5 \">Au vu de son d\u00e9but de saison, il fallait \u00eatre tr\u00e8s optimiste pour penser que le <strong>Gym<\/strong> allait sortir de l\u2019encha\u00eenement de chocs contre <strong>Monaco<\/strong>, <strong>Lyon<\/strong> et <strong>Rennes<\/strong> avec 7 points.<\/p>\n<p class=\"fs-5 \">Mais les <strong>Aiglons<\/strong> ont trouv\u00e9 des ressources mentales insoup\u00e7onn\u00e9es et en <strong>Sofiane Diop<\/strong> une arme chirurgicale pour op\u00e9rer leur redressement au classement.<\/p>\n<p class=\"fs-5 \">Les hommes de <strong>Franck Haise<\/strong> sont huiti\u00e8mes de <strong>Ligue 1<\/strong> avant d\u2019accueillir <strong>Lille<\/strong> ce mercredi soir, un adversaire (5e) qu\u2019ils pourraient rattraper en cas de troisi\u00e8me succ\u00e8s d\u2019affil\u00e9e, puis de d\u00e9fier le <strong>PSG<\/strong> samedi.<\/p>\n<p class=\"fs-5 \">Or, si le Gym avance au niveau comptable, il est plus difficile de se satisfaire du niveau affich\u00e9.<\/p>\n<p class=\"fs-5 \">\u00ab\u00a0On a eu un peu de r\u00e9ussite sur certains matchs, mais ces points on ne les a pas pris par hasard. On a mis beaucoup de courage, beaucoup de c\u0153ur. Notre gardien a fait aussi des arr\u00eats importants. Mais pour continuer \u00e0 en prendre, il faut \u00eatre bien conscient qu\u2019il faudra faire mieux\u00a0\u00bb, admet l\u2019entra\u00eeneur ni\u00e7ois.<\/p>\n<p>                                                                                \u00ab\u00a0\u00c7a ne suffira pas dans la dur\u00e9e\u00a0\u00bb<\/p>\n<p class=\"fs-5 \">Son \u00e9quipe a trouv\u00e9 de la constance dans l\u2019\u00e9tat d\u2019esprit affich\u00e9, notamment dans sa d\u00e9termination d\u00e9fensive, pas encore \u00ab\u00a0dans la qualit\u00e9 du jeu et dans la ma\u00eetrise du match\u00a0\u00bb.<\/p>\n<p class=\"fs-5 \"><a href=\"https:\/\/www.nicematin.com\/sports\/football\/expulsions-occasions-manquees-choix-tactiques-pourquoi-l-ogc-nice-s-enlise-en-ligue-europa-10653837\" target=\"_blank\" rel=\"noopener\">\u00c0 Vigo jeudi en Ligue Europa (2-1)<\/a>, les Aiglons avaient \u00e9t\u00e9 incapables de garder le ballon en seconde p\u00e9riode, mais leur inf\u00e9riorit\u00e9 num\u00e9rique \u00e9tait une circonstance att\u00e9nuante.<\/p>\n<p class=\"fs-5 \"><a href=\"https:\/\/www.nicematin.com\/sports\/football\/ligue-1-comment-l-ogc-nice-a-resiste-aux-assauts-rennais-jusqu-au-bout-10654296#:~:text=Une%20solidarit%C3%A9%20d%C3%A9fensive%20de%20plus%20en%20plus%20visible&amp;text=Ils%20sont%20jeunes%20et%20ont,chauds%20sortis%20de%20la%20t%C3%AAte.\" target=\"_blank\" rel=\"noopener\">Contre Rennes dimanche (1-2)<\/a>, ils ont mis leur avantage de deux buts en grand p\u00e9ril \u00e0 force de subir et de reculer lors des 30 derni\u00e8res minutes.<\/p>\n<p class=\"fs-5 \">\u00ab\u00a0Il y avait moyen d\u2019avoir plus de tenue du ballon, plus de sorties, plus de situations en transition ou de moments de ma\u00eetrise pour desserrer un peu l\u2019\u00e9treinte\u00a0\u00bb, regrette le coach, conscient que \u00ab\u00a0\u00e7a ne suffira pas, dans la dur\u00e9e\u00a0\u00bb.<\/p>\n<p class=\"fs-5 \"><strong>Franck Haise<\/strong> n\u2019a pas cach\u00e9 qu\u2019en l\u2019\u00e9tat, avec tous les absents, liste \u00e0 laquelle <strong>Jonathan Clauss<\/strong> s\u2019est ajout\u00e9 (voir ci-contre), le Gym ne jouait pas dans la m\u00eame cour que le <strong>LOSC<\/strong> de <strong>Bruno Genesio<\/strong>. Si les <strong>Dogues<\/strong> du prolifique <strong>Hamza Igamane<\/strong> (7 buts en 10 matchs) ont \u00e9gar\u00e9 quelques points en cours de saison, et perdu contre le <strong>PAOK Salonique<\/strong> jeudi en <strong>C3<\/strong>, ils viennent d\u2019\u00e9triller <strong>Metz<\/strong> (6-1).<\/p>\n<p class=\"fs-5 \">Preuve de leur \u00e9norme <strong>force de frappe offensive<\/strong>, seuls le <strong>Bayern Munich<\/strong> (30) et le <strong>FC Barcelone<\/strong> (25) ont scor\u00e9 plus qu\u2019eux cette saison (22) dans le top 5 europ\u00e9en. Et aucun club en <strong>L1<\/strong> n\u2019a touch\u00e9 plus de ballons que Lille dans la surface adverse. En progr\u00e8s mais sur-sollicit\u00e9e, l\u2019<strong>arri\u00e8re-garde ni\u00e7oise<\/strong>, encore priv\u00e9e de <strong>Dante<\/strong>, va passer un sacr\u00e9 test. \u00ab\u00a0\u00c7a va \u00eatre un gros challenge de r\u00e9sister, d\u2019exister et de construire\u00a0\u00bb, pointe le coach ni\u00e7ois, qui pourra compter dans cette mission sur le retour au milieu de l\u2019indispensable <strong>Hicham Boudaoui<\/strong>.<\/p>\n<p>            <img src=\"https:\/\/www.europesays.com\/fr\/wp-content\/uploads\/2025\/10\/1761723561_45_a2a231e_upload-1-snk4rwob57db-image-afp-823d84k.jpg\"   loading=\"lazy\" decoding=\"async\" alt=\"Sofiane Diop reste sur cinq buts et une passe d\u00e9cisive sur ses quatre derniers matchs de Ligue 1. La forme de sa vie. &#10;\" class=\"img-fluid position-absolute w-100 object-fit-cover rounded-2\" width=\"600\" height=\"400\"\/><\/p>\n<p>                                                                                Les compos probables<\/p>\n<p>    <img decoding=\"async\" src=\"https:\/\/www.europesays.com\/fr\/wp-content\/uploads\/2025\/10\/ce8a654_upload-1-00psowg2c7hz-ogc-nice-lille.JPG\" class=\"figure-img img-fluid rounded\" alt=\"A generic square placeholder image with rounded corners in a figure.\"\/><\/p>\n","protected":false},"excerpt":{"rendered":"Au vu de son d\u00e9but de saison, il fallait \u00eatre tr\u00e8s optimiste pour penser que le Gym allait&hellip;\n","protected":false},"author":2,"featured_media":497194,"comment_status":"","ping_status":"","sticky":false,"template":"","format":"standard","meta":{"footnotes":""},"categories":[2819],"tags":[1111,11,1777,674,1011,27,12,2401,54521,882,25],"class_list":{"0":"post-497193","1":"post","2":"type-post","3":"status-publish","4":"format-standard","5":"has-post-thumbnail","7":"category-nice","8":"tag-actu","9":"tag-actualites","10":"tag-eu","11":"tag-europe","12":"tag-fr","13":"tag-france","14":"tag-news","15":"tag-nice","16":"tag-ogcnice","17":"tag-provence-alpes-cote-dazur","18":"tag-republique-francaise"},"share_on_mastodon":{"url":"https:\/\/pubeurope.com\/@fr\/115456322104790211","error":""},"_links":{"self":[{"href":"https:\/\/www.europesays.com\/fr\/wp-json\/wp\/v2\/posts\/497193","targetHints":{"allow":["GET"]}}],"collection":[{"href":"https:\/\/www.europesays.com\/fr\/wp-json\/wp\/v2\/posts"}],"about":[{"href":"https:\/\/www.europesays.com\/fr\/wp-json\/wp\/v2\/types\/post"}],"author":[{"embeddable":true,"href":"https:\/\/www.europesays.com\/fr\/wp-json\/wp\/v2\/users\/2"}],"replies":[{"embeddable":true,"href":"https:\/\/www.europesays.com\/fr\/wp-json\/wp\/v2\/comments?post=497193"}],"version-history":[{"count":0,"href":"https:\/\/www.europesays.com\/fr\/wp-json\/wp\/v2\/posts\/497193\/revisions"}],"wp:featuredmedia":[{"embeddable":true,"href":"https:\/\/www.europesays.com\/fr\/wp-json\/wp\/v2\/media\/497194"}],"wp:attachment":[{"href":"https:\/\/www.europesays.com\/fr\/wp-json\/wp\/v2\/media?parent=497193"}],"wp:term":[{"taxonomy":"category","embeddable":true,"href":"https:\/\/www.europesays.com\/fr\/wp-json\/wp\/v2\/categories?post=497193"},{"taxonomy":"post_tag","embeddable":true,"href":"https:\/\/www.europesays.com\/fr\/wp-json\/wp\/v2\/tags?post=497193"}],"curies":[{"name":"wp","href":"https:\/\/api.w.org\/{rel}","templated":true}]}}