{"id":497196,"date":"2025-10-29T07:41:12","date_gmt":"2025-10-29T07:41:12","guid":{"rendered":"https:\/\/www.europesays.com\/fr\/497196\/"},"modified":"2025-10-29T07:41:12","modified_gmt":"2025-10-29T07:41:12","slug":"diffusion-nantes-monaco-a-quelle-heure-et-sur-quelle-chaine-voir-le-match-en-direct-et-en-streaming","status":"publish","type":"post","link":"https:\/\/www.europesays.com\/fr\/497196\/","title":{"rendered":"Diffusion Nantes \u2013 Monaco : \u00e0 quelle heure et sur quelle cha\u00eene voir le match en direct et en streaming ?"},"content":{"rendered":"<p class=\"paragraph text_align_left lp-f-body-02\">Cette semaine, les clubs de Ligue 1 McDonald\u2019s disputent deux journ\u00e9es de championnat. \u00c0 l\u2019heure actuelle, Nantes pointe \u00e0 la treizi\u00e8me place du classement. Pour le moment, les Canaris restent sur deux victoires, trois nuls et quatre d\u00e9faites, et affichent une diff\u00e9rence de buts n\u00e9gative (-3). Avec neuf points au compteur, les hommes de Luis Castro doivent imp\u00e9rativement trouver le chemin des buts pour se rapprocher du milieu du tableau. En face, Monaco a encha\u00een\u00e9 trois matchs sans d\u00e9faite. Apr\u00e8s avoir conc\u00e9d\u00e9 deux nuls \u00e0 Nice et Angers, les Mon\u00e9gasques ont renou\u00e9 avec le succ\u00e8s face \u00e0 Toulouse (1-0). Cette victoire a permis aux co\u00e9quipiers de Falorin Balogun de prendre la sixi\u00e8me position, avec dix-sept points. C\u00f4t\u00e9 effectif, ce d\u00e9placement \u00e0 Nantes se fera avec un onze r\u00e9duit. L\u2019entra\u00eeneur S\u00e9bastien Pocognoli doit composer avec les blessures de Vanderson, Dier, Pogba, Camara, Hradecky et Zakaria. En UEFA Champions League, Monaco a d\u2019abord subi un revers face au Club Brugge, avant de s\u2019offrir deux nuls contre Manchester City (2-2) et Tottenham (0-0). Dans ces lignes on vous dit \u00e0 quelle heure et sur quelle cha\u00eene voir le match Nantes \u2013 Monaco en direct et en streaming ce mercredi soir.<\/p>\n<p class=\"paragraph text_align_left lp-f-body-02\"><b>Le match qui oppose Nantes et Monaco est diffus\u00e9 ce mercredi 29 octobre en direct <\/b><a href=\"https:\/\/ad.doubleclick.net\/ddm\/trackclk\/N6600.145219.LEPARISIEN.FR\/B32944843.412602257;dc_trk_aid=604786717;dc_trk_cid=228480032;dc_lat=;dc_rdid=;tag_for_child_directed_treatment=;tfua=;gdpr=$%7BGDPR%7D;gdpr_consent=$%7BGDPR_CONSENT_755%7D;ltd=;dc_tdv=1\" target=\"_blank\" rel=\"sponsored nofollow noopener\"><b>sur la cha\u00eene beIN SPORTS 1<\/b><\/a><b>. La confrontation est \u00e0 suivre \u00e0 partir de 21h05 \u00e0 la Beaujoire. <\/b>L\u2019arbitre J\u00e9r\u00f4me Brisard a \u00e9t\u00e9 d\u00e9sign\u00e9 pour diriger le face-\u00e0-face. Il sera assist\u00e9 de Marc Bollengier et de Ludovic R\u00e9my \u00e0 la VAR.<\/p>\n","protected":false},"excerpt":{"rendered":"Cette semaine, les clubs de Ligue 1 McDonald\u2019s disputent deux journ\u00e9es de championnat. \u00c0 l\u2019heure actuelle, Nantes pointe&hellip;\n","protected":false},"author":2,"featured_media":497197,"comment_status":"","ping_status":"","sticky":false,"template":"","format":"standard","meta":{"footnotes":""},"categories":[2818],"tags":[1111,11,61960,1777,674,63,1011,27,749,766,12,2636,25,6718],"class_list":{"0":"post-497196","1":"post","2":"type-post","3":"status-publish","4":"format-standard","5":"has-post-thumbnail","7":"category-nantes","8":"tag-actu","9":"tag-actualites","10":"tag-diffusion-nantes-monaco","11":"tag-eu","12":"tag-europe","13":"tag-football","14":"tag-fr","15":"tag-france","16":"tag-guide-shopping","17":"tag-nantes","18":"tag-news","19":"tag-pays-de-la-loire","20":"tag-republique-francaise","21":"tag-tv-streaming"},"share_on_mastodon":{"url":"https:\/\/pubeurope.com\/@fr\/115456329914095551","error":""},"_links":{"self":[{"href":"https:\/\/www.europesays.com\/fr\/wp-json\/wp\/v2\/posts\/497196","targetHints":{"allow":["GET"]}}],"collection":[{"href":"https:\/\/www.europesays.com\/fr\/wp-json\/wp\/v2\/posts"}],"about":[{"href":"https:\/\/www.europesays.com\/fr\/wp-json\/wp\/v2\/types\/post"}],"author":[{"embeddable":true,"href":"https:\/\/www.europesays.com\/fr\/wp-json\/wp\/v2\/users\/2"}],"replies":[{"embeddable":true,"href":"https:\/\/www.europesays.com\/fr\/wp-json\/wp\/v2\/comments?post=497196"}],"version-history":[{"count":0,"href":"https:\/\/www.europesays.com\/fr\/wp-json\/wp\/v2\/posts\/497196\/revisions"}],"wp:featuredmedia":[{"embeddable":true,"href":"https:\/\/www.europesays.com\/fr\/wp-json\/wp\/v2\/media\/497197"}],"wp:attachment":[{"href":"https:\/\/www.europesays.com\/fr\/wp-json\/wp\/v2\/media?parent=497196"}],"wp:term":[{"taxonomy":"category","embeddable":true,"href":"https:\/\/www.europesays.com\/fr\/wp-json\/wp\/v2\/categories?post=497196"},{"taxonomy":"post_tag","embeddable":true,"href":"https:\/\/www.europesays.com\/fr\/wp-json\/wp\/v2\/tags?post=497196"}],"curies":[{"name":"wp","href":"https:\/\/api.w.org\/{rel}","templated":true}]}}