{"id":497202,"date":"2025-10-29T07:44:10","date_gmt":"2025-10-29T07:44:10","guid":{"rendered":"https:\/\/www.europesays.com\/fr\/497202\/"},"modified":"2025-10-29T07:44:10","modified_gmt":"2025-10-29T07:44:10","slug":"les-toulousains-de-tat-productions-preparent-une-serie-danimation-sur-les-aventures-de-pil-il-faut-legiferer-sur-lia-cest-une-abomination","status":"publish","type":"post","link":"https:\/\/www.europesays.com\/fr\/497202\/","title":{"rendered":"Les Toulousains de TAT Productions pr\u00e9parent une s\u00e9rie d\u2019animation sur les \u00ab Aventures de Pil \u00bb : \u00ab Il faut l\u00e9gif\u00e9rer sur l\u2019IA, c\u2019est une abomination \u00bb"},"content":{"rendered":"<p class=\"paragraph text_align_left lp-f-body-02\">Depuis leur premier film d\u2019animation sorti au cin\u00e9ma en 2017, <a href=\"https:\/\/www.leparisien.fr\/culture-loisirs\/cinema\/les-as-de-la-jungle-2-un-joyeux-bestiaire-16-08-2023-KOM5G2TNW5CZ5E4F7CDV23RD2Y.php\" target=\"_self\" rel=\"noopener\">Les As de la Jungle<\/a>, les Toulousains de TAT Productions ont rassembl\u00e9 plus de 10 millions de spectateurs \u00e0 travers le monde, en seulement six films. \u00ab On est aujourd\u2019hui \u00e0 10,6 millions, avec le dernier, Falcon Express, sorti cette ann\u00e9e, qui a d\u00e9j\u00e0 atteint 1,6 million d\u2019entr\u00e9es en quelques mois \u00bb, se f\u00e9licite Jean-Fran\u00e7ois Tosti, cofondateur du studio d\u2019animation avec David Alaux il y a 25 ans. <\/p>\n<p class=\"paragraph text_align_left lp-f-body-02\">Leurs films sont diffus\u00e9s dans plus de 70 pays et traduits dans des dizaines de langues. \u00ab Chaque long m\u00e9trage fait partie des films fran\u00e7ais les plus vus \u00e0 l\u2019\u00e9tranger. C\u2019est gratifiant de se dire qu\u2019on participe au rayonnement de l\u2019animation fran\u00e7aise et, plus largement, du cin\u00e9ma fran\u00e7ais\u00bb, explique ce dernier. <\/p>\n<p class=\"paragraph text_align_left lp-f-body-02\">Plus que de la fiert\u00e9, Jean-Fran\u00e7ois Tosti voit dans ces r\u00e9sultats la reconnaissance d\u2019un travail continu. Voir que leurs cr\u00e9ations continuent \u00e0 plaire et rencontrent leur public un peu partout vient confirmer la strat\u00e9gie suivie depuis des ann\u00e9es. \u00ab \u00c7a nous aiguille dans nos projets \u00e0 venir \u00bb, confirme le dirigeant de TAT Productions.<\/p>\n<p>Le succ\u00e8s \u00e0 l\u2019international est essentiel <\/p>\n<p class=\"paragraph text_align_left lp-f-body-02\">Et de citer l\u2019exemple de la s\u00e9rie Les Aventures de Pil, adaptation du film <a href=\"https:\/\/www.leparisien.fr\/culture-loisirs\/cinema\/pil-le-dernier-film-du-studio-toulousain-tat-productions-debarque-dans-les-salles-11-08-2021-32DW5OPMG5DXTIRJLZSMLLXY2Q.php\" target=\"_self\" rel=\"noopener\">Pil, sorti en 2021<\/a>, sur laquelle le studio est en train de travailler pour France T\u00e9l\u00e9visions et dont les premiers \u00e9pisodes seront diffus\u00e9s fin 2025, d\u00e9but 2026. \u00ab C\u2019est un film qui a tr\u00e8s bien march\u00e9 \u00e0 l\u2019international et, sans \u00e7a, je ne suis pas s\u00fbr qu\u2019on se serait lanc\u00e9 dans une s\u00e9rie de 52 \u00e9pisodes \u00bb, illustre-t-il, rappelant ainsi que le succ\u00e8s \u00e0 l\u2019international est essentiel pour financer les nouveaux projets.<\/p>\n<p class=\"paragraph text_align_left lp-f-body-02\">Les 300 salari\u00e9s du studio toulousain travaillent en parall\u00e8le sur le prochain long m\u00e9trage, Lovebirds, \u00ab une com\u00e9die romantique avec des oiseaux \u00bb, dont la sortie est pr\u00e9vue le 27 janvier 2027, ainsi que sur le suivant, dont la production d\u00e9bute tout juste, Ringo Summer Camp, qui devrait voir le jour en 2028, confirmant la volont\u00e9 de proposer environ un film par an. <\/p>\n<p class=\"paragraph text_align_left lp-f-body-02\">\u00ab Et on a encore plein d\u2019autres projets dans les tuyaux \u00bb, ajoute le cr\u00e9atif et enthousiaste Jean-Fran\u00e7ois Tosti. La s\u00e9rie t\u00e9l\u00e9vis\u00e9e Les Aventures de Pil sera notamment l\u2019occasion pour TAT Productions d\u2019en faire une marque forte, \u00e0 l\u2019image de ce qui a \u00e9t\u00e9 fait autour des As de la Jungle. \u00ab On a par exemple sign\u00e9 avec des Toulousains pour une adaptation en com\u00e9die musicale. Si tout va bien, ce sera pour No\u00ebl 2026. Au-del\u00e0 des purs produits d\u00e9riv\u00e9s comme les jouets, ce qui nous pla\u00eet vraiment, c\u2019est quand des artistes s\u2019emparent de nos univers pour de la cr\u00e9ation. \u00bb<\/p>\n<p class=\"paragraph text_align_left lp-f-body-02\">Une cr\u00e9ation qui reste pour TAT Productions <a href=\"https:\/\/www.leparisien.fr\/culture-loisirs\/cinema\/un-art-en-voie-de-disparition-guillermo-del-toro-et-netflix-vont-creer-un-studio-a-lecole-des-gobelins-10-10-2025-KCHMGFBDR5HEZC3XW3PQTXAID4.php \" target=\"_self\" rel=\"noopener\">au c\u0153ur de leur m\u00e9tier<\/a> et qu\u2019ils veulent d\u00e9fendre \u00e0 tout prix <a href=\"https:\/\/www.leparisien.fr\/high-tech\/lintelligence-artificielle-dans-les-oeuvres-artistiques-lia-fabrique-elle-ne-cree-pas-08-03-2024-PNM4GYVQMVEQXFLN57ZB6XEK3Y.php\" target=\"_self\" rel=\"noopener\">face \u00e0 l\u2019essor de l\u2019IA g\u00e9n\u00e9rative<\/a>. \u00ab Il faut rapidement l\u00e9gif\u00e9rer pour arr\u00eater cette abomination, qui pille des contenus de cr\u00e9ateurs pour proposer des choses qui sont de moins bonne qualit\u00e9. La propri\u00e9t\u00e9 intellectuelle est en danger avec un nivellement par le bas \u00bb, regrette Jean-Fran\u00e7ois Tosti, qui veut se battre pour maintenir la diversit\u00e9 culturelle. \u00ab Avec le recul, on s\u2019aper\u00e7oit que nos \u0153uvres d\u00e9fendent toujours des valeurs d\u2019entraide, d\u2019acceptation des autres et de la diff\u00e9rence, ou la notion d\u2019\u00eatre plus fort \u00e0 plusieurs. Et je pense qu\u2019on en a plus que jamais besoin. \u00bb<\/p>\n","protected":false},"excerpt":{"rendered":"Depuis leur premier film d\u2019animation sorti au cin\u00e9ma en 2017, Les As de la Jungle, les Toulousains de&hellip;\n","protected":false},"author":2,"featured_media":497203,"comment_status":"","ping_status":"","sticky":false,"template":"","format":"standard","meta":{"footnotes":""},"categories":[2816],"tags":[1111,917,11,872,459,1777,674,1011,27,4623,12,2680,25,2312],"class_list":{"0":"post-497202","1":"post","2":"type-post","3":"status-publish","4":"format-standard","5":"has-post-thumbnail","7":"category-toulouse","8":"tag-actu","9":"tag-actu-locale","10":"tag-actualites","11":"tag-culture-et-loisirs","12":"tag-departements-horsidfo","13":"tag-eu","14":"tag-europe","15":"tag-fr","16":"tag-france","17":"tag-haute-garonne-31","18":"tag-news","19":"tag-occitanie","20":"tag-republique-francaise","21":"tag-toulouse"},"share_on_mastodon":{"url":"https:\/\/pubeurope.com\/@fr\/115456341761844852","error":""},"_links":{"self":[{"href":"https:\/\/www.europesays.com\/fr\/wp-json\/wp\/v2\/posts\/497202","targetHints":{"allow":["GET"]}}],"collection":[{"href":"https:\/\/www.europesays.com\/fr\/wp-json\/wp\/v2\/posts"}],"about":[{"href":"https:\/\/www.europesays.com\/fr\/wp-json\/wp\/v2\/types\/post"}],"author":[{"embeddable":true,"href":"https:\/\/www.europesays.com\/fr\/wp-json\/wp\/v2\/users\/2"}],"replies":[{"embeddable":true,"href":"https:\/\/www.europesays.com\/fr\/wp-json\/wp\/v2\/comments?post=497202"}],"version-history":[{"count":0,"href":"https:\/\/www.europesays.com\/fr\/wp-json\/wp\/v2\/posts\/497202\/revisions"}],"wp:featuredmedia":[{"embeddable":true,"href":"https:\/\/www.europesays.com\/fr\/wp-json\/wp\/v2\/media\/497203"}],"wp:attachment":[{"href":"https:\/\/www.europesays.com\/fr\/wp-json\/wp\/v2\/media?parent=497202"}],"wp:term":[{"taxonomy":"category","embeddable":true,"href":"https:\/\/www.europesays.com\/fr\/wp-json\/wp\/v2\/categories?post=497202"},{"taxonomy":"post_tag","embeddable":true,"href":"https:\/\/www.europesays.com\/fr\/wp-json\/wp\/v2\/tags?post=497202"}],"curies":[{"name":"wp","href":"https:\/\/api.w.org\/{rel}","templated":true}]}}