{"id":497204,"date":"2025-10-29T07:45:15","date_gmt":"2025-10-29T07:45:15","guid":{"rendered":"https:\/\/www.europesays.com\/fr\/497204\/"},"modified":"2025-10-29T07:45:15","modified_gmt":"2025-10-29T07:45:15","slug":"un-etudiant-trouvera-forcement-sa-voie-a-luniversite-de-toulouse","status":"publish","type":"post","link":"https:\/\/www.europesays.com\/fr\/497204\/","title":{"rendered":"\u00ab Un \u00e9tudiant trouvera forc\u00e9ment sa voie \u00e0 l\u2019Universit\u00e9 de Toulouse ! \u00bb"},"content":{"rendered":"<p class=\"itiChapeau\">Devenir un Grand \u00c9tablissement de recherche et de formations pluridisciplinaires en 2028. L\u2019objectif de l\u2019Universit\u00e9 de Toulouse est clair\u00a0! Sa pr\u00e9sidente, Odile Rauzy, nous en dit plus.<\/p>\n<p>La force de l\u2019Universit\u00e9 de Toulouse c\u2019est\u2026\u00a0?<\/p>\n<p><img fetchpriority=\"high\" decoding=\"async\" width=\"650\" height=\"975\" src=\"data:image\/svg+xml,%3Csvg%20xmlns=\" http:=\"\" alt=\"interview Odile Rauzy universit\u00e9 de Toulouse\" class=\"wp-image-189737\" style=\"width:293px;height:auto\" data-lazy- data-lazy- data-lazy-src=\"https:\/\/www.europesays.com\/fr\/wp-content\/uploads\/2025\/10\/odile-rauzy-650x975.jpg\"\/>\u00a9 DCCE \u2013 Universit\u00e9 de Toulouse<\/p>\n<p>D\u2019\u00eatre une universit\u00e9 pluridisciplinaire dynamique, riche de sa diversit\u00e9 et dot\u00e9e d\u2019un fort potentiel. Au-del\u00e0 de formations de grande qualit\u00e9, elle veut offrir \u00e0 ses \u00e9tudiants l\u2019opportunit\u00e9 d\u2019apprendre dans les meilleures conditions possibles. Pour rappel, ce projet d\u2019Etablissement public exp\u00e9rimental entrepris par l\u2019Universit\u00e9 a pour objectif de cr\u00e9er un socle favorable \u00e0 la constitution d\u2019un Grand Etablissement universitaire pluridisciplinaire de recherche et de formation en 2028, de rang mondial, visible et reconnu aux niveaux national et international.<\/p>\n<p>Sur quels piliers repose ce potentiel\u00a0?<\/p>\n<p>Je citerais trois chiffres. Ses cinq composantes historiques d\u2019abord. Rappelons en effet que l\u2019Universit\u00e9 de Toulouse est n\u00e9e en janvier dernier et rassemble aujourd\u2019hui une facult\u00e9 de sant\u00e9, une facult\u00e9 de sciences et ing\u00e9nierie, un IUT, une facult\u00e9 des sciences du sport et du mouvement humain, ainsi qu\u2019une composante recherche tr\u00e8s particuli\u00e8re qu\u2019est l\u2019Observatoire Midi Pyr\u00e9n\u00e9es, autour des sciences de l\u2019univers. L\u2019Universit\u00e9 pr\u00e9sente \u00e9galement un \u00e9tablissement composante \u2013 l\u2019\u00e9cole d\u2019ing\u00e9nieurs Purpan \u2013 ainsi qu\u2019une vingtaine d\u2019associ\u00e9s et partenaires. Cette richesse et cette diversit\u00e9 sont abrit\u00e9es sous la m\u00eame marque, ce qui va lui permettre de rayonner dans de tr\u00e8s nombreux domaines.<\/p>\n<p>Elle a toujours entretenu des liens \u00e9troits avec son \u00e9cosyst\u00e8me, afin de r\u00e9pondre le plus justement possible \u00e0 ses besoins en termes de formations et d\u2019\u00e9volution des formations. Nous sommes donc logiquement ancr\u00e9s sur les besoins actuels des entreprises de nos territoires, en e-sant\u00e9 \u00e0 Castres ou en agronomie et biodiversit\u00e9 \u00e0 Auch par exemple. Territoires sur lesquels nous tenons \u00e0 maintenir des activit\u00e9s de recherche en lien avec ces besoins. En mati\u00e8re de sant\u00e9 notamment, nous avons mis en place un dispositif permettant, d\u00e8s le lyc\u00e9e, d\u2019ouvrir le champ des possibles des \u00e9tudiants en leur faisant d\u00e9couvrir l\u2019ensemble des structures et pratiques, et ainsi de lutter contre les d\u00e9serts m\u00e9dicaux.<\/p>\n<p>Un \u00e9v\u00e9nement \u00e0 retenir en cette rentr\u00e9e\u00a0?<\/p>\n<p><a href=\"https:\/\/www.univ-tlse3.fr\/\" target=\"_blank\" rel=\"noreferrer noopener\">C\u2019est la premi\u00e8re rentr\u00e9e de l\u2019Universit\u00e9 de Toulouse\u00a0<\/a>! Nous allons en profiter pour th\u00e9matiser des actions autour de l\u2019engagement social et citoyen, tout au long de l\u2019ann\u00e9e. Nous voulons notamment promouvoir le r\u00f4le des sciences et du raisonnement scientifique dans la compr\u00e9hension du monde qui nous entoure. Nous allons ainsi d\u00e9ployer des conf\u00e9rences mensuelles de vulgarisation scientifiques \u00e0 l\u2019attention de notre communaut\u00e9 et du grand public, en mettant un accent particulier sur les apports de l\u2019espace \u00e0 la vie sur Terre. Autre fait marquant\u00a0: la candidature du Pic du Midi et de son Observatoire au Patrimoine mondial de l\u2019UNESCO, en septembre 2025. Un \u00e9v\u00e8nement de taille\u00a0: c\u2019est la premi\u00e8re fois qu\u2019une valeur scientifique peut \u00eatre reconnue comme une valeur universelle exceptionnelle.<\/p>\n<p>Toulouse, c\u2019est the place to be pour \u00e9tudier\u00a0?<\/p>\n<p>Elle est en tout cas reconnue comme la premi\u00e8re ville \u00e9tudiante fran\u00e7aise\u00a0! C\u2019est un endroit o\u00f9 on a le sens du bien-vivre\u00a0: ce n\u2019est pas un hasard si notre universit\u00e9 a pour slogan Bien vivre entre le ciel et la Terre\u00a0! A titre d\u2019exemple, nous avons mis en place un dispositif d\u2019activit\u00e9 sportive pr\u00e9ventive de 15 min par jour \u00e0 l\u2019attention des personnels. Dispositif que nous esp\u00e9rons d\u00e9ployer, demain, aupr\u00e8s des \u00e9tudiants. C\u00f4t\u00e9 formations, nous proposons un panel extr\u00eamement riche, allant des sciences appliqu\u00e9es aux sciences de l\u2019observation en passant par les sciences fondamentales et les SHS. Disciplines entre lesquelles nous favorisons les passerelles. Une chose est s\u00fbre\u00a0: un \u00e9tudiant trouvera forc\u00e9ment sa voie \u00e0 l\u2019Universit\u00e9 de Toulouse\u00a0!<\/p>\n","protected":false},"excerpt":{"rendered":"Devenir un Grand \u00c9tablissement de recherche et de formations pluridisciplinaires en 2028. L\u2019objectif de l\u2019Universit\u00e9 de Toulouse est&hellip;\n","protected":false},"author":2,"featured_media":497205,"comment_status":"","ping_status":"","sticky":false,"template":"","format":"standard","meta":{"footnotes":""},"categories":[2816],"tags":[1111,11,61595,1777,674,1011,27,12,2680,25,2312,5973],"class_list":{"0":"post-497204","1":"post","2":"type-post","3":"status-publish","4":"format-standard","5":"has-post-thumbnail","7":"category-toulouse","8":"tag-actu","9":"tag-actualites","10":"tag-directeur-decole","11":"tag-eu","12":"tag-europe","13":"tag-fr","14":"tag-france","15":"tag-news","16":"tag-occitanie","17":"tag-republique-francaise","18":"tag-toulouse","19":"tag-universites"},"share_on_mastodon":{"url":"https:\/\/pubeurope.com\/@fr\/115456345685958700","error":""},"_links":{"self":[{"href":"https:\/\/www.europesays.com\/fr\/wp-json\/wp\/v2\/posts\/497204","targetHints":{"allow":["GET"]}}],"collection":[{"href":"https:\/\/www.europesays.com\/fr\/wp-json\/wp\/v2\/posts"}],"about":[{"href":"https:\/\/www.europesays.com\/fr\/wp-json\/wp\/v2\/types\/post"}],"author":[{"embeddable":true,"href":"https:\/\/www.europesays.com\/fr\/wp-json\/wp\/v2\/users\/2"}],"replies":[{"embeddable":true,"href":"https:\/\/www.europesays.com\/fr\/wp-json\/wp\/v2\/comments?post=497204"}],"version-history":[{"count":0,"href":"https:\/\/www.europesays.com\/fr\/wp-json\/wp\/v2\/posts\/497204\/revisions"}],"wp:featuredmedia":[{"embeddable":true,"href":"https:\/\/www.europesays.com\/fr\/wp-json\/wp\/v2\/media\/497205"}],"wp:attachment":[{"href":"https:\/\/www.europesays.com\/fr\/wp-json\/wp\/v2\/media?parent=497204"}],"wp:term":[{"taxonomy":"category","embeddable":true,"href":"https:\/\/www.europesays.com\/fr\/wp-json\/wp\/v2\/categories?post=497204"},{"taxonomy":"post_tag","embeddable":true,"href":"https:\/\/www.europesays.com\/fr\/wp-json\/wp\/v2\/tags?post=497204"}],"curies":[{"name":"wp","href":"https:\/\/api.w.org\/{rel}","templated":true}]}}