{"id":497211,"date":"2025-10-29T07:49:17","date_gmt":"2025-10-29T07:49:17","guid":{"rendered":"https:\/\/www.europesays.com\/fr\/497211\/"},"modified":"2025-10-29T07:49:17","modified_gmt":"2025-10-29T07:49:17","slug":"marseille-un-couple-de-nonagenaires-depouille-de-plus-de-500-000-euros-de-bijoux-lors-dun-homejacking","status":"publish","type":"post","link":"https:\/\/www.europesays.com\/fr\/497211\/","title":{"rendered":"Marseille. Un couple de nonag\u00e9naires d\u00e9pouill\u00e9 de plus de 500 000 euros de bijoux lors d&rsquo;un homejacking"},"content":{"rendered":"<p>Un couple d&rsquo;anciens bijoutiers a vu son butin s&rsquo;envoler sous ses yeux. Victimes d&rsquo;un homejacking vendredi dernier, deux nonag\u00e9naires se sont en effet retrouv\u00e9s nez \u00e0 nez avec deux hommes cagoul\u00e9s dans leur appartement sur l&rsquo;avenue du Prado \u00e0 Marseille.<\/p>\n<p>Avec un stratag\u00e8me bien rod\u00e9, les cambrioleurs sont repartis avec plus de 500 000 euros de bijoux qui appartenaient aux retrait\u00e9s.<\/p>\n<p>Ce contenu est bloqu\u00e9 car vous n&rsquo;avez pas accept\u00e9 les cookies et autres traceurs.<\/p>\n<p>En cliquant sur \u00ab J\u2019accepte \u00bb, les cookies et autres traceurs seront d\u00e9pos\u00e9s et vous pourrez visualiser les contenus  (<a href=\"\" class=\"consentModule_policy\" target=\"_blank\" title=\"Consulter la politique de protection des donn\u00e9es du fournisseur\">plus d&rsquo;informations<\/a>).<\/p>\n<p>En cliquant sur \u00ab J\u2019accepte tous les cookies \u00bb, vous autorisez des d\u00e9p\u00f4ts de cookies et autres traceurs pour le stockage de vos donn\u00e9es sur nos sites et applications \u00e0 des fins de personnalisation et de ciblage publicitaire.<\/p>\n<p class=\"consentModule_secondaryText\">Vous gardez la possibilit\u00e9 de retirer votre consentement \u00e0 tout moment en consultant notre <a href=\"https:\/\/www.ledauphine.com\/protection-des-donnees\" target=\"_blank\" title=\"Consulter notre politique de protection des donn\u00e9es\" rel=\"noopener\">politique de protection des donn\u00e9es<\/a>. <br \/>&#13;<br \/>\n            <a href=\"https:\/\/www.ledauphine.com\/faits-divers-justice\/2025\/10\/29\/javascript:Didomi.notice.show()\" class=\"consentModule_cmp\" target=\"_blank\" rel=\"noopener\">G\u00e9rer mes choix<\/a>&#13;\n        <\/p>\n<p>&#13;<br \/>\n                        J&rsquo;accepte&#13;<br \/>\n            J&rsquo;accepte tous les cookies&#13;\n        <\/p>\n<p>Peu apr\u00e8s 18 heures, les\u00a0deux malfaiteurs se seraient pr\u00e9sent\u00e9s \u00e0 l\u2019interphone comme \u00e9tant d\u2019un groupe d\u2019aide aux personnes \u00e2g\u00e9es de la communaut\u00e9 isra\u00e9lite, selon les informations de <a href=\"https:\/\/www.bfmtv.com\/marseille\/plus-de-500-000-euros-de-bijoux-voles-chez-un-couple-de-nonagenaires-a-marseille-lors-d-un-homejacking_AN-202510280713.html\" target=\"_blank\" rel=\"noopener\">BFMTV<\/a>.<\/p>\n<p>Retrouv\u00e9 en \u00e9tat de choc<\/p>\n<p>Pas tr\u00e8s m\u00e9fiant, l&rsquo;homme de 95 ans a alors ouvert la porte puisqu&rsquo;il s&rsquo;agit en r\u00e8gle g\u00e9n\u00e9rale de l&rsquo;heure de visite de l&rsquo;infirmi\u00e8re du couple. Cagoul\u00e9s et gant\u00e9s, les deux individus ont alors immobilis\u00e9 la personne \u00e2g\u00e9e au sol avant de faire le tour de l&rsquo;appartement et de voler les bijoux.<\/p>\n<p>Leg\u00e8rement bless\u00e9 \u00e0 la t\u00eate, le nonag\u00e9naire \u00e9tait en \u00e9tat de choc \u00e0 l&rsquo;arriv\u00e9e des pompiers. Sa femme se trouvait dans la chambre au moment des faits. Alit\u00e9e, elle n&rsquo;a rien pu faire face \u00e0 ce homejacking et les individus ont pris la fuite.<\/p>\n<p>Une enqu\u00eate\u00a0a \u00e9t\u00e9 ouverte pour\u00a0 \u00ab\u00a0vol avec violence aggrav\u00e9 par une autre circonstance\u00a0\u00bb et\u00a0confi\u00e9e \u00e0 la division de la criminalit\u00e9 territoriale (DCT) de Marseille. Les malfaiteurs n&rsquo;ont toujours pas \u00e9t\u00e9 retrouv\u00e9s.<\/p>\n","protected":false},"excerpt":{"rendered":"Un couple d&rsquo;anciens bijoutiers a vu son butin s&rsquo;envoler sous ses yeux. Victimes d&rsquo;un homejacking vendredi dernier, deux&hellip;\n","protected":false},"author":2,"featured_media":497212,"comment_status":"","ping_status":"","sticky":false,"template":"","format":"standard","meta":{"footnotes":""},"categories":[2814],"tags":[1111,11,1777,674,274,107,1011,27,329,884,12,882,25],"class_list":{"0":"post-497211","1":"post","2":"type-post","3":"status-publish","4":"format-standard","5":"has-post-thumbnail","7":"category-marseille","8":"tag-actu","9":"tag-actualites","10":"tag-eu","11":"tag-europe","12":"tag-faits-divers-justice","13":"tag-fil-info","14":"tag-fr","15":"tag-france","16":"tag-france-monde","17":"tag-marseille","18":"tag-news","19":"tag-provence-alpes-cote-dazur","20":"tag-republique-francaise"},"share_on_mastodon":{"url":"https:\/\/pubeurope.com\/@fr\/115456361362493319","error":""},"_links":{"self":[{"href":"https:\/\/www.europesays.com\/fr\/wp-json\/wp\/v2\/posts\/497211","targetHints":{"allow":["GET"]}}],"collection":[{"href":"https:\/\/www.europesays.com\/fr\/wp-json\/wp\/v2\/posts"}],"about":[{"href":"https:\/\/www.europesays.com\/fr\/wp-json\/wp\/v2\/types\/post"}],"author":[{"embeddable":true,"href":"https:\/\/www.europesays.com\/fr\/wp-json\/wp\/v2\/users\/2"}],"replies":[{"embeddable":true,"href":"https:\/\/www.europesays.com\/fr\/wp-json\/wp\/v2\/comments?post=497211"}],"version-history":[{"count":0,"href":"https:\/\/www.europesays.com\/fr\/wp-json\/wp\/v2\/posts\/497211\/revisions"}],"wp:featuredmedia":[{"embeddable":true,"href":"https:\/\/www.europesays.com\/fr\/wp-json\/wp\/v2\/media\/497212"}],"wp:attachment":[{"href":"https:\/\/www.europesays.com\/fr\/wp-json\/wp\/v2\/media?parent=497211"}],"wp:term":[{"taxonomy":"category","embeddable":true,"href":"https:\/\/www.europesays.com\/fr\/wp-json\/wp\/v2\/categories?post=497211"},{"taxonomy":"post_tag","embeddable":true,"href":"https:\/\/www.europesays.com\/fr\/wp-json\/wp\/v2\/tags?post=497211"}],"curies":[{"name":"wp","href":"https:\/\/api.w.org\/{rel}","templated":true}]}}