{"id":497214,"date":"2025-10-29T07:51:19","date_gmt":"2025-10-29T07:51:19","guid":{"rendered":"https:\/\/www.europesays.com\/fr\/497214\/"},"modified":"2025-10-29T07:51:19","modified_gmt":"2025-10-29T07:51:19","slug":"les-forains-vont-ils-bloquer-lacces-a-lyon-pendant-la-fete-des-lumieres","status":"publish","type":"post","link":"https:\/\/www.europesays.com\/fr\/497214\/","title":{"rendered":"Les forains vont-ils bloquer l\u2019acc\u00e8s \u00e0 Lyon pendant la F\u00eate des lumi\u00e8res\u00a0?"},"content":{"rendered":"<p>\n    Contraints de quitter leur terrain historique de Confluence, les forains du Luna Park ont d\u00e9pos\u00e9 un pr\u00e9avis de gr\u00e8ve pour le week-end de la F\u00eate des lumi\u00e8res (5 au 8 d\u00e9cembre).<\/p>\n<p class=\"fig-paragraph\">Confront\u00e9s \u00e0 leur in\u00e9vitable expulsion du quartier de la Confluence (Lyon 2e), les forains du Luna Park r\u00e9fl\u00e9chissent \u00e0 bloquer les acc\u00e8s \u00e0 Lyon lors de la\u00a0<a href=\"http:\/\/www.lefigaro.fr\/lyon\/lyon-en-colere-contre-le-food-court-geant-de-bellecour-les-restaurateurs-rompent-leur-partenariat-avec-la-fete-des-lumieres-20251015\" data-fig-type=\"NewsFlash\" data-gtm-custom-categorie=\"navigation\" data-gtm-custom-action=\"crossclick\" data-gtm-custom-label=\"Contextuel\" data-gtm-event=\"customEventSPE\" data-fig-domain=\"LEFIGARO\" rel=\"nofollow noopener\" target=\"_blank\">F\u00eate des lumi\u00e8res d\u00e9but d\u00e9cembre prochain (du vendredi 5 au lundi 8)<\/a>. \u00abIl y aurait 300 camions pour boucher les acc\u00e8s au centre-ville. Je suis Lyonnais depuis trois g\u00e9n\u00e9rations donc je sais que ce mouvement va emb\u00eater les gens. Mais connaissant ce que repr\u00e9sente le 8 d\u00e9cembre, je sais aussi que \u00e7a va nous permettre de se faire entendre\u00bb, admet Allan Caillau, forain de la vogue de Confluence. Un pr\u00e9avis a \u00e9t\u00e9 d\u00e9pos\u00e9 le 22 septembre dernier.<\/p>\n<p class=\"fig-paragraph\">Install\u00e9s \u00e0 la\u00a0<a href=\"http:\/\/www.lefigaro.fr\/lyon\/a-lyon-deux-nouvelles-passerelles-pour-pietons-et-cyclistes-au-dessus-du-rhone-et-a-la-confluence-20230323\" data-fig-type=\"Article\" data-gtm-custom-categorie=\"navigation\" data-gtm-custom-action=\"crossclick\" data-gtm-custom-label=\"Contextuel\" data-gtm-event=\"customEventSPE\" data-fig-domain=\"LEFIGARO\" rel=\"nofollow noopener\" target=\"_blank\">Confluence\u00a0<\/a>depuis 1999, les forains ont \u00e9t\u00e9 avertis il y a plusieurs ann\u00e9es par la soci\u00e9t\u00e9 publique locale (SPL) de la Confluence de leur future expulsion, la construction d\u2019un parc urbain et d\u2019immeubles \u00e9tant pr\u00e9vue sur leur parcelle. Depuis, plusieurs temps de n\u00e9gociation et de recherche pour un nouveau terrain ont eu lieu avec l\u2019ex\u00e9cutif \u00e9cologiste. Mais, pour le moment, aucune solution n\u2019a \u00e9t\u00e9 trouv\u00e9e. \u00abIl y a eu beaucoup de promesses mais pas beaucoup d\u2019avanc\u00e9es\u00bb, d\u00e9plore le forain.<\/p>\n<p>                                    <a class=\"fig-a11y-skip a11y-hidden\" href=\"#fig-a11y-skip-main-inarticle\"><br \/>\n        Passer la publicit\u00e9<br \/>\n    <\/a><\/p>\n<p>Vers un d\u00e9m\u00e9nagement \u00e0 Gerland\u00a0?<\/p>\n<p class=\"fig-paragraph\">Un terrain \u00e0 Gerland (7e arrondissement) a toutefois d\u00e9j\u00e0 \u00e9t\u00e9 identifi\u00e9 et trouve gr\u00e2ce aux yeux des forains. Une parcelle sur laquelle a eu lieu le festival Woodstower l\u2019\u00e9t\u00e9 dernier. \u00abC\u2019est un lieu sur lequel il y a beaucoup de choses faisables mais qui a un sol semi-artificiel et on doit s\u2019assurer que la s\u00e9curit\u00e9 des man\u00e8ges soit suffisante sur ce terrain\u00bb, indique Valentin Lungenstrass, adjoint \u00e9cologiste charg\u00e9 des espaces publics. Un devis d\u2019une trentaine de milliers d\u2019euros a \u00e9t\u00e9 re\u00e7u par la municipalit\u00e9 pour r\u00e9aliser des \u00e9tudes sur la qualit\u00e9 du sol mais aucun r\u00e9sultat ne pourra \u00eatre attendu avant d\u00e9but 2026.<\/p>\n<p class=\"fig-paragraph\">D\u2019ici l\u00e0, les forains pourront bien se r\u00e9installer \u00e0 Confluence cet hiver. \u00abOn a fait en sorte que la SPL modifie son calendrier pour que \u00e7a se fasse. On souhaite que les vogues restent \u00e0 Lyon. Mais ce n\u2019est pas parce qu\u2019on le souhaite que l\u2019on trouve facilement un hectare qui convient aux contraintes qui sont les leurs\u00bb, conclut l\u2019adjoint \u00e9cologiste. Reste \u00e0 savoir si cela suffira aux forains pour ne pas perturber les festivit\u00e9s autour du 8 d\u00e9cembre\u00a0?<\/p>\n","protected":false},"excerpt":{"rendered":"Contraints de quitter leur terrain historique de Confluence, les forains du Luna Park ont d\u00e9pos\u00e9 un pr\u00e9avis de&hellip;\n","protected":false},"author":2,"featured_media":497215,"comment_status":"","ping_status":"","sticky":false,"template":"","format":"standard","meta":{"footnotes":""},"categories":[1889],"tags":[1111,11,2430,1777,674,14537,1011,27,2428,2088,12,61961,25],"class_list":{"0":"post-497214","1":"post","2":"type-post","3":"status-publish","4":"format-standard","5":"has-post-thumbnail","7":"category-lyon","8":"tag-actu","9":"tag-actualites","10":"tag-auvergne-rhone-alpes","11":"tag-eu","12":"tag-europe","13":"tag-fetes","14":"tag-fr","15":"tag-france","16":"tag-lyon","17":"tag-manifestation","18":"tag-news","19":"tag-parc-dattraction","20":"tag-republique-francaise"},"share_on_mastodon":{"url":"https:\/\/pubeurope.com\/@fr\/115456369151764566","error":""},"_links":{"self":[{"href":"https:\/\/www.europesays.com\/fr\/wp-json\/wp\/v2\/posts\/497214","targetHints":{"allow":["GET"]}}],"collection":[{"href":"https:\/\/www.europesays.com\/fr\/wp-json\/wp\/v2\/posts"}],"about":[{"href":"https:\/\/www.europesays.com\/fr\/wp-json\/wp\/v2\/types\/post"}],"author":[{"embeddable":true,"href":"https:\/\/www.europesays.com\/fr\/wp-json\/wp\/v2\/users\/2"}],"replies":[{"embeddable":true,"href":"https:\/\/www.europesays.com\/fr\/wp-json\/wp\/v2\/comments?post=497214"}],"version-history":[{"count":0,"href":"https:\/\/www.europesays.com\/fr\/wp-json\/wp\/v2\/posts\/497214\/revisions"}],"wp:featuredmedia":[{"embeddable":true,"href":"https:\/\/www.europesays.com\/fr\/wp-json\/wp\/v2\/media\/497215"}],"wp:attachment":[{"href":"https:\/\/www.europesays.com\/fr\/wp-json\/wp\/v2\/media?parent=497214"}],"wp:term":[{"taxonomy":"category","embeddable":true,"href":"https:\/\/www.europesays.com\/fr\/wp-json\/wp\/v2\/categories?post=497214"},{"taxonomy":"post_tag","embeddable":true,"href":"https:\/\/www.europesays.com\/fr\/wp-json\/wp\/v2\/tags?post=497214"}],"curies":[{"name":"wp","href":"https:\/\/api.w.org\/{rel}","templated":true}]}}