{"id":497216,"date":"2025-10-29T07:53:14","date_gmt":"2025-10-29T07:53:14","guid":{"rendered":"https:\/\/www.europesays.com\/fr\/497216\/"},"modified":"2025-10-29T07:53:14","modified_gmt":"2025-10-29T07:53:14","slug":"lile-de-france-terre-damour-darthur-rinderknech-revelation-du-tennis-francais","status":"publish","type":"post","link":"https:\/\/www.europesays.com\/fr\/497216\/","title":{"rendered":"l&rsquo;\u00cele-de-France, terre d&rsquo;amour d&rsquo;Arthur Rinderknech, r\u00e9v\u00e9lation du tennis fran\u00e7ais"},"content":{"rendered":"<p>            Par<br \/>\n        <strong><br \/>\n            <a href=\"https:\/\/actu.fr\/auteur\/antoine-grotteria02\" title=\"Consulter tous les articles de Antoine Grotteria\" target=\"_blank\" rel=\"noopener\">Antoine Grotteria<\/a><br \/>\n        <\/strong><\/p>\n<p>        Publi\u00e9 le<\/p>\n<p>            29 oct. 2025 \u00e0 8h16        <\/p>\n<p>Dans quelques heures, <strong>Arthur Rinderknech<\/strong> croisera le regard de son cousin, <a href=\"https:\/\/actu.fr\/sports\/tennis\/quatre-choses-a-savoir-sur-valentin-vacherot-qui-vient-de-battre-novak-djokovic-au-masters-1000-de-shanghai_63287203.html\" target=\"_blank\" rel=\"noopener\">Valentin Vacherot<\/a>, de l\u2019autre c\u00f4t\u00e9 du filet. Une resuc\u00e9e affriolante de la <a href=\"https:\/\/actu.fr\/ile-de-france\/saint-germain-en-laye_78551\/tennis-lyvelinois-arthur-rinderknech-echoue-en-finale-du-masters-1000-de-shanghai_63289558.html\" target=\"_blank\" rel=\"noopener\">finale du Masters 1000 de Shanghai<\/a> (Chine), brillamment remport\u00e9e par le cadet mon\u00e9gasque. Quelques semaines apr\u00e8s cette r\u00e9alisation hors du temps, l\u2019environnement ne sera pas le m\u00eame, ce mercredi 29\u00a0octobre 2025. <a href=\"https:\/\/actu.fr\/tag\/paris-la-defense-arena\" target=\"_blank\" rel=\"noopener\">Paris La D\u00e9fense Arena<\/a>, nouvelle terre consacr\u00e9e du <a href=\"https:\/\/actu.fr\/ile-de-france\/nanterre_92050\/des-mordus-de-tennis-et-des-csp-le-rolex-paris-masters-cherche-son-public-a-paris-la-defense-arena_63301297.html\" target=\"_blank\" rel=\"noopener\">Rolex Paris Masters<\/a>, devrait davantage remuer que les applaudissements ma\u00eetris\u00e9s du public chinois. Le Fran\u00e7ais de 30\u00a0ans, auteur de sa meilleure saison, s\u2019essaiera au registre de la convocation d\u2019\u00e9nergie sur <strong>un territoire qu\u2019il conna\u00eet<\/strong>. Depuis quelques ann\u00e9es, les <a href=\"https:\/\/actu.fr\/ile-de-france\/hauts-de-seine_92\" target=\"_blank\" rel=\"noopener\">Hauts-de-Seine<\/a> repr\u00e9sentent son refuge hivernal durant les rencontres d\u2019Interclubs, loin du faste de certains tournois auxquels il participe. Au <strong>Tennis Club de Boulogne-Billancourt<\/strong>, on retrousse les manches et on joue sans artifice devant un public de connaisseurs, parfois engonc\u00e9s dans leur parka un dimanche matin. Ces atmosph\u00e8res de club, Arthur Rinderknech les a connus <strong>tr\u00e8s jeune<\/strong> dans la r\u00e9gion francilienne, en particulier \u00e0 <a href=\"https:\/\/actu.fr\/ile-de-france\/saint-mande_94067\" target=\"_blank\" rel=\"noopener\">Saint-Mand\u00e9<\/a> (Val-de-Marne).<\/p>\n<p>\u00ab\u2009Il pouvait jouer des heures d\u2019affil\u00e9e\u2009\u00bb<\/p>\n<p class=\" wall-content\">Au Lawn Tennis de Saint-Mand\u00e9, certains se rem\u00e9morent de sa bouille. C\u2019est le cas d\u2019<strong>Olivier Hugon<\/strong>. Associ\u00e9 au p\u00e8re d\u2019Arthur Rinderknech, Pascal Rinderknech, cet <strong>enseignant<\/strong> qui dispense des courts au club, a vu le gar\u00e7on grandir \u00e0 la fin des ann\u00e9es 1990 et au d\u00e9but des ann\u00e9es 2000. \u00ab\u2009Il a grandi ici. Il venait tous les mercredis avec son p\u00e8re. C\u2019\u00e9tait un gamin tr\u00e8s <strong>agr\u00e9able<\/strong> et tr\u00e8s <strong>s\u00e9rieux<\/strong> qui <strong>adorait<\/strong> d\u00e9j\u00e0 le tennis. Il pouvait jouer des heures d\u2019affil\u00e9e\u2009\u00bb, explique-t-il par t\u00e9l\u00e9phone, joint par <a href=\"https:\/\/actu.fr\/paris\/\" target=\"_blank\" rel=\"noopener\">actu Paris<\/a>.<\/p>\n<p class=\" wall-content\">Le site, compos\u00e9 de quatre courts en terre battue ext\u00e9rieure et trois courts en int\u00e9rieur, a en effet accueilli les premi\u00e8res joutes d\u2019Arthur Rinderknech. Olivier Hugon se souvient d\u2019un \u00ab\u2009grand gar\u00e7on par la taille\u2009\u00bb, qui suivait son p\u00e8re \u00ab\u2009comme son ombre\u2009\u00bb. Dans le Val-de-Marne, le natif de Gassin (Var) a \u00e9volu\u00e9 quelques ann\u00e9es, avant de partir \u00e0 <strong>Saint-Germain-en-Laye<\/strong> (<a href=\"https:\/\/actu.fr\/ile-de-france\/yvelines_78\" target=\"_blank\" rel=\"noopener\">Yvelines<\/a>) apr\u00e8s le \u00ab\u2009divorce de ses parents\u2009\u00bb, explique le professeur de tennis. Le club yvelinois l\u2019a particuli\u00e8rement marqu\u00e9, comme il l\u2019avait d\u00e9clar\u00e9 \u00e0 la F\u00e9d\u00e9ration fran\u00e7aise de tennis en novembre\u00a02022.<\/p>\n<p class=\" wall-content\">\n<p class=\" wall-content\">Olivier Hugon le confesse sans ambages. \u00ab\u2009La collaboration avec son p\u00e8re ne s\u2019est tr\u00e8s pas bien termin\u00e9e. Je n\u2019ai plus vu Arthur apr\u00e8s ses 11\u00a0ans\u2009\u00bb. Pourtant, aujourd\u2019hui, il continue d\u2019\u00e9changer avec le g\u00e9niteur. \u00ab\u2009C\u2019est surtout \u00e0 Saint-Germain qu\u2019il s\u2019est d\u00e9velopp\u00e9, quand il est parti avec sa m\u00e8re Virginie Paquet\u2009\u00bb. Car le <strong>tennis coule dans les veines familiales<\/strong>.<\/p>\n<p>Un titre de champion de France avec Boulogne-Billancourt en 2023<\/p>\n<p class=\" wall-content\">Dans les ann\u00e9es 1980, sa m\u00e8re s\u2019est approch\u00e9e du <strong>top\u00a0100<\/strong> du circuit WTA et son p\u00e8re a \u00e9volu\u00e9 \u00e0 un <strong>haut niveau r\u00e9gional<\/strong>. Pas \u00e9tonnant, dans ce contexte, que la deuxi\u00e8me g\u00e9n\u00e9ration, dont fait partie Arthur Rinderknech, ait \u00e9t\u00e9 \u00e9pris de la balle jaune. L\u2019entourage de ce dernier se compose notamment de Chlo\u00e9 Paquet, sa cousine \u00e9loign\u00e9e qui a d\u00e9j\u00e0 figur\u00e9 \u00e0 la 96e place du classement mondial.<\/p>\n<p class=\" wall-content\">Ce bouillonnement a servi au jeune tennisman, qui s\u2019est \u00e9loign\u00e9 de la France \u00e0 l\u2019obtention de son bac. Direction les <strong>\u00c9tats-Unis<\/strong>, \u00e0 l\u2019universit\u00e9 du Texas, avec l\u2019aval de ses parents.<\/p>\n<blockquote class=\"ac-article-quote wall-content\">\n<p>\u00ab\u00a0Ils (ses parents) sont tr\u00e8s pr\u00e9sents autour de lui. C&rsquo;est une grande force\u00a0\u00bb<\/p>\n<p>    <strong>Olivier Hugon<\/strong><br \/>\n        Enseignant au Lawn Tennis de Saint-Mand\u00e9    <\/p><\/blockquote>\n<p>Votre r\u00e9gion, votre actu !<\/p>\n<p>Recevez chaque jour les infos qui comptent pour vous.<\/p>\n<p>\t<a href=\"https:\/\/actu.fr\/newsletter\" class=\"ac-btn ac-btn--corner ac-btn--medium ac-btn--blue800\" target=\"_blank\" rel=\"noopener\">S&rsquo;incrire<\/a><\/p>\n<p class=\" wall-content\">Outre-Atlantique, le jeune homme a consolid\u00e9 son go\u00fbt pour les batailles collectives et l\u2019abn\u00e9gation, comme il le racontait dans un documentaire diffus\u00e9 sur <a href=\"https:\/\/www.lequipe.fr\/Tennis\/Video\/Documentaire-on-apprend-a-n-avoir-peur-de-personne-arthur-rinderknech-raconte-sa-formation-dans-une-universite-americaine\/20218528\" target=\"_blank\" rel=\"noopener\">L\u2019\u00c9quipe explore<\/a>. Une app\u00e9tence mise \u00e0 contribution au TCBB, qu\u2019il a rejoint \u00e0 son retour en France. Joueur majeur de l\u2019\u00e9quipe 1, Arthur Rinderknech a jou\u00e9 un r\u00f4le majeur dans le premier titre de <strong>champion de France s\u00e9niors<\/strong> en 2023.<\/p>\n<p class=\" wall-content\">Dans un sport souvent r\u00e9duit \u00e0 la solitude et confin\u00e9 \u00e0 l\u2019individualisme, le tennisman s\u2019est aussi distingu\u00e9 en <strong>\u00e9quipe de France<\/strong> de Coupe Davis, avec plusieurs s\u00e9lections convaincantes, \u00e0 l\u2019image de celle de septembre dernier en Croatie. Dans quelques semaines, il fera partie des tricolores engag\u00e9s au Final 8 de la plus prestigieuse des comp\u00e9titions collectives.<\/p>\n<p class=\" wall-content\">Personnalisez votre actualit\u00e9 en ajoutant vos villes et m\u00e9dias en favori avec <a href=\"https:\/\/moncompte.actu.fr\" title=\"D\u00e9couvez Mon Actu\" rel=\"nofollow noopener\" data-trk=\"{&quot;cta&quot;:{&quot;action&quot;:&quot;https:\\\/\\\/moncompte.actu.fr&quot;,&quot;category&quot;:&quot;mon compte&quot;,&quot;from&quot;:&quot;article footer&quot;,&quot;name&quot;:&quot;Mon actu&quot;,&quot;type&quot;:&quot;cta&quot;}}\" target=\"_blank\">Mon Actu<\/a>.<\/p>\n","protected":false},"excerpt":{"rendered":"Par Antoine Grotteria Publi\u00e9 le 29 oct. 2025 \u00e0 8h16 Dans quelques heures, Arthur Rinderknech croisera le regard&hellip;\n","protected":false},"author":2,"featured_media":497217,"comment_status":"","ping_status":"","sticky":false,"template":"","format":"standard","meta":{"footnotes":""},"categories":[1592],"tags":[1111,11,1777,674,1011,27,662,12,626,25137,25,60,1467],"class_list":{"0":"post-497216","1":"post","2":"type-post","3":"status-publish","4":"format-standard","5":"has-post-thumbnail","7":"category-ile-de-france","8":"tag-actu","9":"tag-actualites","10":"tag-eu","11":"tag-europe","12":"tag-fr","13":"tag-france","14":"tag-ile-de-france","15":"tag-news","16":"tag-paris","17":"tag-paris-la-defense-arena","18":"tag-republique-francaise","19":"tag-sports","20":"tag-tennis"},"share_on_mastodon":{"url":"https:\/\/pubeurope.com\/@fr\/115456377096788565","error":""},"_links":{"self":[{"href":"https:\/\/www.europesays.com\/fr\/wp-json\/wp\/v2\/posts\/497216","targetHints":{"allow":["GET"]}}],"collection":[{"href":"https:\/\/www.europesays.com\/fr\/wp-json\/wp\/v2\/posts"}],"about":[{"href":"https:\/\/www.europesays.com\/fr\/wp-json\/wp\/v2\/types\/post"}],"author":[{"embeddable":true,"href":"https:\/\/www.europesays.com\/fr\/wp-json\/wp\/v2\/users\/2"}],"replies":[{"embeddable":true,"href":"https:\/\/www.europesays.com\/fr\/wp-json\/wp\/v2\/comments?post=497216"}],"version-history":[{"count":0,"href":"https:\/\/www.europesays.com\/fr\/wp-json\/wp\/v2\/posts\/497216\/revisions"}],"wp:featuredmedia":[{"embeddable":true,"href":"https:\/\/www.europesays.com\/fr\/wp-json\/wp\/v2\/media\/497217"}],"wp:attachment":[{"href":"https:\/\/www.europesays.com\/fr\/wp-json\/wp\/v2\/media?parent=497216"}],"wp:term":[{"taxonomy":"category","embeddable":true,"href":"https:\/\/www.europesays.com\/fr\/wp-json\/wp\/v2\/categories?post=497216"},{"taxonomy":"post_tag","embeddable":true,"href":"https:\/\/www.europesays.com\/fr\/wp-json\/wp\/v2\/tags?post=497216"}],"curies":[{"name":"wp","href":"https:\/\/api.w.org\/{rel}","templated":true}]}}