{"id":497222,"date":"2025-10-29T07:56:16","date_gmt":"2025-10-29T07:56:16","guid":{"rendered":"https:\/\/www.europesays.com\/fr\/497222\/"},"modified":"2025-10-29T07:56:16","modified_gmt":"2025-10-29T07:56:16","slug":"lexcellence-normande-sexpose-au-salon-du-made-in-france-du-6-au-9-novembre-2025-a-paris","status":"publish","type":"post","link":"https:\/\/www.europesays.com\/fr\/497222\/","title":{"rendered":"L\u2019excellence normande s\u2019expose au salon du \u00ab Made In France \u00bb du 6 au 9 novembre 2025 \u00e0 Paris"},"content":{"rendered":"<p>\n                    La 13\u00e8me \u00e9dition du Salon \u00ab Made In France \u00bb (MIF Expo) se tiendra du 6 au 9 novembre 2025 \u00e0 Paris, au Parc des expositions de la Porte de Versailles. Avec le soutien de la R\u00e9gion Normandie, dix-neuf entreprises du territoire exposeront sur l\u2019espace normand (pavillon 3), coordonn\u00e9 par l\u2019Association R\u00e9gionale des Savoir-faire d\u2019Excellence Normands (ARSEN).                <\/p>\n<p>Depuis 2012, le MIF Expo est devenu le rendez-vous annuel des entreprises de toutes tailles et de tous secteurs qui ont fait le choix du Made in France. 100 000 visiteurs sont attendus pour cette nouvelle \u00e9dition du Salon.<\/p>\n<p>La R\u00e9gion Normandie soutient l\u2019ARSEN pour l\u2019organisation du pavillon normand sur ce salon. Cette ann\u00e9e, dix-neuf entreprises de la r\u00e9gion seront pr\u00e9sentes sur le pavillon Normandie.<\/p>\n<p>La R\u00e9gion, L\u2019AD Normandie, Normandie Attractivit\u00e9, Normandie Tourisme ainsi que la marque collective agroalimentaire Saveurs de Normandie seront aussi pr\u00e9sentes sur le pavillon aux c\u00f4t\u00e9s des entreprises normandes.<\/p>\n<p>Chaque jour, un jeu concours sera propos\u00e9 par Normandie Tourisme et la R\u00e9gion Normandie aux visiteurs et les incitera \u00e0 s\u2019int\u00e9resser plus pr\u00e9cis\u00e9ment aux diff\u00e9rentes entreprises normandes pr\u00e9sentes sur le pavillon. Quatre tirages au sort par jour auront lieu pour gagner des goodies made in Normandie, des nuit\u00e9es en Normandie mais aussi des bons d\u2019achats \u00e0 consommer au MIF sur les stands des 19 exposants normands.<\/p>\n<p>Les entreprises exposantes exercent dans les secteurs de la mode, de la gastronomie, de l\u2019art de vivre, de la beaut\u00e9 et du bien-\u00eatre \u2026 Certaines sont labellis\u00e9es \u00ab Entreprises du Patrimoine Vivant \u00bb (*).<\/p>\n<ul>\n<li><strong>AREA SAVEUR DE NORMANDIE<\/strong> : La marque au l\u00e9opard gourmand est le porte-drapeau des produits alimentaires normands. Retrouvez toute la richesse alimentaire d\u2019une r\u00e9gion tourn\u00e9e vers la qualit\u00e9, la diversit\u00e9 et l\u2019\u00e9quilibre, pour vivre des moments gourmands, sains et vari\u00e9s !<\/li>\n<li><strong>BABZACAO<\/strong> Beau, Brut &amp; Bon (Vernon \u2013 27) : Fond\u00e9e par Bastien, alias \u00ab\u00a0Babz\u00a0\u00bb, passionn\u00e9 de chocolat et de confiseries, Babzacao a ses racines \u00e0 Vernon. Babzacao privil\u00e9gie des produits bruts et simples, tels que les fruits secs et fruits s\u00e9ch\u00e9s, sans artifice, bas\u00e9e sur le respect du travail artisanal, et un engagement fort envers l\u2019humain et l\u2019environnement.<\/li>\n<li><strong>BISCUITERIE JEANNETTE<\/strong> 1850 (Colombelles \u2013 14) : La l\u00e9gendaire madeleine Jeannette, n\u00e9e \u00e0 Caen en 1850, perp\u00e9tue un savoir-faire d\u2019exception ! Labellis\u00e9e Entreprise du Patrimoine Vivant, c\u2019est une ic\u00f4ne de la gourmandise.<\/li>\n<li><strong>BELLA CHIC<\/strong> (Gisors \u2013 27) : Des bougies et fondants parfum\u00e9s haut de gamme, fabriqu\u00e9s avec passion ! Chaque cr\u00e9ation est minutieusement confectionn\u00e9e \u00e0 la main pour une qualit\u00e9 artisanale in\u00e9gal\u00e9e.<\/li>\n<li><strong>CONCEPT MANUFACTURING<\/strong> (Valliquerville \u2013 76) : Au sein d\u2019un groupe normand fond\u00e9 en 1977, Concept Manufacturing Europe d\u00e9ploie son activit\u00e9 dans le secteur du nettoyage de l\u2019entretien professionnel gr\u00e2ce \u00e0 son positionnement historique comme leader dans ce domaine.<\/li>\n<li><strong>DROP<\/strong> (Caen \u2013 14) : Gr\u00e2ce \u00e0 son syst\u00e8me de filtration innovant, design et durable, DROP propose la meilleure qualit\u00e9 d\u2019eau possible et met en avant le savoir-faire artisanal fran\u00e7ais.<\/li>\n<li><strong>GRENOUILLE ROUGE<\/strong> (Rouen \u2013 76) : Des sacs, cabas et accessoires d\u00e9co 100% made in Normandie ! Avec des mati\u00e8res \u00e9co responsables comme la toile de jute et le lin, ces cr\u00e9ations \u00e9thiques allient style et engagement pour une mode durable et chic.<\/li>\n<li><strong>KIPLAY VINTAGE<\/strong> (Saint Pierre d\u2019Entremont \u2013 61) : Des v\u00eatements au style r\u00e9tro inspir\u00e9 des ann\u00e9es 1930-1940, cr\u00e9\u00e9s avec passion ! Fond\u00e9e en 1921, cette maison familiale normande au savoir-faire unique, transmise depuis quatre g\u00e9n\u00e9rations, est labellis\u00e9e Entreprise du Patrimoine Vivant.<\/li>\n<li><strong>LIN DE FRANCE<\/strong> (Valliquerville \u2013 76) : Lin de France, une marque engag\u00e9e qui valorise le lin \u00e0 travers des cr\u00e9ations imagin\u00e9es, pens\u00e9es et confectionn\u00e9es en France, alliant tradition, modernit\u00e9 et respect de l\u2019environnement. Les produits authentiques et responsables sont pens\u00e9s pour durer, avec une attention particuli\u00e8re \u00e0 chaque d\u00e9tail.<\/li>\n<li><strong>LE PARAPLUIE DE CHERBOURG<\/strong> (Cherbourg \u2013 50) : V\u00e9ritable ic\u00f4ne du savoir-faire fran\u00e7ais, l\u2019entreprise, labellis\u00e9e Entreprise du Patrimoine Vivant, fait rimer style, \u00e9l\u00e9gance et durabilit\u00e9. Ces parapluies fabriqu\u00e9s en Normandie sont test\u00e9s en soufflerie et r\u00e9parables \u00e0 vie !<\/li>\n<li><strong>LES BENEFIQUES<\/strong> (Tilli\u00e8res-sur-Avre \u2013 27) : Premiers cosm\u00e9tiques Open Source en France qui permettent de chouchouter sa peau tout en soutenant une belle d\u00e9marche \u00e9thique ! La marque partage les formules de ses produits naturels 100% fabriqu\u00e9s en France.<\/li>\n<li><strong>MAISON<\/strong> 1916, artisan Cirier (Falaise \u2013 14) : Chez Maison 1916, la France est mise \u00e0 l\u2019honneur. De la s\u00e9lection rigoureuse de nos mati\u00e8res premi\u00e8res, du savoir-faire local et de l\u2019\u00e9l\u00e9gance \u00e0 la fran\u00e7aise. Ici, Maison 1916 privil\u00e9gie les circuits courts, les partenariats durables, et les senteurs qui racontent une histoire.<\/li>\n<li><strong>MAROQUINERIE DU COTENTIN<\/strong> (Saint-Sauveur-Villages \u2013 50) : Un savoir-faire d\u2019exception qui allie style et robustesse. Cette maroquinerie de qualit\u00e9 est fabriqu\u00e9e \u00e0 partir de cuirs soigneusement s\u00e9lectionn\u00e9s en France et en Europe, chaque pi\u00e8ce est con\u00e7ue pour durer.<\/li>\n<li><strong>NORMANDISE<\/strong> (Vire \u2013 14) : Alimentation de qualit\u00e9, \u00e0 base d\u2019ingr\u00e9dients frais et naturels pour offrir le meilleur aux chiens et aux chats.<\/li>\n<li><strong>PEAUX ET PANTOUFLES<\/strong> (Saint Andr\u00e9 de l\u2019Eure \u2013 27) : D\u00e9couvrez l\u2019authenticit\u00e9 du fait main avec des chaussons et moufles en peau de mouton, enti\u00e8rement r\u00e9alis\u00e9s dans l\u2019atelier normand ! Chaque pi\u00e8ce est con\u00e7ue avec passion et savoir-faire artisanal pour offrir confort et chaleur.<\/li>\n<li><strong>PIERRE DE BEAUCHAMPS<\/strong> (Le Mesnil-Villeman \u2013 50) : Pierre de Beauchamps est une entreprise normande, issue de l\u2019exploitation de la carri\u00e8re du Rocher Blin. Cette pierre d\u2019exception s\u2019adapte aussi bien aux am\u00e9nagements paysagers, qu\u2019aux constructions plus techniques. Pierre de Beauchamp propose une formation professionnelle pour devenir murailler : m\u00e9tier d\u2019art de construction en pierre s\u00e8che.<\/li>\n<li><strong>SAINT JAMES<\/strong> (Saint James \u2013 50) : Avec son iconique marini\u00e8re, la marque de v\u00eatements \u201cn\u00e9e de la mer\u201d est labellis\u00e9e Entreprise du Patrimoine Vivant. Depuis 1889, le savoir-faire de Saint James se transmet de g\u00e9n\u00e9ration en g\u00e9n\u00e9ration au sein de ses ateliers.<\/li>\n<li><strong>TOURNABOIS<\/strong> (Villedieu-les-Po\u00eales-Rouffigny \u2013 50) : Cette menuiserie artisanale normande cr\u00e9e des ustensiles de cuisine en bois alliant esth\u00e9tisme et fonctionnalit\u00e9. Chaque pi\u00e8ce est un chef-d\u2019\u0153uvre fait main.<\/li>\n<li><strong>TRICOTERIE DU VAL DE SAIRE<\/strong> (Valcanville \u2013 50) : Depuis plus de 40 ans, l\u2019atelier fait vivre un savoir-faire traditionnel, transmis avec passion dans une ambiance familiale. Ici, chaque v\u00eatement prend vie au rythme des machines \u00e0 tricoter, mais surtout gr\u00e2ce aux mains expertes des bonneti\u00e8res et couturi\u00e8res. De la conception des mod\u00e8les \u00e0 la confection finale, tout est r\u00e9alis\u00e9 \u00e0 l\u2019atelier en circuit court et en 100 % fabrication fran\u00e7aise. Pulls marins, gilets, vestes, robes \u2026 chaque cr\u00e9ation allie style, confort et durabilit\u00e9.<\/li>\n<\/ul>\n<p>(*) Label officiel fran\u00e7ais, cr\u00e9\u00e9 en 2005, d\u00e9livr\u00e9 sous l\u2019autorit\u00e9 du minist\u00e8re de l\u2019\u00c9conomie et des Finances, afin de distinguer des entreprises fran\u00e7aises aux savoir-faire artisanaux et industriels jug\u00e9s comme d\u2019excellence.<\/p>\n<p>\n                    <strong>Source<\/strong><br \/>\n                    : Communiqu\u00e9 R\u00e9gion Normandie                <\/p>\n","protected":false},"excerpt":{"rendered":"La 13\u00e8me \u00e9dition du Salon \u00ab Made In France \u00bb (MIF Expo) se tiendra du 6 au 9&hellip;\n","protected":false},"author":2,"featured_media":497223,"comment_status":"","ping_status":"","sticky":false,"template":"","format":"standard","meta":{"footnotes":""},"categories":[1888],"tags":[11,1777,674,61962,1011,27,14883,12,626,25],"class_list":{"0":"post-497222","1":"post","2":"type-post","3":"status-publish","4":"format-standard","5":"has-post-thumbnail","7":"category-paris","8":"tag-actualites","9":"tag-eu","10":"tag-europe","11":"tag-excellence-normande","12":"tag-fr","13":"tag-france","14":"tag-made-in-france","15":"tag-news","16":"tag-paris","17":"tag-republique-francaise"},"share_on_mastodon":{"url":"https:\/\/pubeurope.com\/@fr\/115456389606030695","error":""},"_links":{"self":[{"href":"https:\/\/www.europesays.com\/fr\/wp-json\/wp\/v2\/posts\/497222","targetHints":{"allow":["GET"]}}],"collection":[{"href":"https:\/\/www.europesays.com\/fr\/wp-json\/wp\/v2\/posts"}],"about":[{"href":"https:\/\/www.europesays.com\/fr\/wp-json\/wp\/v2\/types\/post"}],"author":[{"embeddable":true,"href":"https:\/\/www.europesays.com\/fr\/wp-json\/wp\/v2\/users\/2"}],"replies":[{"embeddable":true,"href":"https:\/\/www.europesays.com\/fr\/wp-json\/wp\/v2\/comments?post=497222"}],"version-history":[{"count":0,"href":"https:\/\/www.europesays.com\/fr\/wp-json\/wp\/v2\/posts\/497222\/revisions"}],"wp:featuredmedia":[{"embeddable":true,"href":"https:\/\/www.europesays.com\/fr\/wp-json\/wp\/v2\/media\/497223"}],"wp:attachment":[{"href":"https:\/\/www.europesays.com\/fr\/wp-json\/wp\/v2\/media?parent=497222"}],"wp:term":[{"taxonomy":"category","embeddable":true,"href":"https:\/\/www.europesays.com\/fr\/wp-json\/wp\/v2\/categories?post=497222"},{"taxonomy":"post_tag","embeddable":true,"href":"https:\/\/www.europesays.com\/fr\/wp-json\/wp\/v2\/tags?post=497222"}],"curies":[{"name":"wp","href":"https:\/\/api.w.org\/{rel}","templated":true}]}}