{"id":49724,"date":"2025-04-24T17:45:15","date_gmt":"2025-04-24T17:45:15","guid":{"rendered":"https:\/\/www.europesays.com\/fr\/49724\/"},"modified":"2025-04-24T17:45:15","modified_gmt":"2025-04-24T17:45:15","slug":"saint-etienne-montreynaud-des-travaux-de-refection-de-voirie-rue-des-floralies","status":"publish","type":"post","link":"https:\/\/www.europesays.com\/fr\/49724\/","title":{"rendered":"Saint-\u00c9tienne\/Montreynaud. Des travaux de r\u00e9fection de voirie, rue des Floralies"},"content":{"rendered":"<p>Des travaux de r\u00e9fection de voirie, dans le quartier Montreynaud, rue des Floralies, sont en cours pour environ deux semaines encore.<\/p>\n<p>  Un chantier \u00e0 160\u00a0000\u00a0euros<\/p>\n<p>La circulation se fera sur une seule voie pendant toute la dur\u00e9e du chantier. L\u2019acc\u00e8s des riverains \u00e0 leur propri\u00e9t\u00e9 est perturb\u00e9 mais maintenu. Le co\u00fbt des travaux est de 160\u00a0000\u00a0euros.<\/p>\n<p>La fin de ces travaux pourrait \u00eatre revue en fonction de l\u2019avancement du chantier et des conditions m\u00e9t\u00e9orologiques.<\/p>\n","protected":false},"excerpt":{"rendered":"Des travaux de r\u00e9fection de voirie, dans le quartier Montreynaud, rue des Floralies, sont en cours pour environ&hellip;\n","protected":false},"author":2,"featured_media":49725,"comment_status":"","ping_status":"","sticky":false,"template":"","format":"standard","meta":{"footnotes":""},"categories":[9653],"tags":[1111,11,2430,7539,436,1777,674,1011,27,12,25,4001,7538],"class_list":{"0":"post-49724","1":"post","2":"type-post","3":"status-publish","4":"format-standard","5":"has-post-thumbnail","7":"category-saint-etienne","8":"tag-actu","9":"tag-actualites","10":"tag-auvergne-rhone-alpes","11":"tag-edition-loire-sud","12":"tag-environnement","13":"tag-eu","14":"tag-europe","15":"tag-fr","16":"tag-france","17":"tag-news","18":"tag-republique-francaise","19":"tag-saint-etienne","20":"tag-saint-etienne-ville"},"share_on_mastodon":{"url":"https:\/\/pubeurope.com\/@fr\/114394190597505924","error":""},"_links":{"self":[{"href":"https:\/\/www.europesays.com\/fr\/wp-json\/wp\/v2\/posts\/49724","targetHints":{"allow":["GET"]}}],"collection":[{"href":"https:\/\/www.europesays.com\/fr\/wp-json\/wp\/v2\/posts"}],"about":[{"href":"https:\/\/www.europesays.com\/fr\/wp-json\/wp\/v2\/types\/post"}],"author":[{"embeddable":true,"href":"https:\/\/www.europesays.com\/fr\/wp-json\/wp\/v2\/users\/2"}],"replies":[{"embeddable":true,"href":"https:\/\/www.europesays.com\/fr\/wp-json\/wp\/v2\/comments?post=49724"}],"version-history":[{"count":0,"href":"https:\/\/www.europesays.com\/fr\/wp-json\/wp\/v2\/posts\/49724\/revisions"}],"wp:featuredmedia":[{"embeddable":true,"href":"https:\/\/www.europesays.com\/fr\/wp-json\/wp\/v2\/media\/49725"}],"wp:attachment":[{"href":"https:\/\/www.europesays.com\/fr\/wp-json\/wp\/v2\/media?parent=49724"}],"wp:term":[{"taxonomy":"category","embeddable":true,"href":"https:\/\/www.europesays.com\/fr\/wp-json\/wp\/v2\/categories?post=49724"},{"taxonomy":"post_tag","embeddable":true,"href":"https:\/\/www.europesays.com\/fr\/wp-json\/wp\/v2\/tags?post=49724"}],"curies":[{"name":"wp","href":"https:\/\/api.w.org\/{rel}","templated":true}]}}