{"id":497240,"date":"2025-10-29T08:05:15","date_gmt":"2025-10-29T08:05:15","guid":{"rendered":"https:\/\/www.europesays.com\/fr\/497240\/"},"modified":"2025-10-29T08:05:15","modified_gmt":"2025-10-29T08:05:15","slug":"retraite-170-trimestres-jusquen-2028-une-decision-qui-change-tout-pour-une-generation-entiere","status":"publish","type":"post","link":"https:\/\/www.europesays.com\/fr\/497240\/","title":{"rendered":"Retraite : 170 trimestres jusqu\u2019en 2028, une d\u00e9cision qui change tout pour une g\u00e9n\u00e9ration enti\u00e8re"},"content":{"rendered":"<p>\u00c0 l&rsquo;aube de l&rsquo;hiver, alors que les feuilles tombent et que chacun commence \u00e0 faire ses comptes, une actualit\u00e9 majeure secoue la sph\u00e8re des futurs retrait\u00e9s : le maintien jusqu&rsquo;en janvier 2028 de l&rsquo;exigence de 170 trimestres pour une retraite \u00e0 taux plein. Derri\u00e8re les d\u00e9bats politiques et les chiffres en apparence abstraits, il s&rsquo;agit d&rsquo;une d\u00e9cision cruciale, capable de bouleverser les parcours de vie d&rsquo;une g\u00e9n\u00e9ration enti\u00e8re \u2013 en particulier de ceux n\u00e9s au mitan des ann\u00e9es 60 qui, dans un contexte o\u00f9 <strong>chaque trimestre compte<\/strong>, voient leur horizon de retraite chang\u00e9 du tout au tout. Comprendre ce choix gouvernemental, c&rsquo;est aussi saisir ce qui se joue, pour chacun et collectivement, dans notre rapport \u00e0 la fin de carri\u00e8re.<\/p>\n<p>170 trimestres exig\u00e9s jusqu&rsquo;en 2028 : une mesure qui rebat les cartes de la retraite en France<\/p>\n<p>Depuis plusieurs ann\u00e9es, la retraite cristallise les d\u00e9bats. Entre promesses politiques de \u00ab\u00a0justice g\u00e9n\u00e9rationnelle\u00a0\u00bb et inqui\u00e9tudes de voir le nombre de trimestres grimper sans fin, la France vit au rythme d&rsquo;annonces successives. La suspension du calendrier initial de la r\u00e9forme de 2023, gelant la dur\u00e9e d&rsquo;assurance exig\u00e9e \u00e0 <strong>170 trimestres<\/strong> jusqu&rsquo;au 1er janvier 2028, sonne comme un compromis charg\u00e9 de cons\u00e9quences pour la g\u00e9n\u00e9ration concern\u00e9e. Fini, pour un temps, le spectre d&rsquo;un passage \u00e0 171 ou 172 trimestres d\u00e8s 2026 : le cap des <strong>42,5 ann\u00e9es de cotisations<\/strong> s&rsquo;impose \u00e0 tous les futurs retrait\u00e9s avant la fameuse date butoir.<\/p>\n<p>Cela signifie concr\u00e8tement : pour celles et ceux qui liquideront leur retraite avant le 1er janvier 2028, la r\u00e8gle reste 170 trimestres valid\u00e9s, tous r\u00e9gimes confondus, pour b\u00e9n\u00e9ficier du taux plein, soit une pension sans d\u00e9cote. Un infl\u00e9chissement majeur, alors m\u00eame qu&rsquo;une nouvelle acc\u00e9l\u00e9ration \u00e9tait redout\u00e9e par tous ceux qui peinaient d\u00e9j\u00e0 \u00e0 totaliser les fameux trimestres. L&rsquo;\u00e2ge automatique du taux plein reste fix\u00e9 \u00e0 <strong>67 ans<\/strong>, point de sortie pour toutes les carri\u00e8res incompl\u00e8tes : m\u00eame sans la dur\u00e9e d&rsquo;assurance requise, pas de d\u00e9cote apr\u00e8s ce cap\u2026 mais, pour beaucoup, l&rsquo;enjeu reste d&rsquo;y parvenir bien avant.<\/p>\n<p> Un basculement particuli\u00e8rement d\u00e9cisif pour les natifs de 1965<\/p>\n<p>Le maintien des 170 trimestres jusqu&rsquo;en 2028 concerne au premier chef les g\u00e9n\u00e9rations n\u00e9es de 1964 \u00e0 1968, dont les parcours professionnels ont d\u00e9j\u00e0 subi plusieurs refontes r\u00e9glementaires. Pour les natifs de <strong>d\u00e9but 1965<\/strong>, le couperet devait initialement tomber \u00e0 172 trimestres apr\u00e8s la r\u00e9forme de 2023 \u2013 soit six mois de cotisation en plus, une montagne suppl\u00e9mentaire \u00e0 gravir pour certains. Le gel accord\u00e9 offre, pour ceux qui liquident leur retraite avant janvier 2028, une r\u00e9elle <strong>\u00ab\u00a0fen\u00eatre de tir\u00a0\u00bb<\/strong> afin d&rsquo;atteindre le taux plein dans les m\u00eames conditions que leurs a\u00een\u00e9s directs.<\/p>\n<p>Prenons un exemple : un assur\u00e9 n\u00e9 en janvier 1965, qui aura totalis\u00e9 ses 170 trimestres en 2026 ou 2027, pourra partir avant 62 ou 63 ans \u2013 selon son d\u00e9but de carri\u00e8re \u2013 en \u00e9vitant la double peine d&rsquo;une prolongation de dur\u00e9e. M\u00eame logique pour l&rsquo;assur\u00e9e n\u00e9e en 1964 : la pierre angulaire reste la date de liquidation, pas seulement l&rsquo;ann\u00e9e de naissance. Ces subtilit\u00e9s, parfois difficiles \u00e0 appr\u00e9hender, conditionnent les espoirs de d\u00e9part anticip\u00e9.<\/p>\n<p>Pour ces actifs, la gestion strat\u00e9gique du calendrier devient un vrai casse-t\u00eate. Entre projection des droits, anticipation d&rsquo;une \u00e9ventuelle r\u00e9int\u00e9gration du calendrier originel d\u00e8s 2028 (sous r\u00e9serve des d\u00e9bats parlementaires fin 2025), et calcul du moindre trimestre, <strong>chaque choix peut impacter le pouvoir d&rsquo;achat futur<\/strong>. Les discussions de fin d&rsquo;ann\u00e9e en famille prennent alors des allures de \u00ab\u00a0tables rondes\u00a0\u00bb o\u00f9 l&rsquo;on compare relev\u00e9s de carri\u00e8re et options pour \u00e9viter une d\u00e9cote ind\u00e9sirable.<\/p>\n<p> Quand la dur\u00e9e de cotisation chamboule parcours professionnel et vie personnelle<\/p>\n<p>Avec cette r\u00e8gle gel\u00e9e, la question centrale reste : comment adapter son parcours quand chaque trimestre suppl\u00e9mentaire devient un graal parfois difficile \u00e0 atteindre ? Pour beaucoup, la participation \u00e0 un dispositif carri\u00e8re longue, la validation des p\u00e9riodes de ch\u00f4mage, d&rsquo;arr\u00eats maladie ou d&rsquo;activit\u00e9 \u00e0 temps partiel entre en ligne de compte. <strong>Rappel essentiel<\/strong> : seuls 4 trimestres sont validables par an, quelle que soit l&rsquo;intensit\u00e9 de travail, un plafond souvent mal compris qui complexifie la situation pour ceux cumulant plusieurs activit\u00e9s.<\/p>\n<p>L&rsquo;allongement, m\u00eame provisoire, de la dur\u00e9e de cotisation, a des impacts bien r\u00e9els : des <a href=\"https:\/\/journaldesseniors.20minutes.fr\/argent\/comment-font-les-francais-pour-se-preparer-a-une-retraite-moins-confortable\/\" target=\"_blank\" rel=\"noopener\">projets familiaux report\u00e9s<\/a>, des d\u00e9cisions de reconversion diff\u00e9r\u00e9es, des tensions parfois palpables dans le cercle familial ou amical lorsque les discussions sur l&rsquo;\u00e2ge de d\u00e9part occupent toutes les conversations. Certains, \u00e9puis\u00e9s par la pression professionnelle ou les al\u00e9as de la sant\u00e9, vivent le maintien de ce seuil comme un soulagement temporaire, tandis que d&rsquo;autres y voient une incertitude qui p\u00e8se lourd sur leur s\u00e9r\u00e9nit\u00e9.<\/p>\n<p> Comment v\u00e9rifier ses droits et s\u00e9curiser sa carri\u00e8re ?<\/p>\n<p>Un r\u00e9flexe indispensable pour \u00e9viter toute mauvaise surprise : consulter r\u00e9guli\u00e8rement son <strong>compte Info-Retraite<\/strong> en ligne. Ce service r\u00e9capitule, pour chaque assur\u00e9, l&rsquo;ensemble des trimestres valid\u00e9s ann\u00e9e par ann\u00e9e et alerte en cas d&rsquo;anomalie (trimestre manquant, p\u00e9riode oubli\u00e9e\u2026). Corriger sa carri\u00e8re n&rsquo;est pas qu&rsquo;une affaire de sp\u00e9cialistes : une simple d\u00e9claration papier ou une v\u00e9rification pr\u00e9alable \u00e0 la liquidation peut faire gagner plusieurs mois\u2026 et parfois, <strong>sauver une pension compl\u00e8te<\/strong>.<\/p>\n<tr>\nCas pratique<br \/>\nAvant le 1\/01\/2028<br \/>\nApr\u00e8s le 1\/01\/2028 (sauf report parlementaire)<br \/>\n<\/tr>\n<tr>\n<td>N\u00e9(e) en 1964<\/td>\n<td>170 trimestres exig\u00e9s<\/td>\n<td>171-172 trimestres selon calendrier vot\u00e9<\/td>\n<\/tr>\n<tr>\n<td>N\u00e9(e) d\u00e9but 1965<\/td>\n<td>170 trimestres exig\u00e9s<\/td>\n<td>171-172 trimestres selon calendrier vot\u00e9<\/td>\n<\/tr>\n<tr>\n<td>Carri\u00e8re longue, handicap<\/td>\n<td>R\u00e8gle sp\u00e9cifique au dispositif<\/td>\n<td>R\u00e8gle sp\u00e9cifique mais tendance au rel\u00e8vement<\/td>\n<\/tr>\n<p>Face \u00e0 l&rsquo;incertitude : quelles strat\u00e9gies pour mieux vivre la r\u00e9forme ?<\/p>\n<p>Dans ce contexte mouvant, il est judicieux d&rsquo;\u00e9laborer des strat\u00e9gies pour optimiser sa situation. Regrouper les informations, \u00e9changer avec son gestionnaire, ajuster l&rsquo;\u00e2ge de liquidation pour b\u00e9n\u00e9ficier de la fen\u00eatre des 170 trimestres\u2026 autant de <strong>leviers d&rsquo;action<\/strong> pour ne pas subir l&rsquo;\u00e9volution du syst\u00e8me. L&rsquo;impact joue aussi sur la retraite compl\u00e9mentaire Agirc-Arrco, automatiquement synchronis\u00e9e avec l&rsquo;obtention du taux plein au r\u00e9gime de base (et donc sans abattement permanent, si tous les feux sont au vert c\u00f4t\u00e9 trimestres).<\/p>\n<p>Chez les futurs retrait\u00e9s, la tentation du report ou, \u00e0 l&rsquo;inverse, de l&rsquo;anticipation de la liquidation, se confronte aux contraintes personnelles, \u00e0 la mobilit\u00e9 professionnelle et \u00e0 une certaine incertitude sur ce que votera le Parlement dans moins de deux ans. L&rsquo;automne 2025 laisse ainsi planer un parfum d&rsquo;expectative, rythm\u00e9 par la question que <strong>tout le monde se pose<\/strong> autour du caf\u00e9 : \u00ab\u00a0Le gel des 170 trimestres sera-t-il prolong\u00e9 ?\u00a0\u00bb<\/p>\n<p>Collectivement, un besoin d&rsquo;\u00e9quit\u00e9 et d&rsquo;accompagnement<\/p>\n<p>De plus en plus, la mobilisation collective s&rsquo;exprime, au travers de syndicats, d&rsquo;associations et m\u00eame de groupes informels en ligne, afin de d\u00e9fendre l&rsquo;id\u00e9e d&rsquo;une transition plus douce. Les attentes sont claires : obtenir une visibilit\u00e9 sur les r\u00e8gles applicables apr\u00e8s 2028, mais aussi repenser l&rsquo;accompagnement des futurs retrait\u00e9s pour mieux anticiper les situations atypiques (multiples employeurs, emploi partiel, interruptions pour raisons familiales\u2026). Dans un contexte o\u00f9 <strong>la confiance dans le syst\u00e8me reste fragile<\/strong>, chaque voix compte.<\/p>\n<p>Au-del\u00e0 de la mesure temporaire : une g\u00e9n\u00e9ration sur le fil et un mod\u00e8le \u00e0 repenser<\/p>\n<p>Pendant que l&rsquo;hiver s&rsquo;installe et que les projets de retraite passent du r\u00eave \u00e0 la planification concr\u00e8te, la perspective de 2028 devient une balise g\u00e9n\u00e9rationnelle. La d\u00e9cision de maintenir \u00e0 170 trimestres jusqu&rsquo;au 1er janvier offre une respiration, mais laisse d&rsquo;ores et d\u00e9j\u00e0 des traces : sentiment d&rsquo;impr\u00e9visibilit\u00e9, n\u00e9cessit\u00e9 de mieux s&rsquo;informer, volont\u00e9 d&rsquo;adaptation plus forte encore chez les actifs de la <strong>\u00ab\u00a0boomerang g\u00e9n\u00e9ration\u00a0\u00bb<\/strong>, ballot\u00e9s entre r\u00e9formes successives et attentes de stabilit\u00e9.<\/p>\n<p>En filigrane, cette p\u00e9riode de transition interroge le rapport des Fran\u00e7ais \u00e0 la retraite : doit-on anticiper une nouvelle vague de mobilisations si le calendrier est r\u00e9activ\u00e9 ? Comment accompagner individuellement et collectivement ces mutations ? Quel r\u00f4le donner \u00e0 la solidarit\u00e9 interg\u00e9n\u00e9rationnelle, alors que chacun s&rsquo;interroge sur la qualit\u00e9 de sa future fin de carri\u00e8re ? Entre espoir de prolongation du gel et inqui\u00e9tude de l&rsquo;apr\u00e8s-2028, la prudence reste de mise, mais l&rsquo;envie de reprendre la main sur son avenir n&rsquo;a jamais \u00e9t\u00e9 aussi forte.<\/p>\n<p>\u00c0 l&rsquo;heure o\u00f9 le ciel s&rsquo;assombrit et o\u00f9 l&rsquo;hiver approche, cette d\u00e9cision gouvernementale agit comme un coup de frein\u2026 ou un sursis salutaire. Pour beaucoup, les mois \u00e0 venir seront d\u00e9terminants : consultation de son compte retraite, simulations, choix strat\u00e9giques et discussions familiales. Dans un syst\u00e8me qui \u00e9volue constamment, <strong>s&rsquo;informer et s&rsquo;adapter<\/strong> devient essentiel, avec l&rsquo;espoir que les prochains arbitrages offriront \u00e0 cette g\u00e9n\u00e9ration sur le fil davantage de visibilit\u00e9 et de s\u00e9r\u00e9nit\u00e9 pour construire leur avenir.<\/p>\n","protected":false},"excerpt":{"rendered":"\u00c0 l&rsquo;aube de l&rsquo;hiver, alors que les feuilles tombent et que chacun commence \u00e0 faire ses comptes, une&hellip;\n","protected":false},"author":2,"featured_media":497241,"comment_status":"","ping_status":"","sticky":false,"template":"","format":"standard","meta":{"footnotes":""},"categories":[2],"tags":[11,1011,27,12,56,25],"class_list":{"0":"post-497240","1":"post","2":"type-post","3":"status-publish","4":"format-standard","5":"has-post-thumbnail","7":"category-actualites","8":"tag-actualites","9":"tag-fr","10":"tag-france","11":"tag-news","12":"tag-push","13":"tag-republique-francaise"},"share_on_mastodon":{"url":"https:\/\/pubeurope.com\/@fr\/115456424350644886","error":""},"_links":{"self":[{"href":"https:\/\/www.europesays.com\/fr\/wp-json\/wp\/v2\/posts\/497240","targetHints":{"allow":["GET"]}}],"collection":[{"href":"https:\/\/www.europesays.com\/fr\/wp-json\/wp\/v2\/posts"}],"about":[{"href":"https:\/\/www.europesays.com\/fr\/wp-json\/wp\/v2\/types\/post"}],"author":[{"embeddable":true,"href":"https:\/\/www.europesays.com\/fr\/wp-json\/wp\/v2\/users\/2"}],"replies":[{"embeddable":true,"href":"https:\/\/www.europesays.com\/fr\/wp-json\/wp\/v2\/comments?post=497240"}],"version-history":[{"count":0,"href":"https:\/\/www.europesays.com\/fr\/wp-json\/wp\/v2\/posts\/497240\/revisions"}],"wp:featuredmedia":[{"embeddable":true,"href":"https:\/\/www.europesays.com\/fr\/wp-json\/wp\/v2\/media\/497241"}],"wp:attachment":[{"href":"https:\/\/www.europesays.com\/fr\/wp-json\/wp\/v2\/media?parent=497240"}],"wp:term":[{"taxonomy":"category","embeddable":true,"href":"https:\/\/www.europesays.com\/fr\/wp-json\/wp\/v2\/categories?post=497240"},{"taxonomy":"post_tag","embeddable":true,"href":"https:\/\/www.europesays.com\/fr\/wp-json\/wp\/v2\/tags?post=497240"}],"curies":[{"name":"wp","href":"https:\/\/api.w.org\/{rel}","templated":true}]}}