{"id":497246,"date":"2025-10-29T08:08:15","date_gmt":"2025-10-29T08:08:15","guid":{"rendered":"https:\/\/www.europesays.com\/fr\/497246\/"},"modified":"2025-10-29T08:08:15","modified_gmt":"2025-10-29T08:08:15","slug":"le-old-course-de-st-andrews-sallonge-et-se-modernise-pour-lopen-2027-tous-les-changements-en-detail","status":"publish","type":"post","link":"https:\/\/www.europesays.com\/fr\/497246\/","title":{"rendered":"Le Old Course de St Andrews s\u2019allonge et se modernise pour l\u2019Open 2027 : Tous les changements en d\u00e9tail"},"content":{"rendered":"<p>\t\t\t\t\t\t<img width=\"770\" height=\"557\" src=\"https:\/\/www.europesays.com\/fr\/wp-content\/uploads\/2025\/10\/old-course-saint-andrews-changements-1-770x557.jpg\" class=\"img-responsive wp-post-image\" alt=\"\" decoding=\"async\" fetchpriority=\"high\"  \/>\t\t\t\t\t<\/p>\n<p>\t\t\t\t\t\t Partager cet article <\/p>\n<p class=\"screen-reader-text juiz_sps_maybe_hidden_text\">Partager la publication \u00ab\u00a0Le Old Course de St Andrews s\u2019allonge et se modernise pour l\u2019Open 2027 : Tous les changements en d\u00e9tail\u00a0\u00bb<\/p>\n<p><strong>Avant le 155\u1d49 Open, le Old Course s\u2019allonge et se transforme : six trous rallong\u00e9s, bunkers repositionn\u00e9s et parcours modernis\u00e9 pour d\u00e9fier les meilleurs golfeurs du monde.<\/strong><\/p>\n<p>\t\t\t\t\t<a id=\"187759\" href=\"https:\/\/leclub-golf.com\/fr\/private-card\/offre-15-mois-carte-classic?utm_source=golf+planete&amp;utm_medium=referral&amp;utm_campaign=15+mois+offerts+classic&amp;utm_id=15+mois+offerts+classic__golf+planete_referral_banner\" target=\"_blank\" rel=\"sponsorised nofollow noopener\"><img decoding=\"async\" src=\"data:image\/svg+xml,%3Csvg%20xmlns=\" http:=\"\" class=\"img-responsive\" alt=\"\" data-lazy-src=\"https:\/\/www.europesays.com\/fr\/wp-content\/uploads\/2025\/09\/leclubgolf-e12-douceur-automne-1170x275-1.jpg\"\/><\/a><\/p>\n<p>Le l\u00e9gendaire <strong>Old Course <\/strong>de<strong> St Andrews<\/strong>, berceau du golf, s\u2019appr\u00eate \u00e0 franchir une nouvelle \u00e9tape de son \u00e9volution avant le 155e open britannique en 2027. Objectif\u202f: renforcer le d\u00e9fi pour les \u00e9lites tout en pr\u00e9servant l\u2019histoire et le caract\u00e8re unique du parcours.<\/p>\n<p>Six trous seront rallong\u00e9s \u2013 le 5 (+32 m), le 6 (+16 m), le 7 (+20 m), le 10 (+27 m), le 11 (+19 m) et le 16 (+9 m) \u2013 tandis que le 12 sera l\u00e9g\u00e8rement raccourci. La longueur totale atteindra 7 445 yards (6 805 m), soit 132 yards (121 m) de plus qu\u2019aujourd\u2019hui. De nouveaux back tees appara\u00eetront sur les trous 5, 6, 7 et 10, tandis que ceux du 11 et du 16 seront prolong\u00e9s.<\/p>\n<p><img loading=\"lazy\" decoding=\"async\" class=\"size-large wp-image-190250\" src=\"data:image\/svg+xml,%3Csvg%20xmlns=\" http:=\"\" alt=\"\" width=\"770\" height=\"516\" data-lazy- data-lazy- data-lazy-src=\"https:\/\/www.europesays.com\/fr\/wp-content\/uploads\/2025\/10\/st_andrews_old_course_11th_and_7th-770x516.jpg\"\/><\/p>\n<p style=\"text-align:left;\" class=\"wp-caption-text\">Le double green du 7 et du 11 \u00a9The R&amp;A<\/p>\n<p>Bunkers retravaill\u00e9s\u00a0<\/p>\n<p>Les bunkers, v\u00e9ritables pi\u00e8ges du <strong>Old Course<\/strong>, seront repositionn\u00e9s ou ajout\u00e9s pour mettre les joueurs au d\u00e9fi. Les nouveaux changements comprendront la restauration d\u2019une ligne de jeu \u00e0 gauche des bunkers <strong>Principal\u2019s Nose <\/strong>et<strong> Deacon Sime<\/strong> au 16, o\u00f9 deux nouveaux bunkers ajouteront du risque sur le c\u00f4t\u00e9 gauche du fairway prolong\u00e9.<\/p>\n<p>Sur le 2, les bunkers de fairway seront d\u00e9plac\u00e9s pour rester en jeu, tandis que le 9 verra ses bunkers proche du green redessin\u00e9s, y compris le <strong>Boase\u2019s Bunker<\/strong>, restaur\u00e9 dans sa forme originale. Le fameux bunker du 17, le <strong>Road Hole<\/strong>, sera\u202frestaur\u00e9 pour limiter l\u2019accumulation de sable au fil des ann\u00e9es. Le syst\u00e8me d\u2019irrigation vieillissant sera modernis\u00e9, offrant un meilleur contr\u00f4le de l\u2019herbe et limitant les interruptions pour les golfeurs quotidiens et visiteurs.<\/p>\n<p>Pour <strong>Mark Darbon<\/strong>, directeur g\u00e9n\u00e9ral de <strong>The R&amp;A<\/strong>, ces travaux permettront de \u00ab\u202fpr\u00e9server l\u2019histoire exceptionnelle du Old Course tout en offrant un parcours toujours exigeant pour les meilleurs golfeurs du monde\u202f\u00bb. <strong>Neil Coulson<\/strong>, directeur g\u00e9n\u00e9ral de <strong>St Andrews Links Trust<\/strong>, ajoute\u202f: \u00ab\u202fLe Old Course ne reste jamais immobile\u202f: son excellence tient \u00e0 sa capacit\u00e9 d\u2019\u00e9volution tout en conservant son \u00e2me.\u202f\u00bb<\/p>\n<p>Les travaux d\u2019irrigation viennent de d\u00e9buter, et la restauration et le rallongement du parcours commenceront le 3 novembre.<\/p>\n<p>\u00a9GolfPlanete \/\u00a0R&amp;A<\/p>\n","protected":false},"excerpt":{"rendered":"Partager cet article Partager la publication \u00ab\u00a0Le Old Course de St Andrews s\u2019allonge et se modernise pour l\u2019Open&hellip;\n","protected":false},"author":2,"featured_media":497247,"comment_status":"","ping_status":"","sticky":false,"template":"","format":"standard","meta":{"footnotes":""},"categories":[1418],"tags":[1011,27,1472,60],"class_list":{"0":"post-497246","1":"post","2":"type-post","3":"status-publish","4":"format-standard","5":"has-post-thumbnail","7":"category-golf","8":"tag-fr","9":"tag-france","10":"tag-golf","11":"tag-sports"},"share_on_mastodon":{"url":"https:\/\/pubeurope.com\/@fr\/115456436836250375","error":""},"_links":{"self":[{"href":"https:\/\/www.europesays.com\/fr\/wp-json\/wp\/v2\/posts\/497246","targetHints":{"allow":["GET"]}}],"collection":[{"href":"https:\/\/www.europesays.com\/fr\/wp-json\/wp\/v2\/posts"}],"about":[{"href":"https:\/\/www.europesays.com\/fr\/wp-json\/wp\/v2\/types\/post"}],"author":[{"embeddable":true,"href":"https:\/\/www.europesays.com\/fr\/wp-json\/wp\/v2\/users\/2"}],"replies":[{"embeddable":true,"href":"https:\/\/www.europesays.com\/fr\/wp-json\/wp\/v2\/comments?post=497246"}],"version-history":[{"count":0,"href":"https:\/\/www.europesays.com\/fr\/wp-json\/wp\/v2\/posts\/497246\/revisions"}],"wp:featuredmedia":[{"embeddable":true,"href":"https:\/\/www.europesays.com\/fr\/wp-json\/wp\/v2\/media\/497247"}],"wp:attachment":[{"href":"https:\/\/www.europesays.com\/fr\/wp-json\/wp\/v2\/media?parent=497246"}],"wp:term":[{"taxonomy":"category","embeddable":true,"href":"https:\/\/www.europesays.com\/fr\/wp-json\/wp\/v2\/categories?post=497246"},{"taxonomy":"post_tag","embeddable":true,"href":"https:\/\/www.europesays.com\/fr\/wp-json\/wp\/v2\/tags?post=497246"}],"curies":[{"name":"wp","href":"https:\/\/api.w.org\/{rel}","templated":true}]}}