{"id":497254,"date":"2025-10-29T08:15:15","date_gmt":"2025-10-29T08:15:15","guid":{"rendered":"https:\/\/www.europesays.com\/fr\/497254\/"},"modified":"2025-10-29T08:15:15","modified_gmt":"2025-10-29T08:15:15","slug":"cyclo-cross-de-firminy-classements-actualite","status":"publish","type":"post","link":"https:\/\/www.europesays.com\/fr\/497254\/","title":{"rendered":"Cyclo-cross de Firminy : Classements &#8211; Actualit\u00e9"},"content":{"rendered":"<p style=\"text-align: justify;\">Nicolas Bonnefoy (CR4C Roanne) a remport\u00e9, dimanche, le cyclo-cross de Firminy Vert (Loire), organis\u00e9 par l&rsquo;ECO Firminy. Il a devanc\u00e9 Lubin Monteil (Le Roc de la L\u00e8gue) et MaNicolas Bonnefoy succ\u00e8de \u00e0 Eliote Ponchon (VC Villefranche Beaujolais) au palmar\u00e8s.<\/p>\n<p><strong>Classements :<\/strong><br \/><strong>U23 et s\u00e9niors<\/strong><br \/>1. BONNEFOY Nicolas C.R.4 Chemins\/Roanne U23-OP1 les 6 tours en 48\u201934<br \/>2. MONTEIL Lubin Le Roc De La Legue S-OP1 \u00e0 2\u00a0\u00bb<br \/>3. JACQUIN Matthieu Xc63 U23-OP1 \u00e0 42\u00a0\u00bb<br \/>4. CROZIER Allan E.C. St Etienne-Loire U23-OP2 \u00e0 59\u00a0\u00bb<br \/>5. FILLIAT Alexis Union Cycliste Ambert Auvergne U23-OP1 \u00e0 1&rsquo;37\u00a0\u00bb<br \/>6. BONNEFOY J\u00e9r\u00e9mie C.R.4 Chemins\/Roanne U23-OP2 \u00e0 1&rsquo;51\u00a0\u00bb<br \/>7. SERIEYS Bertrand Xc63 S-OP1 \u00e0 1&rsquo;56\u00a0\u00bb<br \/>8. GORDONS Elyas V.C. Villefranche Beaujolais U23-OP2 \u00e0 1&rsquo;58\u00a0\u00bb<br \/>9. MONTEIL Gauthier Le Roc De La Legue S-OP1 \u00e0 3&rsquo;22\u00a0\u00bb<br \/>10. PIRAUDON Antoine Union Cycliste Pelussin Loire Pilat S-OP1 \u00e0 3&rsquo;25\u00a0\u00bb<br \/>11. FERNANDEZ PEREZ Cyril Orcieres Cycling Team S-OP3 \u00e0 3&rsquo;45\u00a0\u00bb<br \/>12. PERROT Guillaume C.C. St Martinois S-OP3 \u00a0\u00bb<br \/>13. DESGOUTTE S\u00e9bastien R.O. Chambon Feugerolles S-AC1 \u00e0 4&rsquo;15\u00a0\u00bb<br \/>14. LATUILE Antoine V.V. Savignolais U23-OP2 \u00e0 4&rsquo;27\u00a0\u00bb<br \/>15. GONTHIER C\u00e9dric V.C. Pays Vallonnais S-OP2 \u00e0 4&rsquo;40\u00a0\u00bb<br \/>16. TUSHA Laurent V.C. St Quentin Fallavier S-OP2 \u00e0 4&rsquo;50\u00a0\u00bb<br \/>17. BLONDEL S\u00e9bastien Uniteam Cycling S-AC3 \u00e0 4&rsquo;56\u00a0\u00bb<br \/>18. CHALENCON Lilian E.C. St Etienne-Loire U23-OP2 \u00e0 5&rsquo;01\u00a0\u00bb<br \/>19. ALLAFORT DUVERGER Mathias V.C. St Quentin Fallavier S-OP2 \u00e0 5&rsquo;06\u00a0\u00bb<br \/>20. MACHABERT Enzo V.V. Savignolais U23-OP1 \u00e0 5&rsquo;52\u00a0\u00bb<br \/>21. SAGNOL C\u00e9dric V.C. Feurs\/Balbigny S-OP2 \u00e0 6&rsquo;16\u00a0\u00bb<br \/>22. VIRAT Arnaud E.C. St Etienne-Loire S-OP2 \u00e0 6&rsquo;25\u00a0\u00bb<br \/>23. CARDENAU Thomas V.C. Rhodanien U23-AC1 \u00e0 6&rsquo;29\u00a0\u00bb<br \/>24. SOUCHON Julien Groupe Cyclo De Montfaucon S-AC3 \u00e0 6&rsquo;31\u00a0\u00bb<br \/>25. EYDANT Marien V.C. Rhodanien S-AC2 \u00e0 8&rsquo;11\u00a0\u00bb<br \/>26. FAURE J\u00e9r\u00f4me R.O. Chambon Feugerolles S-AC3 \u00e0 8&rsquo;20\u00a0\u00bb<br \/>27. BARRALLON Florian V.C. Montbrisonnais S-AC2 \u00e0 8&rsquo;30\u00a0\u00bb<br \/>28. TALOBRE Didier Velo Sport Brivadois S-OP3 \u00e0 8&rsquo;43\u00a0\u00bb<br \/>29. RIVOIRARD Olivier R.O. Chambon Feugerolles S-AC3 \u00e0 8&rsquo;49\u00a0\u00bb<br \/>30. LACHE Florian E.C. St Etienne-Loire U23-OP2 \u00e0 9&rsquo;13\u00a0\u00bb<br \/>31. BARRELLON Yohann R.O. Chambon Feugerolles S-AC3 \u00e0 9&rsquo;38\u00a0\u00bb<br \/>32. GRANGER Nicolas Groupe Cyclo De Montfaucon S-AC3 \u00e0 10&rsquo;18\u00a0\u00bb<br \/>33. CHAMBERT Pierre V.C. Rhodanien S-AC1 \u00e0 1 tour<br \/>34. MOULIN Rapha\u00ebl Asos Saint Galmier S-AC3\u00a0<br \/>35. RODRIGUES Adrien V.C. Roannais S-AC3\u00a0<br \/>36. VARLOT Sebastien E.C. St Etienne-Loire S<br \/>37. ANDRIEUX St\u00e9phane V.C. Montbrisonnais S-AC4 .<\/p>\n<p><strong>U19 et F\u00e9minines<\/strong><br \/>1. LYONNET Marius V.C. RHODANIEN les 5 tours en 43&rsquo;05<br \/>2. GARON Florent CHARVIEU CHAVAGNEUX I.C. \u00e0 43&Prime;<br \/>3. PIGNARD L\u00e9o V.C. ROANNAIS \u00e0 2&rsquo;16<br \/>4. MARTIN BOUCHET Hugo C.R.4 CHEMINS\/ROANNE \u00e0 3&rsquo;52<br \/>5. BONNEFOY Arthur E.C.O. FIRMINY \u00e0 4&rsquo;47<br \/>6. ANDRIEUX Audran V.C. MONTBRISONNAIS \u00e0 1 tour<br \/>7.. CIZERON Romane (Fem) R.O. CHAMBON FEUGEROLLES\u00a0<\/p>\n<p><strong>U17<\/strong><br \/>1. KERSCAVEN Robin E.C. ST ETIENNE-LOIRE les 4 tours en 35\u201950<br \/>2. RICHAUD Romain GROUPE CYCLO DE MONTFAUCONFRA \u00e0 53\u201d<br \/>3. DENIS Jules E.C. ST ETIENNE-LOIRE mt<br \/>4. GONTHIER Cl\u00e9ment V.C. PAYS VALLONNAIS \u00e0 1\u201906<br \/>5. MOINE PICARD Charlie V.C. ST QUENTIN FALLAVIER \u00e0 2\u201929<br \/>6. MORETON Robin E.C. ST ETIENNE-LOIRE \u00e0 2\u201937<br \/>7. BARBIER C\u00e9lestin GOLENE EVASION. \u00e0 2\u201958<br \/>8. MACHABERT Tom V.V. SAVIGNOLAIS \u00e0 3\u201941<br \/>9. LAPRAY MANDAIRON Guillaume V.C. ROANNAIS \u00e0 4\u201922<br \/>10. MAURY Cl\u00e9ment GOLENE EVASION. \u00e0 4\u201946<br \/>11. HUMBERT GAUCHER Jean Baptiste V.C. ST QUENTIN FALLAVIER \u00e0 5\u201903<br \/>12. VEROTS Jules E.C. ST ETIENNE-LOIRE \u00e0 6\u201915<br \/>13. BRUYERE Lo\u00efs GOLENE EVASION. \u00e0 6\u201928<br \/>14. FAMILIARE Ylario E.C. ST ETIENNE-LOIRE \u00e0 6\u201959<br \/>15. VARLOT Corentin E.C. ST ETIENNE-LOIRE \u00e0 7\u201953<br \/>16. BERTRAND Gabriel E.C. ST ETIENNE-LOIRE \u00e0 8\u201927<br \/>17. CAPPY Pierre C.R. ST CHAMOND \u00e0 10\u201935<br \/>18. SOLEILLANT Lola Maryline UNITEAM CYCLING \u00e0 11\u201916<br \/>19. CAPPY Benoit C.R. ST CHAMOND \u00e0 11\u201920<br \/>20. RONDY Rapha\u00ebl E.C.O. FIRMINY mt<br \/>21. CHARRET ABRIAL Robin GOLENE EVASION. \u00e0 12\u201955<br \/>22. MOURIER Lucas E.C. ST ETIENNE-LOIRE 1 tour<\/p>\n<p><strong>U15<\/strong><br \/>1. ARNAUD Elio Velo Club Du Velay les 4 tours en 19\u201948<br \/>2. FLORENT Gabin E.C. St Etienne-Loire \u00e0 14\u00a0\u00bb<br \/>3. DEWAELE Layne E.C. St Etienne-Loire mt<br \/>4. MAURIN Hugo Union Cycliste Le Puy En Velay \u00e0 42\u00a0\u00bb<br \/>5. ROLLAND Baptiste E.C. St Etienne-Loire \u00e0 1&rsquo;19\u00a0\u00bb<br \/>6. GENIN Loris V.V. Savignolais \u00e0 1&rsquo;52\u00a0\u00bb<br \/>7. METTE Julian V.C. Roannais \u00e0 1&rsquo;57\u00a0\u00bb<br \/>8. VERNAY Zo\u00e9 C.R. St Chamond \u00e0 2&rsquo;02\u00a0\u00bb<br \/>9. GORD No\u00e9 Squadra Saint Romanaise mt<br \/>10. DUPRE Lucas Avenir Cycliste Cusset \u00e0 2&rsquo;21\u00a0\u00bb<br \/>11. RIVOIRARD Ana\u00e9 Golene Evasion. \u00e0 2&rsquo;41\u00a0\u00bb<br \/>12. GAUVIN Lisa E.C. St Etienne-Loire mt<br \/>13. ORIOL Romain E.C.O. Firminy \u00e0 2&rsquo;56\u00a0\u00bb<br \/>14. FROSSARD Sacha Golene Evasion. mt<br \/>15. BONNEL L\u00e9on Golene Evasion. \u00e0 3&rsquo;10\u00a0\u00bb<br \/>16. PICHON Tom Golene Evasion. mt<br \/>17. MASSON Timoth\u00e9 E.C. St Etienne-Loire \u00e0 3&rsquo;26\u00a0\u00bb<br \/>18. POULIN Mathis E.C.O. Firminy \u00e0 3&rsquo;29\u00a0\u00bb<br \/>19. GARDEY Th\u00e9o E.C.O. Firminy mt<br \/>20. ANELLI GISLOT Enzo Velo Club Du Velay \u00e0 3&rsquo;37\u00a0\u00bb<br \/>21. TESSIER M\u00e9line Golene Evasion. \u00e0 3&rsquo;39\u00a0\u00bb<br \/>22. BORNE Nino Groupe Cyclo De Montfaucon \u00e0 4&rsquo;38\u00a0\u00bb<br \/>23. SEFFERT Ambroise E.C. St Etienne-Loire \u00e0 4&rsquo;40\u00a0\u00bb<br \/>24. MORETON Emilie E.C. St Etienne-Loire \u00e0 4&rsquo;47\u00a0\u00bb<br \/>25. SUCHIER C\u00e9lian E.C. St Etienne-Loire \u00e0 5&rsquo;05\u00a0\u00bb<br \/>26. DORELLE Mathys Groupe Cyclo De Montfaucon mt<br \/>27. LEGAT Livio Groupe Cyclo De Montfaucon \u00e0 5&rsquo;25\u00a0\u00bb<br \/>28. DELUNEL Louison E.C. St Etienne-Loire \u00e0 1 tour<\/p>\n<p>Remerciements \u00e0 Manu Bonnefoy.<\/p>\n","protected":false},"excerpt":{"rendered":"Nicolas Bonnefoy (CR4C Roanne) a remport\u00e9, dimanche, le cyclo-cross de Firminy Vert (Loire), organis\u00e9 par l&rsquo;ECO Firminy. Il&hellip;\n","protected":false},"author":2,"featured_media":492028,"comment_status":"","ping_status":"","sticky":false,"template":"","format":"standard","meta":{"footnotes":""},"categories":[1411],"tags":[834,828,836,829,837,827,83,826,824,823,1154,207,814,817,815,816,822,821,832,211,839,1011,27,820,818,819,835,831,830,833,838,60,212,208,825],"class_list":{"0":"post-497254","1":"post","2":"type-post","3":"status-publish","4":"format-standard","5":"has-post-thumbnail","7":"category-cyclisme","8":"tag-attaque","9":"tag-belgique","10":"tag-braquet","11":"tag-bretagne","12":"tag-chute","13":"tag-competition","14":"tag-coupe-de-france","15":"tag-coureur","16":"tag-course-cyclisme","17":"tag-course-cycliste","18":"tag-cycling","19":"tag-cyclisme","20":"tag-direct","21":"tag-direct-velo","22":"tag-directvelo","23":"tag-directvelo-com","24":"tag-epreuve","25":"tag-epreuve-cycliste","26":"tag-federation-francaise-de-cyclisme","27":"tag-ffc","28":"tag-flandres","29":"tag-fr","30":"tag-france","31":"tag-live","32":"tag-live-course","33":"tag-live-epreuve","34":"tag-peloton","35":"tag-radio-peloton","36":"tag-radio-tour","37":"tag-ravitaillement","38":"tag-relance","39":"tag-sports","40":"tag-uci","41":"tag-velo","42":"tag-velos"},"share_on_mastodon":{"url":"https:\/\/pubeurope.com\/@fr\/115456463679567420","error":""},"_links":{"self":[{"href":"https:\/\/www.europesays.com\/fr\/wp-json\/wp\/v2\/posts\/497254","targetHints":{"allow":["GET"]}}],"collection":[{"href":"https:\/\/www.europesays.com\/fr\/wp-json\/wp\/v2\/posts"}],"about":[{"href":"https:\/\/www.europesays.com\/fr\/wp-json\/wp\/v2\/types\/post"}],"author":[{"embeddable":true,"href":"https:\/\/www.europesays.com\/fr\/wp-json\/wp\/v2\/users\/2"}],"replies":[{"embeddable":true,"href":"https:\/\/www.europesays.com\/fr\/wp-json\/wp\/v2\/comments?post=497254"}],"version-history":[{"count":0,"href":"https:\/\/www.europesays.com\/fr\/wp-json\/wp\/v2\/posts\/497254\/revisions"}],"wp:featuredmedia":[{"embeddable":true,"href":"https:\/\/www.europesays.com\/fr\/wp-json\/wp\/v2\/media\/492028"}],"wp:attachment":[{"href":"https:\/\/www.europesays.com\/fr\/wp-json\/wp\/v2\/media?parent=497254"}],"wp:term":[{"taxonomy":"category","embeddable":true,"href":"https:\/\/www.europesays.com\/fr\/wp-json\/wp\/v2\/categories?post=497254"},{"taxonomy":"post_tag","embeddable":true,"href":"https:\/\/www.europesays.com\/fr\/wp-json\/wp\/v2\/tags?post=497254"}],"curies":[{"name":"wp","href":"https:\/\/api.w.org\/{rel}","templated":true}]}}