{"id":497257,"date":"2025-10-29T08:17:11","date_gmt":"2025-10-29T08:17:11","guid":{"rendered":"https:\/\/www.europesays.com\/fr\/497257\/"},"modified":"2025-10-29T08:17:11","modified_gmt":"2025-10-29T08:17:11","slug":"jarry-une-video-tres-limite-de-lhumoriste-refait-surface-nouvelle-tempete-apres-les-graves-accusations","status":"publish","type":"post","link":"https:\/\/www.europesays.com\/fr\/497257\/","title":{"rendered":"Jarry : une vid\u00e9o tr\u00e8s limite de l\u2019humoriste refait surface, nouvelle temp\u00eate apr\u00e8s les graves accusations"},"content":{"rendered":"<p><strong>Rien ne va plus pour Jarry.<\/strong> D\u00e9j\u00e0 au c\u0153ur d\u2019une<br \/>\nvive controverse depuis la parution, le 17 octobre, d\u2019une enqu\u00eate<br \/>\naccablante de Mediapart, <a href=\"https:\/\/www.closermag.fr\/people\/j-espere-que-vous-n-etes-pas-choques-pourquoi-jarry-avait-peur-de-parler-de-son-homosexualite-dans-rendez-vous-en-terre-inconnue-1711389\" target=\"_blank\" rel=\"noopener\"><br \/>\nl\u2019humoriste, qui avait fait des confidences \u00e9mouvantes<\/a> sur son<br \/>\nhomosexualit\u00e9, doit d\u00e9sormais faire face \u00e0 une nouvelle temp\u00eate<br \/>\nm\u00e9diatique. Alors que plusieurs anciens collaborateurs l\u2019accusent<br \/>\nd\u2019avoir eu <a href=\"https:\/\/www.closermag.fr\/people\/jarry-tout-tourne-autour-du-c-lhumoriste-ferait-face-a-de-graves-accusations-3587380\" target=\"_blank\" rel=\"noopener\"><br \/>\ndes comportements d\u00e9plac\u00e9s sur le tournage de Maison de<br \/>\nretraite<\/a>, une vieille s\u00e9quence vid\u00e9o de l\u2019un de ses<br \/>\nspectacles vient d\u2019\u00eatre exhum\u00e9e sur les r\u00e9seaux sociaux.<\/p>\n<p>Dans cet extrait, <a href=\"https:\/\/www.closermag.fr\/people\/ca-ma-fait-pleurer-jarry-baisse-la-garde-face-a-yann-barthes-il-lache-tout-sur-ce-cote-de-la-notoriete-quil-deteste-3528239\" target=\"_blank\" rel=\"noopener\"><br \/>\nl&rsquo;humoriste Jarry<\/a> \u00e9change avec un spectateur dans la salle.<br \/>\nMais les propos tenus ont choqu\u00e9 de nombreux internautes :<br \/>\n\u201cVous \u00eates que deux renoi ce soir. Bravo pour l\u2019int\u00e9gration.<br \/>\nComment tu t\u2019appelles ? Nicolas ? T\u2019as m\u00eame chang\u00e9 de nom !<br \/>\nBoubakar. Vous \u00eates sa femme ? C\u2019est bien pour les papiers. Sois le<br \/>\nbienvenu, Marhaba\u201d, dit-il au spectateur avant d\u2019ajouter :<br \/>\n\u201cProfites-en, parce qu\u2019en 2027, <strong>tu vas te retrouver<br \/>\ndans l\u2019avion toi\u201d.\u00a0<\/strong><\/p>\n<p>Jarry, accus\u00e9 de comportement d\u00e9plac\u00e9, dans la tourmente<\/p>\n<p>Une plaisanterie qui a rapidement refait surface dans le<br \/>\ncontexte explosif actuel. Plusieurs internautes y voient un signe<br \/>\nsuppl\u00e9mentaire du comportement probl\u00e9matique d\u00e9crit par les t\u00e9moins<br \/>\nde Mediapart. Selon le m\u00e9dia d\u2019investigation, plus d\u2019une<br \/>\nquinzaine de personnes ayant travaill\u00e9 avec <a href=\"https:\/\/www.closermag.fr\/people\/jarry-cette-passion-de-son-pere-quil-ne-partageait-pas-et-qui-a-rendu-son-enfance-compliquee-3471673\" target=\"_blank\" rel=\"noopener\"><br \/>\ncelui qui \u00e9tait d\u00e9cri\u00e9 par son p\u00e8re,<\/a> sur le tournage de<br \/>\nMaison de retraite, d\u00e9noncent des attitudes jug\u00e9es<br \/>\n\u201csexistes\u201d, \u201cracistes\u201d, \u201cg\u00eanantes\u201d ou<br \/>\n\u201c<strong>humiliantes\u201d.<\/strong><\/p>\n<blockquote class=\"twitter-tweet\"><p><a class=\"twitter-link\" rel=\"noindex, nofollow noopener\" href=\"https:\/\/twitter.com\/ImpactMediaFR\/status\/1982843505513804167\" target=\"_blank\"><\/p><\/blockquote>\n<p>L\u2019un des techniciens rapporte que l\u2019artiste aurait surnomm\u00e9 un<br \/>\nacteur noir <strong>\u201cKirikou\u201d<\/strong> devant toute<br \/>\nl\u2019\u00e9quipe. \u201cIl y a eu un grand silence sur le plateau, personne<br \/>\nn\u2019a os\u00e9 r\u00e9agir\u201d, raconte-t-il. D\u2019autres \u00e9voquent un<br \/>\ncomportement \u201ctr\u00e8s tactile\u201d, des remarques sur le physique<br \/>\ndes com\u00e9diens et des \u201cvannes \u00e0 caract\u00e8re sexuel\u201d<br \/>\nr\u00e9p\u00e9t\u00e9es.<\/p>\n<p>Des remarques qui ne passent pas<\/p>\n<p>Une technicienne confie au sujet <a href=\"https:\/\/www.closermag.fr\/people\/jarry-cette-remarque-malvenue-quil-essuie-sur-leducation-de-ses-enfants-3337346\" target=\"_blank\" rel=\"noopener\"><br \/>\ndu p\u00e8re de jumeaux<\/a> : \u201cTout tourne autour du cul avec lui. \u00c0<br \/>\nforce, <strong>\u00e7a devient d\u00e9gradant\u201d<\/strong>. Certaines<br \/>\nsources parlent m\u00eame de gestes brusques ou de col\u00e8res injustifi\u00e9es<br \/>\nsur le plateau. \u201cLe premier jour, il a limite frapp\u00e9 une<br \/>\ncostumi\u00e8re. Je l\u2019ai vu taper sur sa main\u201d, affirme un t\u00e9moin,<br \/>\ntandis qu\u2019un autre raconte des \u201ccrises en r\u00e9gie\u201d pour des<br \/>\nmotifs d\u00e9risoires, notamment \u201cdes histoires de g\u00e2teaux sans<br \/>\ngluten\u201d.<\/p>\n<p>Face \u00e0 ces accusations, <a href=\"https:\/\/www.closermag.fr\/people\/jarry-pourquoi-l-humoriste-refuse-de-reveler-l-identite-de-ses-enfants-1209837\" target=\"_blank\" rel=\"noopener\"><br \/>\nJarry, p\u00e8re de deux enfants,<\/a> n\u2019a pas encore r\u00e9agi publiquement.<br \/>\nSon entourage garde le silence, tandis que la production de Maison<br \/>\nde retraite s\u2019est dite \u201csurprise\u201d par la gravit\u00e9 des<br \/>\nt\u00e9moignages.<\/p>\n<p><script async src=\"https:\/\/platform.twitter.com\/widgets.js\" charset=\"utf-8\"><\/script><\/p>\n","protected":false},"excerpt":{"rendered":"Rien ne va plus pour Jarry. D\u00e9j\u00e0 au c\u0153ur d\u2019une vive controverse depuis la parution, le 17 octobre,&hellip;\n","protected":false},"author":2,"featured_media":497258,"comment_status":"","ping_status":"","sticky":false,"template":"","format":"standard","meta":{"footnotes":""},"categories":[1359],"tags":[58,59,1011,27,1624,973],"class_list":{"0":"post-497257","1":"post","2":"type-post","3":"status-publish","4":"format-standard","5":"has-post-thumbnail","7":"category-people","8":"tag-divertissement","9":"tag-entertainment","10":"tag-fr","11":"tag-france","12":"tag-jarry","13":"tag-people"},"share_on_mastodon":{"url":"https:\/\/pubeurope.com\/@fr\/115456471499966159","error":""},"_links":{"self":[{"href":"https:\/\/www.europesays.com\/fr\/wp-json\/wp\/v2\/posts\/497257","targetHints":{"allow":["GET"]}}],"collection":[{"href":"https:\/\/www.europesays.com\/fr\/wp-json\/wp\/v2\/posts"}],"about":[{"href":"https:\/\/www.europesays.com\/fr\/wp-json\/wp\/v2\/types\/post"}],"author":[{"embeddable":true,"href":"https:\/\/www.europesays.com\/fr\/wp-json\/wp\/v2\/users\/2"}],"replies":[{"embeddable":true,"href":"https:\/\/www.europesays.com\/fr\/wp-json\/wp\/v2\/comments?post=497257"}],"version-history":[{"count":0,"href":"https:\/\/www.europesays.com\/fr\/wp-json\/wp\/v2\/posts\/497257\/revisions"}],"wp:featuredmedia":[{"embeddable":true,"href":"https:\/\/www.europesays.com\/fr\/wp-json\/wp\/v2\/media\/497258"}],"wp:attachment":[{"href":"https:\/\/www.europesays.com\/fr\/wp-json\/wp\/v2\/media?parent=497257"}],"wp:term":[{"taxonomy":"category","embeddable":true,"href":"https:\/\/www.europesays.com\/fr\/wp-json\/wp\/v2\/categories?post=497257"},{"taxonomy":"post_tag","embeddable":true,"href":"https:\/\/www.europesays.com\/fr\/wp-json\/wp\/v2\/tags?post=497257"}],"curies":[{"name":"wp","href":"https:\/\/api.w.org\/{rel}","templated":true}]}}