{"id":497259,"date":"2025-10-29T08:18:10","date_gmt":"2025-10-29T08:18:10","guid":{"rendered":"https:\/\/www.europesays.com\/fr\/497259\/"},"modified":"2025-10-29T08:18:10","modified_gmt":"2025-10-29T08:18:10","slug":"dun-banal-bloc-de-beton-a-des-petites-maisons-couleur-rouille-rennes-une-architecture-baroque-a-limage-de-la-ville","status":"publish","type":"post","link":"https:\/\/www.europesays.com\/fr\/497259\/","title":{"rendered":"D\u2019un banal bloc de b\u00e9ton \u00e0 des petites maisons couleur rouille\u00a0: Rennes, une architecture baroque \u00e0 l\u2019image de la ville"},"content":{"rendered":"<p>Beauregard, Baud-Chardonnet, la Courrouze\u2026 <a href=\"https:\/\/www.letelegramme.fr\/ille-et-vilaine\/rennes-35000\/a-rennes-des-quartiers-entiers-sortent-de-terre-eldorado-ou-futurs-ghettos-6902028.php\" target=\"_blank\" rel=\"nofollow noopener\">Dans n\u2019importe quelle Zac rennaise<\/a>, il suffit de se balader quelques secondes pour passer, sans transition, d\u2019un banal bloc de b\u00e9ton gris\u00e2tre \u00e0 des petites maisons en m\u00e9tal couleur rouille ou \u00e0 des collectifs aux allures de La Grande Motte \u00e0 la sauce r\u00e9trofuturiste.<\/p>\n<p>Cette multitude de styles et d\u2019\u00e9poques tranche avec l\u2019unit\u00e9 globale des grands ensembles des ann\u00e9es 60-70 et des zones pavillonnaires des ann\u00e9es 80. C\u2019est que tous ces programmes sont souvent r\u00e9alis\u00e9s, par un promoteur particulier, en \u00eelot, sans forc\u00e9ment tenir compte de ses voisins. Quitte, parfois, \u00e0 se marcher sur les pieds. \u00ab \u00c0 Baud-Chardonnet, certains immeubles plongent directement dans les jardins des maisons, d\u00e9plore Henri-No\u00ebl Ruiz, \u00e9lu d\u2019opposition \u00e0 la Ville. Les habitants n\u2019ont aucune intimit\u00e9. \u00bb<\/p>\n<p>Quelles sont les garanties demand\u00e9es par la Ville ?<\/p>\n<p>\u00ab Il y a toujours un urbaniste dans une Zac, assure Marc Herv\u00e9, adjoint \u00e0 l\u2019urbanisme. Le b\u00e2ti est le projet du promoteur-architecte qui doit r\u00e9pondre \u00e0 l\u2019attente de l\u2019urbaniste de la Ville. Il y a un cahier des charges, qui peut \u00eatre, selon l\u2019urbaniste, plus ou moins contraignant. \u00bb<\/p>\n<p>Quid de l\u2019identit\u00e9 architecturale ?<\/p>\n<p>La Ville, par le biais de l\u2019am\u00e9nageur Territoires, d\u00e9finit l\u2019identit\u00e9 globale de sa Zac. \u00ab Beauregard a une trame bocag\u00e8re, tr\u00e8s champ\u00eatre, tr\u00e8s v\u00e9g\u00e9tale, dans laquelle perdurent les anciens chemins ruraux, explique Marc Herv\u00e9. Baud-Chardonnet a une identit\u00e9 compl\u00e8tement li\u00e9e au fleuve. La hauteur permet d\u2019embrasser la Vilaine, de Cesson jusqu\u2019au centre-ville. Pour la Courrouze, on a repris l\u2019esprit de la friche avec une mise en valeur du pass\u00e9 militaro-industriel. \u00bb<\/p>\n<p>Quant au c\u00f4t\u00e9 parfois foutraque, il est quasiment revendiqu\u00e9. \u00ab Rennes, historiquement, c\u2019est un ensemble de constructions diff\u00e9rentes avec chacune leur sp\u00e9cificit\u00e9, rappelle un cadre de l\u2019urbanisme. C\u2019est une s\u00e9dimentation d\u2019\u00e9poques diff\u00e9rentes. \u00bb<\/p>\n","protected":false},"excerpt":{"rendered":"Beauregard, Baud-Chardonnet, la Courrouze\u2026 Dans n\u2019importe quelle Zac rennaise, il suffit de se balader quelques secondes pour passer,&hellip;\n","protected":false},"author":2,"featured_media":497260,"comment_status":"","ping_status":"","sticky":false,"template":"","format":"standard","meta":{"footnotes":""},"categories":[1358],"tags":[1348,1384,1385,1386,58,59,1011,27,848,584],"class_list":{"0":"post-497259","1":"post","2":"type-post","3":"status-publish","4":"format-standard","5":"has-post-thumbnail","7":"category-arts-et-design","8":"tag-arts","9":"tag-arts-and-design","10":"tag-arts-et-design","11":"tag-design","12":"tag-divertissement","13":"tag-entertainment","14":"tag-fr","15":"tag-france","16":"tag-ille-et-vilaine","17":"tag-rennes"},"share_on_mastodon":{"url":"https:\/\/pubeurope.com\/@fr\/115456475400228094","error":""},"_links":{"self":[{"href":"https:\/\/www.europesays.com\/fr\/wp-json\/wp\/v2\/posts\/497259","targetHints":{"allow":["GET"]}}],"collection":[{"href":"https:\/\/www.europesays.com\/fr\/wp-json\/wp\/v2\/posts"}],"about":[{"href":"https:\/\/www.europesays.com\/fr\/wp-json\/wp\/v2\/types\/post"}],"author":[{"embeddable":true,"href":"https:\/\/www.europesays.com\/fr\/wp-json\/wp\/v2\/users\/2"}],"replies":[{"embeddable":true,"href":"https:\/\/www.europesays.com\/fr\/wp-json\/wp\/v2\/comments?post=497259"}],"version-history":[{"count":0,"href":"https:\/\/www.europesays.com\/fr\/wp-json\/wp\/v2\/posts\/497259\/revisions"}],"wp:featuredmedia":[{"embeddable":true,"href":"https:\/\/www.europesays.com\/fr\/wp-json\/wp\/v2\/media\/497260"}],"wp:attachment":[{"href":"https:\/\/www.europesays.com\/fr\/wp-json\/wp\/v2\/media?parent=497259"}],"wp:term":[{"taxonomy":"category","embeddable":true,"href":"https:\/\/www.europesays.com\/fr\/wp-json\/wp\/v2\/categories?post=497259"},{"taxonomy":"post_tag","embeddable":true,"href":"https:\/\/www.europesays.com\/fr\/wp-json\/wp\/v2\/tags?post=497259"}],"curies":[{"name":"wp","href":"https:\/\/api.w.org\/{rel}","templated":true}]}}