{"id":49726,"date":"2025-04-24T17:46:09","date_gmt":"2025-04-24T17:46:09","guid":{"rendered":"https:\/\/www.europesays.com\/fr\/49726\/"},"modified":"2025-04-24T17:46:09","modified_gmt":"2025-04-24T17:46:09","slug":"grand-nancy-la-metropole-accorde-un-million-deuros-a-luniversite-de-lorraine","status":"publish","type":"post","link":"https:\/\/www.europesays.com\/fr\/49726\/","title":{"rendered":"Grand Nancy. La M\u00e9tropole accorde un million d\u2019euros \u00e0 l\u2019Universit\u00e9 de Lorraine"},"content":{"rendered":"<p>Christophe Choserot l\u2019assure\u00a0: \u00ab\u00a0L\u2019intelligence artificielle pr\u00e9figure la troisi\u00e8me r\u00e9volution industrielle.\u00a0\u00bb<\/p>\n<p>Ce jeudi, le vice-pr\u00e9sident de la M\u00e9tropole du Grand Nancy, d\u00e9l\u00e9gu\u00e9 \u00e0 l\u2019innovation, l\u2019enseignement sup\u00e9rieur et la recherche, a demand\u00e9 au conseil m\u00e9tropolitain d\u2019approuver l\u2019attribution d\u2019une subvention d\u20191\u00a0million d\u2019euros (M\u20ac) \u00e0 l\u2019Universit\u00e9 de Lorraine, dont 250\u00a0000\u00a0\u20ac en 2025, 250\u00a0000\u00a0\u20ac en 2026, 175\u00a0000\u00a0\u20ac en 2027, 175\u00a0000\u00a0\u20ac en 2028, et 150\u00a0000\u00a0\u20ac en 2029.<\/p>\n<p>La subvention, vot\u00e9e \u00e0 l\u2019unanimit\u00e9, a vocation \u00e0 soutenir le d\u00e9ploiement&#8230;<\/p>\n","protected":false},"excerpt":{"rendered":"Christophe Choserot l\u2019assure\u00a0: \u00ab\u00a0L\u2019intelligence artificielle pr\u00e9figure la troisi\u00e8me r\u00e9volution industrielle.\u00a0\u00bb Ce jeudi, le vice-pr\u00e9sident de la M\u00e9tropole du&hellip;\n","protected":false},"author":2,"featured_media":49727,"comment_status":"","ping_status":"","sticky":false,"template":"","format":"standard","meta":{"footnotes":""},"categories":[9635],"tags":[1111,11,1704,1777,674,1011,27,775,1702,1703,12,316,25],"class_list":{"0":"post-49726","1":"post","2":"type-post","3":"status-publish","4":"format-standard","5":"has-post-thumbnail","7":"category-nancy","8":"tag-actu","9":"tag-actualites","10":"tag-edition-nancy-et-agglomeration","11":"tag-eu","12":"tag-europe","13":"tag-fr","14":"tag-france","15":"tag-grand-est","16":"tag-nancy","17":"tag-nancy-ville-54b","18":"tag-news","19":"tag-politique","20":"tag-republique-francaise"},"share_on_mastodon":{"url":"https:\/\/pubeurope.com\/@fr\/114394194553241939","error":""},"_links":{"self":[{"href":"https:\/\/www.europesays.com\/fr\/wp-json\/wp\/v2\/posts\/49726","targetHints":{"allow":["GET"]}}],"collection":[{"href":"https:\/\/www.europesays.com\/fr\/wp-json\/wp\/v2\/posts"}],"about":[{"href":"https:\/\/www.europesays.com\/fr\/wp-json\/wp\/v2\/types\/post"}],"author":[{"embeddable":true,"href":"https:\/\/www.europesays.com\/fr\/wp-json\/wp\/v2\/users\/2"}],"replies":[{"embeddable":true,"href":"https:\/\/www.europesays.com\/fr\/wp-json\/wp\/v2\/comments?post=49726"}],"version-history":[{"count":0,"href":"https:\/\/www.europesays.com\/fr\/wp-json\/wp\/v2\/posts\/49726\/revisions"}],"wp:featuredmedia":[{"embeddable":true,"href":"https:\/\/www.europesays.com\/fr\/wp-json\/wp\/v2\/media\/49727"}],"wp:attachment":[{"href":"https:\/\/www.europesays.com\/fr\/wp-json\/wp\/v2\/media?parent=49726"}],"wp:term":[{"taxonomy":"category","embeddable":true,"href":"https:\/\/www.europesays.com\/fr\/wp-json\/wp\/v2\/categories?post=49726"},{"taxonomy":"post_tag","embeddable":true,"href":"https:\/\/www.europesays.com\/fr\/wp-json\/wp\/v2\/tags?post=49726"}],"curies":[{"name":"wp","href":"https:\/\/api.w.org\/{rel}","templated":true}]}}