{"id":497267,"date":"2025-10-29T08:23:10","date_gmt":"2025-10-29T08:23:10","guid":{"rendered":"https:\/\/www.europesays.com\/fr\/497267\/"},"modified":"2025-10-29T08:23:10","modified_gmt":"2025-10-29T08:23:10","slug":"voici-pourquoi-les-portes-des-toilettes-publiques-ne-descendent-elles-pas-jusquau-sol","status":"publish","type":"post","link":"https:\/\/www.europesays.com\/fr\/497267\/","title":{"rendered":"Voici pourquoi les portes des toilettes publiques ne descendent-elles pas jusqu&rsquo;au sol"},"content":{"rendered":"<p>\t\t\t\t\t\t\t\tPar <a class=\"author_recette \" id=\"author_name\" href=\"https:\/\/www.peaches.fr\/auteur\/pgraph\" target=\"_blank\" rel=\"noopener\">Paul Graph<\/a>\t\t\t\t\t\t\t<\/p>\n<p>\t\t\t\t\t\t\t\t&#8211; Publi\u00e9 le 29 Oct 2025  \u00e0  01:51\t\t\t\t\t\t\t<\/p>\n<p>\t\t\t\t\t\t\t\t\t\t\t\t\t\t&#8211; Mis \u00e0 jour le  29 octobre 2025 \u00e0 01:51\t\t\t\t\t\t<\/p>\n<p>Pourquoi les portes des toilettes publiques ne descendent-elles pas jusqu&rsquo;au sol ? Entre s\u00e9curit\u00e9, hygi\u00e8ne et co\u00fbts, d\u00e9couvrez les raisons derri\u00e8re ce choix de design.<\/p>\n<p>Dans les a\u00e9roports, au cin\u00e9ma, en gare, on remarque ces cabines dont la porte s\u2019arr\u00eate bien avant le sol. La lumi\u00e8re passe, les pieds aussi, et la sensation d\u2019intimit\u00e9 n\u2019est pas la m\u00eame. D\u00e9tail de design ou malfa\u00e7on ? En r\u00e9alit\u00e9, ce choix se retrouve partout et depuis des ann\u00e9es, au point d\u2019intriguer les usagers.<\/p>\n<p>Dans les faits, ces portes raccourcies r\u00e9pondent \u00e0 un cahier des charges clair : <strong>s\u00e9curit\u00e9<\/strong>, <strong>hygi\u00e8ne<\/strong>, <strong>entretien<\/strong> et <strong>co\u00fbts<\/strong>, avec m\u00eame un effet sur les <strong>files d\u2019attente<\/strong>. Plusieurs \u00e9l\u00e9ments se combinent selon la fr\u00e9quentation et la configuration des lieux. Un argument, souvent oubli\u00e9, fait pencher la balance.<\/p>\n<p> Portes des toilettes publiques : la s\u00e9curit\u00e9 avant tout <\/p>\n<p>La visibilit\u00e9 laiss\u00e9e au ras du sol aide \u00e0 rep\u00e9rer qu\u2019une cabine est occup\u00e9e et dissuade certains usages. \u00ab\u00a0Cette visibilit\u00e9 de l\u2019ext\u00e9rieur permet aussi d\u2019\u00e9viter que les toilettes publiques ne deviennent des lieux o\u00f9 se planquer pour dealer\u00a0\u00bb, confirme Florian Gazan sur RTL. Dans des espaces tr\u00e8s fr\u00e9quent\u00e9s, ce simple vide change la donne pour les gestionnaires comme pour les usagers.<\/p>\n<p>Autre point cl\u00e9, l\u2019assistance en cas de probl\u00e8me. \u00ab\u00a0Cela peut permettre de venir plus facilement en aide \u00e0 une personne qui se serait enferm\u00e9e dans celle-ci par erreur ou qui ne se sentirait pas bien\u00a0\u00bb, explique l\u2019entreprise WC Portables. On voit les pieds, on comprend la situation, on peut agir vite pour d\u00e9verrouiller ou porter secours sans devoir forcer toute la cloison. Ce d\u00e9tail facilite l\u2019intervention et limite les d\u00e9g\u00e2ts mat\u00e9riels.<\/p>\n<p> Hygi\u00e8ne, a\u00e9ration et entretien : ce que change l\u2019espace au sol <\/p>\n<p>C\u00f4t\u00e9 m\u00e9nage, la conception fait gagner du temps chaque jour. Les agents passent balai ou serpilli\u00e8re sans ouvrir la porte, leur tourn\u00e9e reste fluide et les interruptions diminuent. L\u2019ouverture favorise aussi l\u2019<strong>a\u00e9ration<\/strong> des <strong>toilettes publiques<\/strong> et l\u2019\u00e9vacuation des mauvaises odeurs, ce qui rend l\u2019usage plus confortable pour tout le monde. Pour les lieux \u00e0 forte rotation, c\u2019est un vrai plus au quotidien.<\/p>\n<p>Le budget entre en ligne de compte. \u00ab\u00a0Une porte plus courte c\u2019est moins de bois ou d\u2019agglom\u00e9r\u00e9 utilis\u00e9 et donc forc\u00e9ment \u00e7a co\u00fbte moins cher\u00a0\u00bb, explique Florian Gazan. Quand on \u00e9quipe un centre commercial, une salle de spectacle ou un \u00e9tablissement scolaire, la facture baisse, l\u2019installation s\u2019uniformise, l\u2019entretien suit. Un d\u00e9tail de conception peut devenir indispenssable \u00e0 grande \u00e9chelle, en r\u00e9duisant \u00e0 la fois les mat\u00e9riaux et les temps d\u2019intervention.<\/p>\n<p> Files d\u2019attente : cet effet psychologique inattendu ? <\/p>\n<p>Le fait de voir les pieds d\u2019un usager et de ne pas se sentir totalement isol\u00e9 r\u00e9duit le temps pass\u00e9 en cabine. Des \u00e9tudes ont montr\u00e9 que l\u2019on reste moins longtemps lorsque l\u2019on peut \u00eatre aper\u00e7u de l\u2019ext\u00e9rieur, un l\u00e9ger effet de pression sociale qui acc\u00e9l\u00e8re la <strong>rotation<\/strong> dans les lieux bond\u00e9s. R\u00e9sultat, la queue progresse plus vite lors des pics d\u2019affluence.<\/p>\n<p>Ce ressenti se v\u00e9rifie dans l\u2019opinion. Selon une \u00e9tude IFOP de 2021, 61 % des femmes et 47 % des hommes disent avoir d\u00e9j\u00e0 \u00e9t\u00e9 g\u00ean\u00e9s d\u2019utiliser les <strong>WC publics<\/strong>. Ce design a aussi un usage pratique qui d\u00e9panne : en cas d\u2019oubli de papier, l\u2019ouverture en bas permet l\u2019entraide entre cabines sans ouvrir toute la porte. Un choix pens\u00e9 pour le collectif, o\u00f9 <strong>s\u00e9curit\u00e9<\/strong>, <strong>hygi\u00e8ne<\/strong> et <strong>\u00e9conomie<\/strong> s\u2019additionnent au quotidien.<\/p>\n","protected":false},"excerpt":{"rendered":"Par Paul Graph &#8211; Publi\u00e9 le 29 Oct 2025 \u00e0 01:51 &#8211; Mis \u00e0 jour le 29 octobre&hellip;\n","protected":false},"author":2,"featured_media":497268,"comment_status":"","ping_status":"","sticky":false,"template":"","format":"standard","meta":{"footnotes":""},"categories":[10],"tags":[10281,1011,27,72,71],"class_list":{"0":"post-497267","1":"post","2":"type-post","3":"status-publish","4":"format-standard","5":"has-post-thumbnail","7":"category-sante","8":"tag-buzz-nonli","9":"tag-fr","10":"tag-france","11":"tag-health","12":"tag-sante"},"share_on_mastodon":{"url":"https:\/\/pubeurope.com\/@fr\/115456495081499401","error":""},"_links":{"self":[{"href":"https:\/\/www.europesays.com\/fr\/wp-json\/wp\/v2\/posts\/497267","targetHints":{"allow":["GET"]}}],"collection":[{"href":"https:\/\/www.europesays.com\/fr\/wp-json\/wp\/v2\/posts"}],"about":[{"href":"https:\/\/www.europesays.com\/fr\/wp-json\/wp\/v2\/types\/post"}],"author":[{"embeddable":true,"href":"https:\/\/www.europesays.com\/fr\/wp-json\/wp\/v2\/users\/2"}],"replies":[{"embeddable":true,"href":"https:\/\/www.europesays.com\/fr\/wp-json\/wp\/v2\/comments?post=497267"}],"version-history":[{"count":0,"href":"https:\/\/www.europesays.com\/fr\/wp-json\/wp\/v2\/posts\/497267\/revisions"}],"wp:featuredmedia":[{"embeddable":true,"href":"https:\/\/www.europesays.com\/fr\/wp-json\/wp\/v2\/media\/497268"}],"wp:attachment":[{"href":"https:\/\/www.europesays.com\/fr\/wp-json\/wp\/v2\/media?parent=497267"}],"wp:term":[{"taxonomy":"category","embeddable":true,"href":"https:\/\/www.europesays.com\/fr\/wp-json\/wp\/v2\/categories?post=497267"},{"taxonomy":"post_tag","embeddable":true,"href":"https:\/\/www.europesays.com\/fr\/wp-json\/wp\/v2\/tags?post=497267"}],"curies":[{"name":"wp","href":"https:\/\/api.w.org\/{rel}","templated":true}]}}