{"id":497269,"date":"2025-10-29T08:24:10","date_gmt":"2025-10-29T08:24:10","guid":{"rendered":"https:\/\/www.europesays.com\/fr\/497269\/"},"modified":"2025-10-29T08:24:10","modified_gmt":"2025-10-29T08:24:10","slug":"la-reponse-amusante-de-luis-castro-sur-vinicius-jr","status":"publish","type":"post","link":"https:\/\/www.europesays.com\/fr\/497269\/","title":{"rendered":"la r\u00e9ponse amusante de Luis Castro sur Vinicius Jr"},"content":{"rendered":"<p>Depuis le Clasico et son \u00e9change virulent avec Xabi Alonso, Vinicius Junior fait les gros titres en Espagne. Certains m\u00e9dias assurent m\u00eame que la Casa Blanca ferait mieux de vendre le Br\u00e9silien qui semble avoir du mal \u00e0 accepter son changement de statut. Et hier, \u00e0 la veille <a href=\"https:\/\/www.footmercato.net\/france\/ligue-1\/calendrier\/\" rel=\"nofollow noopener\" target=\"_blank\">du match de la 10e journ\u00e9e contre Monaco<\/a>, l\u2019entra\u00eeneur du FC <a href=\"https:\/\/www.footmercato.net\/club\/fc-nantes\/\" rel=\"nofollow noopener\" target=\"_blank\">Nantes<\/a>, Luis Castro, a \u00e9t\u00e9 interrog\u00e9 sur le cas du Br\u00e9silien du <a href=\"https:\/\/www.footmercato.net\/club\/real-madrid\/\" rel=\"nofollow noopener\" target=\"_blank\">Real Madrid<\/a>. L\u2019occasion pour lui de r\u00e9pondre avec un peu de l\u00e9g\u00e8ret\u00e9. <\/p>\n<p>            La suite apr\u00e8s cette publicit\u00e9<\/p>\n<p>\u00abJe vais parler avec le pr\u00e9sident pour voir s\u2019il a l\u2019argent. S\u2019il peut venir, il peut \u00eatre int\u00e9ressant pour le club. Est-ce qu\u2019il sera titulaire ou non, je ne sais pas (rire). (\u2026) Tous les joueurs sont diff\u00e9rents, on a besoin de les comprendre, a ensuite philosoph\u00e9 l\u2019entra\u00eeneur du FC Nantes. C\u2019est tr\u00e8s important dans le football actuel. Il faut accepter les limites ou les difficult\u00e9s de chacun. Apr\u00e8s, si tu en as un qui est compl\u00e8tement con, c\u2019est \u00e0 nous de faire le travail (rire)\u00bb, a-t-il confi\u00e9 en conf\u00e9rence de presse, dans des propos rapport\u00e9s par Ouest France.<\/p>\n<p>\n    Pub. le 29\/10\/2025 07:53<br \/>\n            &#8211; MAJ le 29\/10\/2025 08:53\n    <\/p>\n","protected":false},"excerpt":{"rendered":"Depuis le Clasico et son \u00e9change virulent avec Xabi Alonso, Vinicius Junior fait les gros titres en Espagne.&hellip;\n","protected":false},"author":2,"featured_media":497270,"comment_status":"","ping_status":"","sticky":false,"template":"","format":"standard","meta":{"footnotes":""},"categories":[9],"tags":[1011,27,60],"class_list":{"0":"post-497269","1":"post","2":"type-post","3":"status-publish","4":"format-standard","5":"has-post-thumbnail","7":"category-sports","8":"tag-fr","9":"tag-france","10":"tag-sports"},"share_on_mastodon":{"url":"https:\/\/pubeurope.com\/@fr\/115456499034202603","error":""},"_links":{"self":[{"href":"https:\/\/www.europesays.com\/fr\/wp-json\/wp\/v2\/posts\/497269","targetHints":{"allow":["GET"]}}],"collection":[{"href":"https:\/\/www.europesays.com\/fr\/wp-json\/wp\/v2\/posts"}],"about":[{"href":"https:\/\/www.europesays.com\/fr\/wp-json\/wp\/v2\/types\/post"}],"author":[{"embeddable":true,"href":"https:\/\/www.europesays.com\/fr\/wp-json\/wp\/v2\/users\/2"}],"replies":[{"embeddable":true,"href":"https:\/\/www.europesays.com\/fr\/wp-json\/wp\/v2\/comments?post=497269"}],"version-history":[{"count":0,"href":"https:\/\/www.europesays.com\/fr\/wp-json\/wp\/v2\/posts\/497269\/revisions"}],"wp:featuredmedia":[{"embeddable":true,"href":"https:\/\/www.europesays.com\/fr\/wp-json\/wp\/v2\/media\/497270"}],"wp:attachment":[{"href":"https:\/\/www.europesays.com\/fr\/wp-json\/wp\/v2\/media?parent=497269"}],"wp:term":[{"taxonomy":"category","embeddable":true,"href":"https:\/\/www.europesays.com\/fr\/wp-json\/wp\/v2\/categories?post=497269"},{"taxonomy":"post_tag","embeddable":true,"href":"https:\/\/www.europesays.com\/fr\/wp-json\/wp\/v2\/tags?post=497269"}],"curies":[{"name":"wp","href":"https:\/\/api.w.org\/{rel}","templated":true}]}}