{"id":497273,"date":"2025-10-29T08:26:11","date_gmt":"2025-10-29T08:26:11","guid":{"rendered":"https:\/\/www.europesays.com\/fr\/497273\/"},"modified":"2025-10-29T08:26:11","modified_gmt":"2025-10-29T08:26:11","slug":"cette-option-cachee-de-windows-est-bien-meilleure","status":"publish","type":"post","link":"https:\/\/www.europesays.com\/fr\/497273\/","title":{"rendered":"cette option cach\u00e9e de Windows est bien meilleure"},"content":{"rendered":"<p class=\"app_entry_lead\">Le mode de veille par d\u00e9faut de Windows n&rsquo;est ni le plus efficace, ni le plus s\u00fbr. Une option un peu cach\u00e9e dans les param\u00e8tres permet toutefois d&rsquo;activer une veille \u00e0 la fois plus \u00e9conome et plus s\u00e9curis\u00e9e.<\/p>\n<p>Nous \u00e9teignons de moins en moins nos appareils num\u00e9riques. C&rsquo;est \u00e9videmment vrai pour les smartphones, mais \u00e9galement pour les ordinateurs, qu&rsquo;ils soient portables ou fixes. Il faut dire que la mise en veille plut\u00f4t que l&rsquo;extinction pr\u00e9sente au moins deux avantages : l&rsquo;ordinateur red\u00e9marre beaucoup plus vite et l&rsquo;on peut reprendre son activit\u00e9 exactement l\u00e0 o\u00f9 on l&rsquo;avait laiss\u00e9e.<\/p>\n<p>Lorsqu&rsquo;on ferme le capot de son portable o\u00f9 qu&rsquo;on appuie rapidement sur le bouton Power de son PC de bureau, l&rsquo;ordinateur se met d&rsquo;ailleurs en veille plut\u00f4t que de s&rsquo;\u00e9teindre. Un comportement par d\u00e9faut tr\u00e8s pratique, mais pas le plus efficace ni le plus s\u00e9curis\u00e9. Car la veille \u00ab\u00a0classique\u00a0\u00bb de Windows conserve l&rsquo;\u00e9tat complet du PC (notamment toutes les applications ouvertes avec leurs donn\u00e9es en cours d&rsquo;utilisation) dans la m\u00e9moire vive (la Ram), ce qui pr\u00e9sente des risques et des inconv\u00e9nients.<\/p>\n<p>Contrairement aux syst\u00e8mes de stockage \u00e0 long terme, comme les disques durs, les cl\u00e9s USB ou les SSD, la m\u00e9moire vive est volatile, ce qui signifie qu&rsquo;elle perd toutes les donn\u00e9es qu&rsquo;elle contient d\u00e8s qu&rsquo;elle n&rsquo;est plus aliment\u00e9e en \u00e9lectricit\u00e9. De fait, quand Windows passe en veille, le PC doit continuer \u00e0 alimenter la m\u00e9moire pour qu&rsquo;elle conserve son pr\u00e9cieux contenu. Cette alimentation consomme de l&rsquo;\u00e9nergie, ce qui \u00e9puise lentement la batterie dans le cas d&rsquo;un ordinateur portable. Et quand elle est vide, ou s&rsquo;il y a une coupure de courant dans le cas d&rsquo;un PC fixe, tout est perdu !<\/p>\n<p><a class=\"fancy\" href=\"https:\/\/img-19.commentcamarche.net\/N41E_ci1bUbAFRbv78RpxGSqcvU=\/1080x\/smart\/b406777f2c9b4f98aeb3619ddc4e400c\/ccmcms-commentcamarche\/39496101.png\" rel=\"nofollow noopener\" target=\"_blank\"><img decoding=\"async\" alt=\"\" src=\"https:\/\/www.europesays.com\/fr\/wp-content\/uploads\/2025\/10\/39502459.png\"\/><\/a><\/p>\n<p>L&rsquo;option Veille prolong\u00e9e doit \u00eatre activ\u00e9e depuis le Panneau de configuration \u00a9\u00a0CCM<\/p>\n<p>Windows dispose cependant d&rsquo;un mode de veille plus \u00e9conome et plus fiable : la veille prolong\u00e9e. Celle-ci cr\u00e9\u00e9 une copie compl\u00e8te de l&rsquo;\u00e9tat de l&rsquo;ordinateur sur son dispositif de stockage \u00e0 long terme (disque dur ou\u00a0SSD) et la recharge lors du red\u00e9marrage. Toutes les applications et les t\u00e2ches en cours sont donc restaur\u00e9es, exactement comme avec la veille classique, mais en plus ce mode ne consomme\u00a0plus aucune \u00e9nergie et les donn\u00e9es ne sont pas perdues en cas de coupure de l&rsquo;alimentation.\u00a0<\/p>\n<p>Malheureusement, la veille prolong\u00e9e est masqu\u00e9e par d\u00e9faut sur Windows 10 et 11. Pour l&rsquo;activer, rendez-vous dans le <strong>Panneau de configuration<\/strong>, choisissez l&rsquo;option <strong>Afficher par Grandes ic\u00f4nes<\/strong>, puis cliquez sur la section <strong>Options d&rsquo;alimentation <\/strong>et ensuite sur <strong>Choisir l&rsquo;action des boutons d&rsquo;alimentation<\/strong> dans le menu \u00e0 gauche. Dans la fen\u00eatre, cliquez alors sur <strong>Modifiez les param\u00e8tres actuellement non disponibles<\/strong>, puis cochez la case <strong>Veille prolong\u00e9e<\/strong> et cliquez enfin sur le bouton <strong>Enregistrer les modifications.<\/strong><\/p>\n<p>D\u00e9sormais, vous aurez alors acc\u00e8s \u00e0 une nouvelle option intitul\u00e9e <strong>Veille prolong\u00e9e<\/strong> lorsque vous cliquez sur le bouton Power dans le menu <strong>D\u00e9marrer<\/strong>, ou lorsque vous utilisez le raccourci-clavier <strong>Alt+F4<\/strong> sur le bureau. La sortie de veille prolong\u00e9e est un peu plus longue que celle de la veille classique, mais plus rapide que le d\u00e9marrage complet de l&rsquo;ordinateur. Et sur les PC dot\u00e9s d&rsquo;un syst\u00e8me de stockage SSD, la diff\u00e9rence est totalement n\u00e9gligeable. La diff\u00e9rence se fait davantage sentir sur les PC dot\u00e9s d&rsquo;un disque dur m\u00e9canique (HDD) mais ces appareils sont de plus en plus rares.<\/p>\n<p>Toutefois, malgr\u00e9 la commodit\u00e9 des diff\u00e9rents modes de veille, n&rsquo;oubliez pas qu&rsquo;il est bon d&rsquo;\u00e9teindre et de red\u00e9marrer r\u00e9guli\u00e8rement son ordinateur, par exemple une fois par semaine. Cela permet de finaliser l&rsquo;installation de certaines mises \u00e0 jours, de r\u00e9initialiser des processus et des services d&rsquo;arri\u00e8re-plan et de vider certains caches de donn\u00e9es, ce qui est n\u00e9cessaire pour maintenir un ordinateur dans un \u00e9tat de fonctionnement optimal.<\/p>\n","protected":false},"excerpt":{"rendered":"Le mode de veille par d\u00e9faut de Windows n&rsquo;est ni le plus efficace, ni le plus s\u00fbr. Une&hellip;\n","protected":false},"author":2,"featured_media":497274,"comment_status":"","ping_status":"","sticky":false,"template":"","format":"standard","meta":{"footnotes":""},"categories":[7],"tags":[61966,51761,51763,1011,27,56888,51767,43,40,41,39,42,44,32088],"class_list":{"0":"post-497273","1":"post","2":"type-post","3":"status-publish","4":"format-standard","5":"has-post-thumbnail","7":"category-sciences-et-technologies","8":"tag-cms-commentcamarche-32583","9":"tag-controller-content","10":"tag-format-papier","11":"tag-fr","12":"tag-france","13":"tag-les-histoires-de-ccm","14":"tag-parallaxeinfeed","15":"tag-science","16":"tag-science-and-technology","17":"tag-sciences","18":"tag-sciences-et-technologies","19":"tag-technologies","20":"tag-technology","21":"tag-windows"},"share_on_mastodon":{"url":"https:\/\/pubeurope.com\/@fr\/115456507367514023","error":""},"_links":{"self":[{"href":"https:\/\/www.europesays.com\/fr\/wp-json\/wp\/v2\/posts\/497273","targetHints":{"allow":["GET"]}}],"collection":[{"href":"https:\/\/www.europesays.com\/fr\/wp-json\/wp\/v2\/posts"}],"about":[{"href":"https:\/\/www.europesays.com\/fr\/wp-json\/wp\/v2\/types\/post"}],"author":[{"embeddable":true,"href":"https:\/\/www.europesays.com\/fr\/wp-json\/wp\/v2\/users\/2"}],"replies":[{"embeddable":true,"href":"https:\/\/www.europesays.com\/fr\/wp-json\/wp\/v2\/comments?post=497273"}],"version-history":[{"count":0,"href":"https:\/\/www.europesays.com\/fr\/wp-json\/wp\/v2\/posts\/497273\/revisions"}],"wp:featuredmedia":[{"embeddable":true,"href":"https:\/\/www.europesays.com\/fr\/wp-json\/wp\/v2\/media\/497274"}],"wp:attachment":[{"href":"https:\/\/www.europesays.com\/fr\/wp-json\/wp\/v2\/media?parent=497273"}],"wp:term":[{"taxonomy":"category","embeddable":true,"href":"https:\/\/www.europesays.com\/fr\/wp-json\/wp\/v2\/categories?post=497273"},{"taxonomy":"post_tag","embeddable":true,"href":"https:\/\/www.europesays.com\/fr\/wp-json\/wp\/v2\/tags?post=497273"}],"curies":[{"name":"wp","href":"https:\/\/api.w.org\/{rel}","templated":true}]}}