{"id":49728,"date":"2025-04-24T17:47:16","date_gmt":"2025-04-24T17:47:16","guid":{"rendered":"https:\/\/www.europesays.com\/fr\/49728\/"},"modified":"2025-04-24T17:47:16","modified_gmt":"2025-04-24T17:47:16","slug":"national-apres-les-incidents-a-nancy-le-fc-sochaux-a-ecope-dun-match-a-huis-clos-mais-quand","status":"publish","type":"post","link":"https:\/\/www.europesays.com\/fr\/49728\/","title":{"rendered":"National. Apr\u00e8s les incidents \u00e0 Nancy, le FC Sochaux a \u00e9cop\u00e9 d\u2019un match \u00e0 huis clos, mais quand\u00a0?"},"content":{"rendered":"<p>Auditionn\u00e9s ce jeudi matin par la commission de discipline de la F\u00e9d\u00e9ration fran\u00e7aise de football, les dirigeants sochaliens ont livr\u00e9 leur version des <a href=\"https:\/\/www.estrepublicain.fr\/sport\/2025\/02\/15\/cette-fois-le-fc-sochaux-a-touche-le-fond-a-nancy-recit-d-une-soiree-noire\" target=\"_blank\" rel=\"noopener\">d\u00e9bordements survenus en tribunes lors du match entre Nancy et le FCSM<\/a> , en f\u00e9vrier dernier. Ils ont \u00e0 nouveau condamn\u00e9 les faits et mis en avant ce qu\u2019ils consid\u00e8rent comme des d\u00e9faillances de s\u00e9curit\u00e9 au stade Marcel-Picot.<\/p>\n<p>\u00c0 l\u2019issue de cette audition, la commission f\u00e9d\u00e9rale a tout de m\u00eame d\u00e9cid\u00e9 de sanctionner Sochaux d\u2019un match \u00e0 huis clos ferme, sans rapport avec <a href=\"https:\/\/www.estrepublicain.fr\/sport\/2025\/02\/05\/fc-sochaux-le-huis-clos-a-bonal-requalifie-en-sursis-par-la-fff\" target=\"_blank\" rel=\"noopener\">le sursis prononc\u00e9 plus t\u00f4t cette saison<\/a>. Selon nos informations, l\u2019ASNL a aussi \u00e9t\u00e9 condamn\u00e9e \u00e0 un match \u00e0 huis clos ferme (par r\u00e9vocation d\u2019un sursis).<\/p>\n<p>  Dernier match en public contre Dijon\u00a0?<\/p>\n<p>Reste \u00e0 savoir quand cette sanction sera appliqu\u00e9e \u00e0 Bonal. Pas forc\u00e9ment d\u00e8s la prochaine rencontre \u00e0 domicile, dans deux semaines contre Bourg-en-Bresse. Car les dirigeants sochaliens attendent d\u00e9sormais de recevoir la notification officielle, qui motive la d\u00e9cision prise ce jeudi, jug\u00e9e \u00ab\u00a0disproportionn\u00e9e\u00a0\u00bb en interne. Cette notification doit arriver dans les prochains jours, mais les d\u00e9lais sont parfois longs, comme cela avait \u00e9t\u00e9 le cas en d\u00e9cembre apr\u00e8s le match \u00e0 Dijon.<\/p>\n<p>De plus, s\u2019il le souhaite, le FCSM a encore la possibilit\u00e9 de faire appel. L\u2019affaire n\u2019est donc pas encore close et personne n\u2019est en mesure d\u2019affirmer que la venue de Dijon, ce vendredi soir (19\u00a0h\u00a030), sera la derni\u00e8re en public \u00e0 Bonal cette saison\u2026<\/p>\n","protected":false},"excerpt":{"rendered":"Auditionn\u00e9s ce jeudi matin par la commission de discipline de la F\u00e9d\u00e9ration fran\u00e7aise de football, les dirigeants sochaliens&hellip;\n","protected":false},"author":2,"featured_media":49729,"comment_status":"","ping_status":"","sticky":false,"template":"","format":"standard","meta":{"footnotes":""},"categories":[9635],"tags":[1111,11,14188,10332,1777,674,14186,63,1011,27,775,1792,1702,12,25,14187,517,14185],"class_list":{"0":"post-49728","1":"post","2":"type-post","3":"status-publish","4":"format-standard","5":"has-post-thumbnail","7":"category-nancy","8":"tag-actu","9":"tag-actualites","10":"tag-ca-pays-de-montbeliard-agglomeration-25b1","11":"tag-edition-belfort-hericourt-montbeliard","12":"tag-eu","13":"tag-europe","14":"tag-fc-sochaux-montbeliard","15":"tag-football","16":"tag-fr","17":"tag-france","18":"tag-grand-est","19":"tag-handball","20":"tag-nancy","21":"tag-news","22":"tag-republique-francaise","23":"tag-sochaux","24":"tag-sport","25":"tag-sport-franc-comtois"},"share_on_mastodon":{"url":"https:\/\/pubeurope.com\/@fr\/114394198406063099","error":""},"_links":{"self":[{"href":"https:\/\/www.europesays.com\/fr\/wp-json\/wp\/v2\/posts\/49728","targetHints":{"allow":["GET"]}}],"collection":[{"href":"https:\/\/www.europesays.com\/fr\/wp-json\/wp\/v2\/posts"}],"about":[{"href":"https:\/\/www.europesays.com\/fr\/wp-json\/wp\/v2\/types\/post"}],"author":[{"embeddable":true,"href":"https:\/\/www.europesays.com\/fr\/wp-json\/wp\/v2\/users\/2"}],"replies":[{"embeddable":true,"href":"https:\/\/www.europesays.com\/fr\/wp-json\/wp\/v2\/comments?post=49728"}],"version-history":[{"count":0,"href":"https:\/\/www.europesays.com\/fr\/wp-json\/wp\/v2\/posts\/49728\/revisions"}],"wp:featuredmedia":[{"embeddable":true,"href":"https:\/\/www.europesays.com\/fr\/wp-json\/wp\/v2\/media\/49729"}],"wp:attachment":[{"href":"https:\/\/www.europesays.com\/fr\/wp-json\/wp\/v2\/media?parent=49728"}],"wp:term":[{"taxonomy":"category","embeddable":true,"href":"https:\/\/www.europesays.com\/fr\/wp-json\/wp\/v2\/categories?post=49728"},{"taxonomy":"post_tag","embeddable":true,"href":"https:\/\/www.europesays.com\/fr\/wp-json\/wp\/v2\/tags?post=49728"}],"curies":[{"name":"wp","href":"https:\/\/api.w.org\/{rel}","templated":true}]}}