{"id":497285,"date":"2025-10-29T08:33:12","date_gmt":"2025-10-29T08:33:12","guid":{"rendered":"https:\/\/www.europesays.com\/fr\/497285\/"},"modified":"2025-10-29T08:33:12","modified_gmt":"2025-10-29T08:33:12","slug":"affluences-et-taux-doccupation-de-la-12e-journee-de-ligue","status":"publish","type":"post","link":"https:\/\/www.europesays.com\/fr\/497285\/","title":{"rendered":"Affluences et taux d&rsquo;occupation de la 12e journ\u00e9e de Ligue"},"content":{"rendered":"<p><img fetchpriority=\"high\" decoding=\"async\" width=\"600\" height=\"400\" src=\"https:\/\/www.europesays.com\/fr\/wp-content\/uploads\/2025\/10\/Supporters-ultras-ASSE-football.jpg\" alt=\"Affluences et taux d'occupation de la 12e journ\u00e9e de Ligue \" class=\"wp-image-226590\"  \/>Les supporters st\u00e9phanois pr\u00e9sents \u00e0 Geoffroy-Guichard en ont eu pour leur argent avec la large victoire des Verts de Saint-Etienne sur Pau.<\/p>\n<p>C\u2019est un record pour la saison qui en appellera d\u2019autres, maintenant que le stade Marcel-Picot, de l\u2019<a href=\"https:\/\/sportune.20minutes.fr\/as-nancy-lorraine-asnl\" rel=\"nofollow noopener\" target=\"_blank\">AS Nancy Lorraine<\/a> renoue avec son public, apr\u00e8s quatre premiers matchs disput\u00e9s \u00e0 huis clos. Hier mardi, alors que la <a href=\"https:\/\/sportune.20minutes.fr\/ligue-2-l2\" rel=\"nofollow noopener\" target=\"_blank\">Ligue 2<\/a> se jouait exceptionnellement en milieu de semaine, la 12e journ\u00e9e a enregistr\u00e9 la plus grosse affluence cumul\u00e9e sur les neuf matchs disput\u00e9s.<\/p>\n<p>Plus de 90 000 spectateurs cumul\u00e9s ce mardi<\/p>\n<p>Un total de 91 291, qui d\u00e9passe les 86 352 de la 10e journ\u00e9e, pour une moyenne pour la premi\u00e8re fois sup\u00e9rieure \u00e0 10 000 par rencontre (10 143 exactement). Ce r\u00e9sultat est donc port\u00e9 par le public du match entre l\u2019<a href=\"https:\/\/sportune.20minutes.fr\/as-nancy-lorraine-asnl\" rel=\"nofollow noopener\" target=\"_blank\">AS Nancy Lorraine<\/a> et le <a href=\"https:\/\/sportune.20minutes.fr\/sc-bastia\" rel=\"nofollow noopener\" target=\"_blank\">SC Bastia<\/a>, mais d\u2019abord et comme toujours cette saison, par la performance de Geoffroy-Guichard ; autant celle des supporters qui l\u2019ont rempli \u00e0 quasiment le plein et \u00e0 plus de 35 000, que les joueurs d\u2019Eirik Horneland, auteurs d\u2019une v\u00e9ritable le\u00e7on de football administr\u00e9e au <a href=\"https:\/\/sportune.20minutes.fr\/pau-fc\" rel=\"nofollow noopener\" target=\"_blank\">Pau FC<\/a> (6-0).<\/p>\n<p>L\u2019affluence moyenne de la saison remonte<\/p>\n<p>Ces affluences en hausse \u00e9l\u00e8vent la moyenne de la saison en cours, \u00e0 7 877 spectateurs par match, qui n\u2019en reste pas moins inf\u00e9rieure \u00e0 ce qu\u2019elle \u00e9tait au lancement de la saison 2025-2026, \u00e0 plus de 8 000, apr\u00e8s la deuxi\u00e8me journ\u00e9e. Depuis le coup d\u2019envoi, 833 542 supporters ont pouss\u00e9 les portes des stades de la <a href=\"https:\/\/sportune.20minutes.fr\/ligue-2-l2\" rel=\"nofollow noopener\" target=\"_blank\">Ligue 2<\/a>. Rappelons qu\u2019un match est en suspens : <a href=\"https:\/\/sportune.20minutes.fr\/sc-bastia\" rel=\"nofollow noopener\" target=\"_blank\">SC Bastia<\/a> \u2013 <a href=\"https:\/\/sportune.20minutes.fr\/stade-lavallois\" rel=\"nofollow noopener\" target=\"_blank\">Stade Lavallois<\/a>, sur lequel la LFP doit encore statuer.<\/p>\n<p>Affluences et taux d\u2019occupation de la 12e journ\u00e9e de Ligue 2<\/p>\n<p>Saint-\u00c9tienne \u2013 Pau = 35 359 (94,7%)<br \/>Nancy \u2013 Bastia = 14 091 (70,6%)<br \/>Laval \u2013 Le Mans = 9 412 (99,1%)<br \/>Troyes \u2013 Amiens = 6 878 (38,4%)<br \/>Clermont \u2013 Montpellier = 6 579 (61,4%)<br \/>Rodez \u2013 Annecy = 6 325 (93,6%)<br \/>Boulogne-sur-Mer \u2013 Reims = 5 000 (32,9%)<br \/>Dunkerque \u2013 Red Star = 4 008 (86,6%)<br \/>Grenoble \u2013 Guingamp = 3 639 (22,7%)<\/p>\n","protected":false},"excerpt":{"rendered":"Les supporters st\u00e9phanois pr\u00e9sents \u00e0 Geoffroy-Guichard en ont eu pour leur argent avec la large victoire des Verts&hellip;\n","protected":false},"author":2,"featured_media":497286,"comment_status":"","ping_status":"","sticky":false,"template":"","format":"standard","meta":{"footnotes":""},"categories":[9653],"tags":[1111,11,40798,3703,461,2430,33977,19062,40799,1777,674,20116,1011,27,21780,40797,446,463,12,40800,5416,25,40801,4001,5628,464,40802,45541,40803],"class_list":{"0":"post-497285","1":"post","2":"type-post","3":"status-publish","4":"format-standard","5":"has-post-thumbnail","7":"category-saint-etienne","8":"tag-actu","9":"tag-actualites","10":"tag-amiens-sc","11":"tag-asnl","12":"tag-asse","13":"tag-auvergne-rhone-alpes","14":"tag-clermont-foot","15":"tag-ea-guingamp","16":"tag-estac","17":"tag-eu","18":"tag-europe","19":"tag-fc-annecy","20":"tag-fr","21":"tag-france","22":"tag-gf38","23":"tag-le-mans-fc","24":"tag-ligue-2","25":"tag-mhsc","26":"tag-news","27":"tag-pau-fc","28":"tag-red-star","29":"tag-republique-francaise","30":"tag-rodez-af","31":"tag-saint-etienne","32":"tag-sc-bastia","33":"tag-stade-de-reims","34":"tag-stade-lavallois","35":"tag-us-boulogne","36":"tag-usl-dunkerque"},"share_on_mastodon":{"url":"https:\/\/pubeurope.com\/@fr\/115456534843406228","error":""},"_links":{"self":[{"href":"https:\/\/www.europesays.com\/fr\/wp-json\/wp\/v2\/posts\/497285","targetHints":{"allow":["GET"]}}],"collection":[{"href":"https:\/\/www.europesays.com\/fr\/wp-json\/wp\/v2\/posts"}],"about":[{"href":"https:\/\/www.europesays.com\/fr\/wp-json\/wp\/v2\/types\/post"}],"author":[{"embeddable":true,"href":"https:\/\/www.europesays.com\/fr\/wp-json\/wp\/v2\/users\/2"}],"replies":[{"embeddable":true,"href":"https:\/\/www.europesays.com\/fr\/wp-json\/wp\/v2\/comments?post=497285"}],"version-history":[{"count":0,"href":"https:\/\/www.europesays.com\/fr\/wp-json\/wp\/v2\/posts\/497285\/revisions"}],"wp:featuredmedia":[{"embeddable":true,"href":"https:\/\/www.europesays.com\/fr\/wp-json\/wp\/v2\/media\/497286"}],"wp:attachment":[{"href":"https:\/\/www.europesays.com\/fr\/wp-json\/wp\/v2\/media?parent=497285"}],"wp:term":[{"taxonomy":"category","embeddable":true,"href":"https:\/\/www.europesays.com\/fr\/wp-json\/wp\/v2\/categories?post=497285"},{"taxonomy":"post_tag","embeddable":true,"href":"https:\/\/www.europesays.com\/fr\/wp-json\/wp\/v2\/tags?post=497285"}],"curies":[{"name":"wp","href":"https:\/\/api.w.org\/{rel}","templated":true}]}}