{"id":497291,"date":"2025-10-29T08:37:28","date_gmt":"2025-10-29T08:37:28","guid":{"rendered":"https:\/\/www.europesays.com\/fr\/497291\/"},"modified":"2025-10-29T08:37:28","modified_gmt":"2025-10-29T08:37:28","slug":"jaminet-toujours-ecarte-des-bleus-malgre-sa-bonne-forme-florian-grill-tranche","status":"publish","type":"post","link":"https:\/\/www.europesays.com\/fr\/497291\/","title":{"rendered":"Jaminet toujours \u00e9cart\u00e9 des Bleus malgr\u00e9 sa bonne forme, Florian Grill tranche"},"content":{"rendered":"<p>Depuis son retour \u00e0 la comp\u00e9tition en f\u00e9vrier dernier, Melvyn Jaminet encha\u00eene les prestations solides sous les couleurs du RCT. L\u2019arri\u00e8re de 26 ans a disput\u00e9 cinq rencontres de Top 14 cette saison, dont quatre en tant que titulaire. Il s\u2019est notamment illustr\u00e9 face au Racing 92 en inscrivant un essai. Une belle fa\u00e7on de confirmer sa mont\u00e9e en puissance apr\u00e8s un passage difficile \u00e0 Toulouse.<\/p>\n<p>\u00a0<\/p>\n<p>Malgr\u00e9 ce regain de forme, l\u2019horizon international reste bouch\u00e9. En cause, la suspension de huit mois inflig\u00e9e \u00e0 Jaminet apr\u00e8s la diffusion d\u2019une vid\u00e9o \u00e0 caract\u00e8re raciste lors de la tourn\u00e9e estivale en Argentine. Une affaire qui avait provoqu\u00e9 une onde de choc bien au-del\u00e0 du terrain. Le joueur avait purg\u00e9 sa sanction sans faire appel et accompli les travaux d\u2019int\u00e9r\u00eat g\u00e9n\u00e9ral impos\u00e9s. Son retour en s\u00e9lection tarde depuis lors, o\u00f9 il compte plusieurs concurrents tels que Thomas Ramos, L\u00e9o Barr\u00e9 ou encore Cheikh Tiberghien.<\/p>\n<p>\u00a0<\/p>\n<p>C\u2019est compliqu\u00e9 de le s\u00e9lectionner selon la FFR<\/p>\n<p>Interrog\u00e9 par Le Figaro, le pr\u00e9sident de la FFR a salu\u00e9 l\u2019attitude du joueur depuis sa sanction. Mais il a aussi rappel\u00e9 les limites du pardon institutionnel, \u00e9voquant par la m\u00eame occasion un possible retour de Melvyn Jaminet en \u00e9quipe nationale. Florian Grill a sorti une d\u00e9claration qui semble plut\u00f4t fermer la porte d\u2019un retour chez les Bleus.<\/p>\n<p>\u00a0<\/p>\n<blockquote>\n<p>\u00ab J\u2019appr\u00e9cie qu\u2019il n\u2019ait pas fait appel de sa suspension, j\u2019appr\u00e9cie qu\u2019il ait accompli ses travaux d\u2019int\u00e9r\u00eat g\u00e9n\u00e9ral. Il a un chemin int\u00e9ressant, respectable. Il joue bien. Mais \u00e7a n\u2019enl\u00e8ve pas que, vis-\u00e0-vis des salari\u00e9s, des partenaires, c\u2019est compliqu\u00e9 de le s\u00e9lectionner \u00bb, a d\u00e9clar\u00e9 Florian Grill au sujet de la situation de Melvyn Jaminet avec le XV de France.<\/p>\n<\/blockquote>\n<p>Partagez cette info avec vos amis et vos proches en cliquant ici<br \/>Pour r\u00e9sumer<\/p>\n<p>Malgr\u00e9 un bon d\u00e9but de saison avec Toulon, Melvyn Jaminet ne r\u00e9int\u00e9grera pas les Bleus. Florian Grill juge sa s\u00e9lection \u00ab\u00a0compliqu\u00e9e\u00a0\u00bb apr\u00e8s sa suspension pour une vid\u00e9o raciste. Dans le m\u00eame temps, la concurrence \u00e0 l\u2019arri\u00e8re reste f\u00e9roce.<\/p>\n<p> <img decoding=\"async\" width=\"76\" height=\"76\" loading=\"lazy\" src=\"https:\/\/www.europesays.com\/fr\/wp-content\/uploads\/2025\/04\/avatar-quinze.png\" alt=\"Voldi Fr\u00e9jus\u00a0Hounvio\"\/><\/p>\n","protected":false},"excerpt":{"rendered":"Depuis son retour \u00e0 la comp\u00e9tition en f\u00e9vrier dernier, Melvyn Jaminet encha\u00eene les prestations solides sous les couleurs&hellip;\n","protected":false},"author":2,"featured_media":497292,"comment_status":"","ping_status":"","sticky":false,"template":"","format":"standard","meta":{"footnotes":""},"categories":[9619],"tags":[1111,11,1777,674,1011,27,12,882,25,2310,513],"class_list":{"0":"post-497291","1":"post","2":"type-post","3":"status-publish","4":"format-standard","5":"has-post-thumbnail","7":"category-toulon","8":"tag-actu","9":"tag-actualites","10":"tag-eu","11":"tag-europe","12":"tag-fr","13":"tag-france","14":"tag-news","15":"tag-provence-alpes-cote-dazur","16":"tag-republique-francaise","17":"tag-toulon","18":"tag-xv-de-france"},"share_on_mastodon":{"url":"https:\/\/pubeurope.com\/@fr\/115456550623317920","error":""},"_links":{"self":[{"href":"https:\/\/www.europesays.com\/fr\/wp-json\/wp\/v2\/posts\/497291","targetHints":{"allow":["GET"]}}],"collection":[{"href":"https:\/\/www.europesays.com\/fr\/wp-json\/wp\/v2\/posts"}],"about":[{"href":"https:\/\/www.europesays.com\/fr\/wp-json\/wp\/v2\/types\/post"}],"author":[{"embeddable":true,"href":"https:\/\/www.europesays.com\/fr\/wp-json\/wp\/v2\/users\/2"}],"replies":[{"embeddable":true,"href":"https:\/\/www.europesays.com\/fr\/wp-json\/wp\/v2\/comments?post=497291"}],"version-history":[{"count":0,"href":"https:\/\/www.europesays.com\/fr\/wp-json\/wp\/v2\/posts\/497291\/revisions"}],"wp:featuredmedia":[{"embeddable":true,"href":"https:\/\/www.europesays.com\/fr\/wp-json\/wp\/v2\/media\/497292"}],"wp:attachment":[{"href":"https:\/\/www.europesays.com\/fr\/wp-json\/wp\/v2\/media?parent=497291"}],"wp:term":[{"taxonomy":"category","embeddable":true,"href":"https:\/\/www.europesays.com\/fr\/wp-json\/wp\/v2\/categories?post=497291"},{"taxonomy":"post_tag","embeddable":true,"href":"https:\/\/www.europesays.com\/fr\/wp-json\/wp\/v2\/tags?post=497291"}],"curies":[{"name":"wp","href":"https:\/\/api.w.org\/{rel}","templated":true}]}}