{"id":49730,"date":"2025-04-24T17:48:09","date_gmt":"2025-04-24T17:48:09","guid":{"rendered":"https:\/\/www.europesays.com\/fr\/49730\/"},"modified":"2025-04-24T17:48:09","modified_gmt":"2025-04-24T17:48:09","slug":"un-accident-signale-dans-le-tunnel-de-toulon-la-circulation-tres-perturbee-ce-jeudi-soir","status":"publish","type":"post","link":"https:\/\/www.europesays.com\/fr\/49730\/","title":{"rendered":"Un accident signal\u00e9 dans le tunnel de Toulon: la circulation tr\u00e8s perturb\u00e9e ce jeudi soir"},"content":{"rendered":"<p>Le carambolage s\u2019est produit aux alentours de 18h ce jeudi dans le tunnel de Toulon (sens Marseille-Nice). Trois voitures se sont rentr\u00e9es dedans d\u2019apr\u00e8s les informations transmises par le Service d\u00e9partemental d\u2019incendie et de secours (SDIS).<\/p>\n<p>Quatre personnes ont \u00e9t\u00e9 secourues par les sapeurs-pompiers du Var qui ont recens\u00e9 un bless\u00e9 parmi elles. Une ambulance a \u00e9t\u00e9 d\u00e9p\u00each\u00e9e sur place.<\/p>\n<p>L\u2019accident n\u2019est pas sans cons\u00e9quence sur les conditions de circulation. Elles s\u2019en trouvent m\u00eame tr\u00e8s perturb\u00e9es. D\u2019apr\u00e8s Vinci-Autoroutes, le temps de parcours se trouve rallong\u00e9 de 35 minutes. Il va donc falloir s\u2019armer de patience pour atteindre la capitale du Var si vous venez de l\u2019ouest du d\u00e9partement.<\/p>\n","protected":false},"excerpt":{"rendered":"Le carambolage s\u2019est produit aux alentours de 18h ce jeudi dans le tunnel de Toulon (sens Marseille-Nice). Trois&hellip;\n","protected":false},"author":2,"featured_media":49731,"comment_status":"","ping_status":"","sticky":false,"template":"","format":"standard","meta":{"footnotes":""},"categories":[9619],"tags":[1111,11,1777,674,118,1011,27,803,12,882,25,2310],"class_list":{"0":"post-49730","1":"post","2":"type-post","3":"status-publish","4":"format-standard","5":"has-post-thumbnail","7":"category-toulon","8":"tag-actu","9":"tag-actualites","10":"tag-eu","11":"tag-europe","12":"tag-faits-divers","13":"tag-fr","14":"tag-france","15":"tag-info-trafic","16":"tag-news","17":"tag-provence-alpes-cote-dazur","18":"tag-republique-francaise","19":"tag-toulon"},"share_on_mastodon":{"url":"https:\/\/pubeurope.com\/@fr\/114394202498097454","error":""},"_links":{"self":[{"href":"https:\/\/www.europesays.com\/fr\/wp-json\/wp\/v2\/posts\/49730","targetHints":{"allow":["GET"]}}],"collection":[{"href":"https:\/\/www.europesays.com\/fr\/wp-json\/wp\/v2\/posts"}],"about":[{"href":"https:\/\/www.europesays.com\/fr\/wp-json\/wp\/v2\/types\/post"}],"author":[{"embeddable":true,"href":"https:\/\/www.europesays.com\/fr\/wp-json\/wp\/v2\/users\/2"}],"replies":[{"embeddable":true,"href":"https:\/\/www.europesays.com\/fr\/wp-json\/wp\/v2\/comments?post=49730"}],"version-history":[{"count":0,"href":"https:\/\/www.europesays.com\/fr\/wp-json\/wp\/v2\/posts\/49730\/revisions"}],"wp:featuredmedia":[{"embeddable":true,"href":"https:\/\/www.europesays.com\/fr\/wp-json\/wp\/v2\/media\/49731"}],"wp:attachment":[{"href":"https:\/\/www.europesays.com\/fr\/wp-json\/wp\/v2\/media?parent=49730"}],"wp:term":[{"taxonomy":"category","embeddable":true,"href":"https:\/\/www.europesays.com\/fr\/wp-json\/wp\/v2\/categories?post=49730"},{"taxonomy":"post_tag","embeddable":true,"href":"https:\/\/www.europesays.com\/fr\/wp-json\/wp\/v2\/tags?post=49730"}],"curies":[{"name":"wp","href":"https:\/\/api.w.org\/{rel}","templated":true}]}}