{"id":497300,"date":"2025-10-29T08:43:12","date_gmt":"2025-10-29T08:43:12","guid":{"rendered":"https:\/\/www.europesays.com\/fr\/497300\/"},"modified":"2025-10-29T08:43:12","modified_gmt":"2025-10-29T08:43:12","slug":"grenoble-tient-guingamp-en-echec-un-bon-point-de-gagne","status":"publish","type":"post","link":"https:\/\/www.europesays.com\/fr\/497300\/","title":{"rendered":"Grenoble tient Guingamp en \u00e9chec, un bon point de gagn\u00e9"},"content":{"rendered":"<p>\t\t\t\t\t\t\t\t\t\t\t<img loading=\"lazy\" decoding=\"async\" width=\"1280\" title=\"Grenoble tient Guingamp en \u00e9chec, un bon point de gagn\u00e9\" class=\"img-fluid  mb-3\" src=\"https:\/\/grandgrenoble.alpes1.com\/media\/news\/grenoble-tient-guingamp-en-echec-un-bon-point-de-gagne_6901ceaf86435.webp\" alt=\"Grenoble tient Guingamp en \u00e9chec, un bon point de gagn\u00e9\" itemprop=\"image\" height=\"720\"\/>\t\t\t\t\t\t\t\t\t\t\t\t<\/p>\n<p>Grenoble tient Guingamp en \u00e9chec, un bon point de gagn\u00e9 &#8211; DR<\/p>\n<p itemprop=\"description\"><strong>Match nul entre le GF38 et l\u2019EAG lors de cette 12\u00e8me journ\u00e9e de Ligue 1 (0-0).<\/strong><\/p>\n<p>Un r\u00e9sultat vierge, des statistiques relativement \u00e9quilibr\u00e9es avec une possession de 40% pour Grenoble, des tirs des deux c\u00f4t\u00e9s et un petit pas au classement pour les deux formations.<\/p>\n<p>Apr\u00e8s une premi\u00e8re mi-temps marqu\u00e9e par une domination st\u00e9rile de Guingamp, Grenoble tient bon et valide une \u00e9galit\u00e9.\u00a0<\/p>\n<p>Alors que les Bretons peuvent \u00eatre frustr\u00e9s, ce sont aussi les hommes de Franck Rizzetto qui peuvent s\u2019en vouloir de ne pas avoir \u00e9t\u00e9 adroits. Avec 61% des duels remport\u00e9s, la d\u00e9fense et la hargne \u00e9tait au rendez-vous du c\u00f4t\u00e9 des pensionnaires du Stade des Alpes.<\/p>\n<p>Seconde rencontre sans le moindre but de rang pour le GF38, mais une 15\u00e8me place consolid\u00e9e avec ce onzi\u00e8me point enregistr\u00e9.\u00a0<\/p>\n<p>Grenoble se d\u00e9placera \u00e0 Amiens samedi prochain \u00e0 14h. Seulement quatre points s\u00e9parent les deux formations. Une opportunit\u00e9 r\u00eav\u00e9e pour Grenoble pour revenir au classement.<\/p>\n<blockquote class=\"twitter-tweet\"><p>&#13;<\/p>\n<p dir=\"ltr\" lang=\"fr\">\ud83d\udd1a Fin du match au Stade des Alpes.<\/p>\n<p>Le GF38 et l\u2019En Avant Guingamp se quittent sur un score de 0-0.<a href=\"https:\/\/twitter.com\/hashtag\/GF38EAG?src=hash&amp;ref_src=twsrc%5Etfw\" target=\"_blank\" rel=\"noopener\">#GF38EAG<\/a> <a href=\"https:\/\/t.co\/5t9GE82Fqt\">pic.twitter.com\/5t9GE82Fqt<\/a><\/p>\n<p>&#13;<br \/>\n\u2014 Grenoble Foot 38 (@GF38_Officiel) <a href=\"https:\/\/twitter.com\/GF38_Officiel\/status\/1983283706669433065?ref_src=twsrc%5Etfw\" target=\"_blank\" rel=\"noopener\">October 28, 2025<\/a><\/p><\/blockquote>\n<p>\t\t\t\t\t\t\t\t\t\t\t\t\t\t\t\t\t\t\t<script async src=\"https:\/\/platform.twitter.com\/widgets.js\" charset=\"utf-8\"><\/script><\/p>\n","protected":false},"excerpt":{"rendered":"Grenoble tient Guingamp en \u00e9chec, un bon point de gagn\u00e9 &#8211; DR Match nul entre le GF38 et&hellip;\n","protected":false},"author":2,"featured_media":497301,"comment_status":"","ping_status":"","sticky":false,"template":"","format":"standard","meta":{"footnotes":""},"categories":[9566],"tags":[1111,11,7733,8279,2430,7736,650,7734,2889,2263,1777,674,1011,27,2731,8280,6417,1114,108,4662,12,3725,1825,25,7737],"class_list":{"0":"post-497300","1":"post","2":"type-post","3":"status-publish","4":"format-standard","5":"has-post-thumbnail","7":"category-grenoble","8":"tag-actu","9":"tag-actualites","10":"tag-alpes","11":"tag-alpes1","12":"tag-auvergne-rhone-alpes","13":"tag-cds","14":"tag-cinema","15":"tag-ecoute","16":"tag-emission","17":"tag-equipe","18":"tag-eu","19":"tag-europe","20":"tag-fr","21":"tag-france","22":"tag-grenoble","23":"tag-haute","24":"tag-information","25":"tag-infos","26":"tag-isere","27":"tag-journal","28":"tag-news","29":"tag-podcast","30":"tag-radio","31":"tag-republique-francaise","32":"tag-winamp"},"share_on_mastodon":{"url":"https:\/\/pubeurope.com\/@fr\/115456573748533586","error":""},"_links":{"self":[{"href":"https:\/\/www.europesays.com\/fr\/wp-json\/wp\/v2\/posts\/497300","targetHints":{"allow":["GET"]}}],"collection":[{"href":"https:\/\/www.europesays.com\/fr\/wp-json\/wp\/v2\/posts"}],"about":[{"href":"https:\/\/www.europesays.com\/fr\/wp-json\/wp\/v2\/types\/post"}],"author":[{"embeddable":true,"href":"https:\/\/www.europesays.com\/fr\/wp-json\/wp\/v2\/users\/2"}],"replies":[{"embeddable":true,"href":"https:\/\/www.europesays.com\/fr\/wp-json\/wp\/v2\/comments?post=497300"}],"version-history":[{"count":0,"href":"https:\/\/www.europesays.com\/fr\/wp-json\/wp\/v2\/posts\/497300\/revisions"}],"wp:featuredmedia":[{"embeddable":true,"href":"https:\/\/www.europesays.com\/fr\/wp-json\/wp\/v2\/media\/497301"}],"wp:attachment":[{"href":"https:\/\/www.europesays.com\/fr\/wp-json\/wp\/v2\/media?parent=497300"}],"wp:term":[{"taxonomy":"category","embeddable":true,"href":"https:\/\/www.europesays.com\/fr\/wp-json\/wp\/v2\/categories?post=497300"},{"taxonomy":"post_tag","embeddable":true,"href":"https:\/\/www.europesays.com\/fr\/wp-json\/wp\/v2\/tags?post=497300"}],"curies":[{"name":"wp","href":"https:\/\/api.w.org\/{rel}","templated":true}]}}